{"id":1107,"date":"2020-11-04T18:21:42","date_gmt":"2020-11-04T15:21:42","guid":{"rendered":"http:\/\/mersinekonomipolitikagazetesi.com\/?p=1107"},"modified":"2020-11-04T18:21:42","modified_gmt":"2020-11-04T15:21:42","slug":"engelliler-basketbol-karsilasmasinda-dostluk-kazandi","status":"publish","type":"post","link":"https:\/\/akdenizolaygazetesi.com\/?p=1107","title":{"rendered":"Engelliler basketbol kar\u015f\u0131la\u015fmas\u0131nda dostluk kazand\u0131"},"content":{"rendered":"<p>Mersin B\u00fcy\u00fck\u015fehir Belediyesi taraf\u0131ndan d\u00fczenlenen 10. Geleneksel Mersin Engelliler Haftas\u0131 \u015e\u00f6leni kapsam\u0131nda Mersin B\u00fcy\u00fck\u015fehir Belediyesi Tekerlekli Sandalye Basketbol Tak\u0131m\u0131 ile Mersin Engelliler Sanat ve Spor Kul\u00fcb\u00fc aras\u0131nda dostluk ma\u00e7\u0131 d\u00fczenlendi.<\/p>\n<p>Edip Buran Spor Salonu\u2019nda ger\u00e7ekle\u015ftirilen ve \u00f6\u011frencilerin kat\u0131ld\u0131\u011f\u0131 dostluk ma\u00e7\u0131n\u0131, Mersin Vali Yard\u0131mc\u0131s\u0131 Mahmut Halal, Mersin B\u00fcy\u00fck\u015fehir Belediyesi Genel Sekreter Yard\u0131mc\u0131s\u0131 Mustafa Kemal \u00c7okako\u011flu, Mersin Gen\u00e7lik Hizmetleri ve Spor \u0130l M\u00fcd\u00fcr\u00fc \u015eaban G\u00fcne\u015f, Mersin Engelli Sanat ve Spor Kul\u00fcb\u00fc Ba\u015fkan\u0131 Aynur Olga\u00e7 da izledi. Dostluk ma\u00e7\u0131 \u00f6ncesinde Mersin B\u00fcy\u00fck\u015fehir Belediyesi Bando Tak\u0131m\u0131 mini bir konser verdi.<br \/>\nGenel Sekreter Yard\u0131mc\u0131s\u0131 \u00c7okako\u011flu\u2019nun konu\u015fmas\u0131n\u0131n ard\u0131ndan ger\u00e7ekle\u015ftirilen basketbol m\u00fcsabakas\u0131nda k\u0131yas\u0131ya m\u00fccadele eden engelli basketbolcular, g\u00f6sterdikleri performansla izleyicileri kendilerine hayran b\u0131rakt\u0131. Engelli basketbolcular\u0131n m\u00fccadelesini izlerken heyecanlanan \u00f6\u011frenciler, tezah\u00fcratlarla engelli abilerine destek oldu.<br \/>\nM\u00fcsabakan\u0131n ilk devre aras\u0131nda \u0130bni Sina \u00d6zel E\u011fitim Meslek Lisesi\u2019nde e\u011fitim g\u00f6ren i\u015fitme engelli \u00f6\u011frencilerin ger\u00e7ekle\u015ftirdi\u011fi step g\u00f6sterisi de \u00f6\u011frencilerden b\u00fcy\u00fck be\u011feni toplad\u0131. Etkinli\u011fin sonunda her iki tak\u0131m da kupalar\u0131n\u0131 al\u0131rken, Mersin B\u00fcy\u00fck\u015fehir Belediyesi\u2019nde basketbol kursunu tamamlayan zihinsel engelli kursiyerlere kat\u0131l\u0131m sertifikas\u0131 verildi.<\/p>\n","protected":false},"excerpt":{"rendered":"<p>Mersin B\u00fcy\u00fck\u015fehir Belediyesi taraf\u0131ndan d\u00fczenlenen 10. Geleneksel Mersin Engelliler Haftas\u0131 \u015e\u00f6leni kapsam\u0131nda Mersin B\u00fcy\u00fck\u015fehir Belediyesi Tekerlekli Sandalye Basketbol Tak\u0131m\u0131 ile Mersin Engelliler Sanat ve Spor Kul\u00fcb\u00fc aras\u0131nda dostluk ma\u00e7\u0131 d\u00fczenlendi. &hellip; <a href=\"https:\/\/akdenizolaygazetesi.com\/?p=1107\" class=\"more-link\">Devam\u0131n\u0131 Oku&#8230;<\/a><\/p>\n","protected":false},"author":1,"featured_media":0,"comment_status":"open","ping_status":"open","sticky":false,"template":"","format":"standard","meta":[],"categories":[],"tags":[],"_links":{"self":[{"href":"https:\/\/akdenizolaygazetesi.com\/index.php?rest_route=\/wp\/v2\/posts\/1107"}],"collection":[{"href":"https:\/\/akdenizolaygazetesi.com\/index.php?rest_route=\/wp\/v2\/posts"}],"about":[{"href":"https:\/\/akdenizolaygazetesi.com\/index.php?rest_route=\/wp\/v2\/types\/post"}],"author":[{"embeddable":true,"href":"https:\/\/akdenizolaygazetesi.com\/index.php?rest_route=\/wp\/v2\/users\/1"}],"replies":[{"embeddable":true,"href":"https:\/\/akdenizolaygazetesi.com\/index.php?rest_route=%2Fwp%2Fv2%2Fcomments&post=1107"}],"version-history":[{"count":0,"href":"https:\/\/akdenizolaygazetesi.com\/index.php?rest_route=\/wp\/v2\/posts\/1107\/revisions"}],"wp:attachment":[{"href":"https:\/\/akdenizolaygazetesi.com\/index.php?rest_route=%2Fwp%2Fv2%2Fmedia&parent=1107"}],"wp:term":[{"taxonomy":"category","embeddable":true,"href":"https:\/\/akdenizolaygazetesi.com\/index.php?rest_route=%2Fwp%2Fv2%2Fcategories&post=1107"},{"taxonomy":"post_tag","embeddable":true,"href":"https:\/\/akdenizolaygazetesi.com\/index.php?rest_route=%2Fwp%2Fv2%2Ftags&post=1107"}],"curies":[{"name":"wp","href":"https:\/\/api.w.org\/{rel}","templated":true}]}}