{"id":11081,"date":"2021-03-02T17:23:24","date_gmt":"2021-03-02T14:23:24","guid":{"rendered":"http:\/\/akdenizolaygazetesi.com\/?p=11081"},"modified":"2021-03-02T17:23:24","modified_gmt":"2021-03-02T14:23:24","slug":"baskan-secer-is-dunyasi-ile-bulustu","status":"publish","type":"post","link":"https:\/\/akdenizolaygazetesi.com\/?p=11081","title":{"rendered":"BA\u015eKAN SE\u00c7ER, \u0130\u015e D\u00dcNYASI \u0130LE BULU\u015eTU"},"content":{"rendered":"<p>Mersin\u2019in ekonomisine y\u00f6n veren, kentin geli\u015fip kalk\u0131nmas\u0131nda \u00f6nemli role sahip i\u015f d\u00fcnyas\u0131n\u0131n kurum ve kurulu\u015flar\u0131n\u0131n temsilcileri, Mersin B\u00fcy\u00fck\u015fehir Belediye Ba\u015fkan\u0131 Vahap Se\u00e7er \u00f6nc\u00fcl\u00fc\u011f\u00fcnde bir araya geldi.<\/p>\n<p>Ekonomik ve sosyal a\u00e7\u0131dan Mersin\u2019e \u00f6nemli katk\u0131lar sa\u011flayan oda, borsa, dernek ve birlik gibi kurum ve kurulu\u015flar\u0131n ba\u015fkanlar\u0131n\u0131n kat\u0131l\u0131m\u0131yla ger\u00e7ekle\u015fen bulu\u015fmada, Mersin\u2019de merkezi h\u00fck\u00fcmet ve B\u00fcy\u00fck\u015fehir\u2019in yapt\u0131\u011f\u0131 hizmet ve yat\u0131r\u0131mlara dair konular konu\u015fuldu.<\/p>\n<p>\u00d6nemli de\u011ferlendirmeler ve fikir al\u0131\u015fveri\u015finin yap\u0131ld\u0131\u011f\u0131 toplant\u0131da; \u00c7ukurova B\u00f6lgesel Havaalan\u0131, \u00c7e\u015fmeli-Ta\u015fucu otoyol projesinin yan\u0131 s\u0131ra, mahkemeden \u00c7ED olumlu raporu hakk\u0131nda y\u00fcr\u00fctmeyi durdurma karar\u0131 \u00e7\u0131kan polipropilen tesisi, Mersin Liman\u0131\u2019n\u0131n geni\u015flemesi, Davultepe\u2019de kurulmak istenen k\u00fc\u00e7\u00fck sanayi sitesi, metro ve kentte ula\u015f\u0131m\u0131 rahatlatacak projeler ile bisiklet yolu gibi konular masaya yat\u0131r\u0131ld\u0131.<\/p>\n<p>Kentin \u00f6nemli akt\u00f6rleri ile bir araya gelmenin memnuniyetini ifade eden Ba\u015fkan Se\u00e7er, Mersin\u2019in gelece\u011fi i\u00e7in kent dinamikleriyle birlikte hareket etmenin \u00f6nemine dikkat \u00e7ekti.  G\u00f6reve geldi\u011fi g\u00fcnden bu yana yapt\u0131klar\u0131 hizmetlerle Mersin\u2019in gelece\u011fini \u015fekillendirmeyi ama\u00e7lad\u0131klar\u0131n\u0131 belirten Ba\u015fkan Se\u00e7er, Mersin\u2019e de\u011fer katmak i\u00e7in ilgilisiyle her konuda fikir al\u0131\u015fveri\u015finde bulunduklar\u0131n\u0131, bunun da \u00fcretilen hizmetlere yans\u0131t\u0131ld\u0131\u011f\u0131n\u0131 vurgulad\u0131.<\/p>\n<p>TMMOB ba\u011fl\u0131 odalar\u0131n \u015fube ba\u015fkanlar\u0131n\u0131n olu\u015fturdu\u011fu \u0130l Koordinasyon Kurulu ile ge\u00e7ti\u011fimiz g\u00fcnlerde bir araya gelen Ba\u015fkan Se\u00e7er, \u00f6n\u00fcm\u00fczdeki s\u00fcre\u00e7te de kentin di\u011fer dinamikleriyle bir araya gelerek g\u00f6r\u00fc\u015f al\u0131\u015fveri\u015finde bulunmay\u0131 s\u00fcrd\u00fcreceklerini bildirdi.<\/p>\n","protected":false},"excerpt":{"rendered":"<p>Mersin\u2019in ekonomisine y\u00f6n veren, kentin geli\u015fip kalk\u0131nmas\u0131nda \u00f6nemli role sahip i\u015f d\u00fcnyas\u0131n\u0131n kurum ve kurulu\u015flar\u0131n\u0131n temsilcileri, Mersin B\u00fcy\u00fck\u015fehir Belediye Ba\u015fkan\u0131 Vahap Se\u00e7er \u00f6nc\u00fcl\u00fc\u011f\u00fcnde bir araya geldi. Ekonomik ve sosyal a\u00e7\u0131dan &hellip; <a href=\"https:\/\/akdenizolaygazetesi.com\/?p=11081\" class=\"more-link\">Devam\u0131n\u0131 Oku&#8230;<\/a><\/p>\n","protected":false},"author":2,"featured_media":11082,"comment_status":"open","ping_status":"open","sticky":false,"template":"","format":"standard","meta":[],"categories":[8,34,1,2,3,5],"tags":[],"_links":{"self":[{"href":"https:\/\/akdenizolaygazetesi.com\/index.php?rest_route=\/wp\/v2\/posts\/11081"}],"collection":[{"href":"https:\/\/akdenizolaygazetesi.com\/index.php?rest_route=\/wp\/v2\/posts"}],"about":[{"href":"https:\/\/akdenizolaygazetesi.com\/index.php?rest_route=\/wp\/v2\/types\/post"}],"author":[{"embeddable":true,"href":"https:\/\/akdenizolaygazetesi.com\/index.php?rest_route=\/wp\/v2\/users\/2"}],"replies":[{"embeddable":true,"href":"https:\/\/akdenizolaygazetesi.com\/index.php?rest_route=%2Fwp%2Fv2%2Fcomments&post=11081"}],"version-history":[{"count":1,"href":"https:\/\/akdenizolaygazetesi.com\/index.php?rest_route=\/wp\/v2\/posts\/11081\/revisions"}],"predecessor-version":[{"id":11083,"href":"https:\/\/akdenizolaygazetesi.com\/index.php?rest_route=\/wp\/v2\/posts\/11081\/revisions\/11083"}],"wp:featuredmedia":[{"embeddable":true,"href":"https:\/\/akdenizolaygazetesi.com\/index.php?rest_route=\/wp\/v2\/media\/11082"}],"wp:attachment":[{"href":"https:\/\/akdenizolaygazetesi.com\/index.php?rest_route=%2Fwp%2Fv2%2Fmedia&parent=11081"}],"wp:term":[{"taxonomy":"category","embeddable":true,"href":"https:\/\/akdenizolaygazetesi.com\/index.php?rest_route=%2Fwp%2Fv2%2Fcategories&post=11081"},{"taxonomy":"post_tag","embeddable":true,"href":"https:\/\/akdenizolaygazetesi.com\/index.php?rest_route=%2Fwp%2Fv2%2Ftags&post=11081"}],"curies":[{"name":"wp","href":"https:\/\/api.w.org\/{rel}","templated":true}]}}