{"id":11084,"date":"2021-03-02T17:26:29","date_gmt":"2021-03-02T14:26:29","guid":{"rendered":"http:\/\/akdenizolaygazetesi.com\/?p=11084"},"modified":"2021-03-02T17:26:29","modified_gmt":"2021-03-02T14:26:29","slug":"baskan-yilmazdan-arslankoylu-hemsehrilerine-vefa-mektubu","status":"publish","type":"post","link":"https:\/\/akdenizolaygazetesi.com\/?p=11084","title":{"rendered":"BA\u015eKAN YILMAZ&#8217;DAN, ARSLANK\u00d6YL\u00dc HEM\u015eEHR\u0130LER\u0130NE &#8220;VEFA&#8221; MEKTUBU"},"content":{"rendered":"<p>Toroslar Belediye Ba\u015fkan\u0131 Ats\u0131z Af\u015f\u0131n Y\u0131lmaz, Arslank\u00f6y&#8217;\u00fcn D\u00fc\u015fman \u0130\u015fgali&#8217;nden Kurtulu\u015fu&#8217;nun 101. y\u0131l d\u00f6n\u00fcm\u00fc dolay\u0131s\u0131yla Arslank\u00f6yl\u00fc hem\u015fehrilerine bir mektup g\u00f6nderdi.<\/p>\n<p>Ba\u015fkan Y\u0131lmaz&#8217;\u0131n kaleme ald\u0131\u011f\u0131 mektup, belediye personeli taraf\u0131ndan Arslank\u00f6y Mahalle sakinlerine elden teslim edildi.<\/p>\n<p>101 y\u0131l \u00f6nce dayan\u0131\u015fman\u0131n, birlik ve beraberli\u011fin en g\u00fczel \u00f6rne\u011fini sergileyen Arslank\u00f6y halk\u0131n\u0131n ya\u015fatt\u0131\u011f\u0131 kurtulu\u015f gururunu anlatan te\u015fekk\u00fcr mektubu, Kuvayi Milliye m\u00fccadelesinde kan veren, can veren t\u00fcm kahramanlar\u0131n \u00e7ocuklar\u0131na ve torunlar\u0131na hitaben ev ev, kap\u0131 kap\u0131 dola\u015f\u0131larak tek tek takdim edildi.<\/p>\n<p>D\u00f6nemin askeri k\u0131yafetleriyle vatanda\u015flara milli m\u00fccadelenin simgesi kalpak ve lokum da hediye edilirken, Ba\u015fkan Y\u0131lmaz&#8217;\u0131n bu anlaml\u0131  mektubu ise Arslank\u00f6yl\u00fcleri duyguland\u0131rd\u0131.<\/p>\n<p>Kalpaklar\u0131 tak\u0131p, kendileri i\u00e7in yaz\u0131lm\u0131\u015f olan mektubu okuyan vatanda\u015flar, Ba\u015fkan Y\u0131lmaz&#8217;a te\u015fekk\u00fcr etti ve 1 Mart Arslank\u00f6y&#8217;\u00fcn kurtulu\u015funun gururunu ya\u015fad\u0131klar\u0131n\u0131 s\u00f6yledi.<\/p>\n<p>&#8220;En B\u00fcy\u00fck G\u00fcc\u00fcm\u00fcz, Birlik ve Beraberli\u011fimiz&#8221;<\/p>\n<p>Mektubunda birlik ve beraberlik vurgusu yapan Ba\u015fkan Y\u0131lmaz, tarihi iyi bilmenin ve bu \u015fuuru gelecek nesillere aktarman\u0131n \u00f6nemli oldu\u011funa dikkat \u00e7ekerek \u015fu ifadeleri kulland\u0131; &#8220;De\u011ferli Hem\u015fehrilerim, \u00dcstad Mehmet Akif Ersoy ne g\u00fczel s\u00f6ylemi\u015fti: &#8220;Zannetme ki ecd\u00e2d\u0131n as\u0131rlarca uyurdu; nerden bulacakt\u0131n o zaman eldeki yurdu?&#8221; Ecdad\u0131m\u0131z\u0131n Anadolu&#8217;da yazd\u0131\u011f\u0131 kurtulu\u015f destan\u0131nda imzas\u0131 bulunan kahramanlar diyar\u0131 Arslank\u00f6y\u00fcm\u00fcz\u00fcn d\u00fc\u015fman i\u015fgalinden kurtulu\u015funun 101. y\u0131l d\u00f6n\u00fcm\u00fcn\u00fc kutlaman\u0131n mutlulu\u011funu ya\u015f\u0131yoruz. Bu topraklar \u015fehitlerimizin kanlar\u0131yla, milletimizin inanc\u0131yla, analar\u0131n dualar\u0131yla bizlere vatan olmu\u015ftur. 101 y\u0131l \u00f6nce  kad\u0131n\u0131, erke\u011fi, genci, ya\u015fl\u0131s\u0131yla Arslank\u00f6y\u00fcm\u00fcz\u00fcn vatansever ve cefakar insanlar\u0131, ba\u011f\u0131ms\u0131zl\u0131k m\u00fccadelesinde t\u00fcm zorluklara ra\u011fmen ordumuzla bir olup d\u00fc\u015fman\u0131n ihanetine en g\u00fczel \u015fekilde cevap vermesini bilmi\u015f ve bize bug\u00fcn\u00fcn gururunu ya\u015fatm\u0131\u015ft\u0131r. Cumhuriyetimizin kurucusu Ulu \u00d6nderimiz Gazi Mustafa Kemal Atat\u00fcrk&#8217;\u00fcn; &#8220;Gidip Toros da\u011flar\u0131na bak\u0131n, e\u011fer orada bir tek Y\u00f6r\u00fck \u00e7ad\u0131r\u0131 g\u00f6r\u00fcrseniz ve o \u00e7ad\u0131rda bir duman t\u00fct\u00fcyorsa, \u015funu \u00e7ok iyi biliniz ki, bu d\u00fcnyada hi\u00e7bir g\u00fc\u00e7 ve kuvvet asla bizi yenemez&#8221; s\u00f6z\u00fc bizlere her zaman yol g\u00f6sterici ve inan\u00e7 kayna\u011f\u0131 olmu\u015ftur. \u0130\u00e7inden ge\u00e7ti\u011fimiz bu zorlu g\u00fcnler gelip ge\u00e7icidir. \u00c7\u00fcnk\u00fc T\u00fcrk Milleti her zaman, her ko\u015fulda zafere ula\u015fabilmi\u015f, \u015fanl\u0131 bayra\u011f\u0131m\u0131z\u0131 dalgaland\u0131rm\u0131\u015ft\u0131r.Vatan; toprakt\u0131r, \u00e7at\u0131m\u0131zd\u0131r, varl\u0131\u011f\u0131m\u0131zd\u0131r. T\u00fcrkiye bizim evimiz, Mersin bizim evimiz, Arslank\u00f6y bizim evimizdir! T\u00fcrkiye b\u00fct\u00fcn renkleriyle b\u00fcy\u00fck bir devlettir, T\u00fcrk Milleti b\u00fcy\u00fck bir millettir. G\u00fcn bir olma, beraber olma, birlikte ayn\u0131 cephede, ayn\u0131 \u015fuur ve ruhta bulu\u015fma g\u00fcn\u00fcd\u00fcr. Mersin&#8217;de Kuvayi Milliye m\u00fccadelesinin ba\u015flad\u0131\u011f\u0131 yer olarak tarihe ge\u00e7en ve kahramanl\u0131k destan\u0131 yazan Arslank\u00f6y\u00fcm\u00fcz\u00fcn kurtulu\u015funun 101.y\u0131l\u0131n\u0131 kutluyor, vatan u\u011fruna m\u00fccadele eden t\u00fcm kahramanlar\u0131m\u0131z\u0131 minnetle an\u0131yorum.&#8221;<\/p>\n","protected":false},"excerpt":{"rendered":"<p>Toroslar Belediye Ba\u015fkan\u0131 Ats\u0131z Af\u015f\u0131n Y\u0131lmaz, Arslank\u00f6y&#8217;\u00fcn D\u00fc\u015fman \u0130\u015fgali&#8217;nden Kurtulu\u015fu&#8217;nun 101. y\u0131l d\u00f6n\u00fcm\u00fc dolay\u0131s\u0131yla Arslank\u00f6yl\u00fc hem\u015fehrilerine bir mektup g\u00f6nderdi. Ba\u015fkan Y\u0131lmaz&#8217;\u0131n kaleme ald\u0131\u011f\u0131 mektup, belediye personeli taraf\u0131ndan Arslank\u00f6y Mahalle sakinlerine &hellip; <a href=\"https:\/\/akdenizolaygazetesi.com\/?p=11084\" class=\"more-link\">Devam\u0131n\u0131 Oku&#8230;<\/a><\/p>\n","protected":false},"author":2,"featured_media":11085,"comment_status":"open","ping_status":"open","sticky":false,"template":"","format":"standard","meta":[],"categories":[34,1,2,3,5],"tags":[],"_links":{"self":[{"href":"https:\/\/akdenizolaygazetesi.com\/index.php?rest_route=\/wp\/v2\/posts\/11084"}],"collection":[{"href":"https:\/\/akdenizolaygazetesi.com\/index.php?rest_route=\/wp\/v2\/posts"}],"about":[{"href":"https:\/\/akdenizolaygazetesi.com\/index.php?rest_route=\/wp\/v2\/types\/post"}],"author":[{"embeddable":true,"href":"https:\/\/akdenizolaygazetesi.com\/index.php?rest_route=\/wp\/v2\/users\/2"}],"replies":[{"embeddable":true,"href":"https:\/\/akdenizolaygazetesi.com\/index.php?rest_route=%2Fwp%2Fv2%2Fcomments&post=11084"}],"version-history":[{"count":1,"href":"https:\/\/akdenizolaygazetesi.com\/index.php?rest_route=\/wp\/v2\/posts\/11084\/revisions"}],"predecessor-version":[{"id":11086,"href":"https:\/\/akdenizolaygazetesi.com\/index.php?rest_route=\/wp\/v2\/posts\/11084\/revisions\/11086"}],"wp:featuredmedia":[{"embeddable":true,"href":"https:\/\/akdenizolaygazetesi.com\/index.php?rest_route=\/wp\/v2\/media\/11085"}],"wp:attachment":[{"href":"https:\/\/akdenizolaygazetesi.com\/index.php?rest_route=%2Fwp%2Fv2%2Fmedia&parent=11084"}],"wp:term":[{"taxonomy":"category","embeddable":true,"href":"https:\/\/akdenizolaygazetesi.com\/index.php?rest_route=%2Fwp%2Fv2%2Fcategories&post=11084"},{"taxonomy":"post_tag","embeddable":true,"href":"https:\/\/akdenizolaygazetesi.com\/index.php?rest_route=%2Fwp%2Fv2%2Ftags&post=11084"}],"curies":[{"name":"wp","href":"https:\/\/api.w.org\/{rel}","templated":true}]}}