{"id":11087,"date":"2021-03-02T18:03:39","date_gmt":"2021-03-02T15:03:39","guid":{"rendered":"http:\/\/akdenizolaygazetesi.com\/?p=11087"},"modified":"2021-03-02T18:03:39","modified_gmt":"2021-03-02T15:03:39","slug":"gozne-sakinleri-doga-talanina-dur-diyor","status":"publish","type":"post","link":"https:\/\/akdenizolaygazetesi.com\/?p=11087","title":{"rendered":"G\u00d6ZNE SAK\u0130NLER\u0130 DO\u011eA TALANINA DUR D\u0130YOR..!"},"content":{"rendered":"<p>G\u00f6zne Mahallesinde yap\u0131lmas\u0131 planlanan ta\u015f oca\u011f\u0131na tepki g\u00f6steren y\u00f6re sakini vatanda\u015flar, sivil toplum \u00f6rg\u00fctleri temsilcileri ve mahalle muhtarlar\u0131 ortak bir bas\u0131n a\u00e7\u0131klamas\u0131 d\u00fczenledi. A\u00e7\u0131klamaya AYDER, G\u00f6zne&#8217;yi Sevenler Derne\u011fi, Y\u00f6r\u00fck Derne\u011fi , Mersin \u00c7evre ve Do\u011fa Derne\u011fi, G\u00f6zne Mahallesi Muhtar\u0131, Ayvagedi\u011fi Mahallesi Muhtar\u0131, Dar\u0131sekisi Mahallesi Muhtar\u0131 ve \u00e7ok say\u0131da vatanda\u015f kat\u0131ld\u0131.<\/p>\n<p>&#8221;ZEYT\u0130N A\u011eA\u00c7LARI, KATRAN A\u011eA\u00c7LARI, KATRAN A\u011eA\u00c7LARI YOK OLACAK&#8221;<\/p>\n<p>G\u00f6zne&#8217;yi Sevenler Derne\u011fi Ba\u015fkan\u0131 Hayrettin Zengin, konu\u015fmas\u0131nda burada ki toplanma ama\u00e7lar\u0131n\u0131n ta\u015f oca\u011f\u0131n\u0131n yap\u0131lmas\u0131n\u0131 engellemek oldu\u011funu vurgulad\u0131<\/p>\n<p>Zengin, konu\u015fmas\u0131nda \u015fu c\u00fcmleleri kulland\u0131: &#8221;Bu konuda arkada\u015flar\u0131m\u0131z\u0131n destekleriyle ilerlemeye \u00e7al\u0131\u015f\u0131yoruz. Bu ta\u015f oca\u011f\u0131 a\u00e7\u0131l\u0131rsa en b\u00fcy\u00fck zararlar\u0131 G\u00f6zne halk\u0131, Ayvagedi\u011fi halk\u0131 , So\u011fucak halk\u0131, Bekiralan\u0131 halk\u0131, Dar\u0131sekisi halk\u0131 g\u00f6recektir. \u00c7\u00fcnk\u00fc herhangi bir patlamada, illa ki patlama olacakt\u0131r. Bu sayd\u0131\u011f\u0131m\u0131z mahallelerin suyu kesilecek. G\u00f6zne&#8217;nin zaten suyu kesilmi\u015f durumda \u015fu an ki var olan ta\u015f oca\u011f\u0131n&#8217;dan  dolay\u0131. \u015eimdi biz bunlara kar\u015f\u0131y\u0131z. Buralarda mera sahas\u0131 kalmad\u0131. Ta\u015f oca\u011f\u0131 olmayan yerlerde \u00f6zel a\u011fa\u00e7land\u0131rmaya a\u00e7\u0131ld\u0131. Davar g\u00fcdecek yer kalmad\u0131. \u0130nsanlar, mahalle aralar\u0131nda hayvanlar\u0131n\u0131 otlat\u0131yorlar. \u015eimdi burada ta\u015f oca\u011f\u0131 a\u00e7\u0131lacak yerlerde zeytin a\u011fa\u00e7lar\u0131 yok olacak, katran a\u011fa\u00e7lar\u0131, and\u0131z a\u011fa\u00e7lar\u0131 yok olacak. And\u0131z pekmezi yapamaz duruma gelece\u011fiz. D\u0131\u015far\u0131ya bir \u00e7ama\u015f\u0131r seremeyece\u011fiz. \u00c7\u00fcnk\u00fc her taraf toz toprak olacak. Hayvan beslenemeyecek \u00e7\u00fcnk\u00fc orman kalmad\u0131. Nefes almak istiyoruz; k\u0131s\u0131tlan\u0131yor. Bunun i\u00e7in buralara ta\u015f oca\u011f\u0131 kurulmas\u0131n\u0131 istemiyoruz. Mevcut var olan ta\u015f oca\u011f\u0131n\u0131&#8217;da istemiyoruz. Hepimiz zarar g\u00f6rece\u011fiz \u00e7\u00fcnk\u00fc.&#8221;<\/p>\n<p>&#8221;HAYVANLARIMIZI YET\u0130\u015eT\u0130RECEK YER BULAMIYORUZ&#8221;<\/p>\n<p>AYDER Derne\u011fi Ba\u015fkan\u0131 Osman Kepil, konu\u015fmas\u0131nda bu b\u00f6lgede ta\u015f oca\u011f\u0131 a\u00e7\u0131l\u0131rsa ne gibi zararlar\u0131 olur? Bundan kimler etkilenir? Gibi sorular\u0131n cevaplar\u0131ndan k\u0131saca bahis etmek istedi\u011fini belirtip, &#8221; \u00d6ncelikle \u015fu g\u00f6rm\u00fc\u015f oldu\u011funuz b\u00f6lgedeki t\u00fcm evler, t\u00fcm vatanda\u015flar ve bu yol g\u00fczergah\u0131ndaki en az 10 tane k\u00f6y\u00fcm\u00fcz bu ta\u015f oca\u011f\u0131ndan etkilenecek. Biz \u00f6ncelikle do\u011fam\u0131za sahip \u00e7\u0131kal\u0131m, do\u011fay\u0131 koruyal\u0131m diyoruz. Meralar\u0131m\u0131z kalmad\u0131. Hayvanlar\u0131m\u0131z\u0131 yeti\u015ftirecek yer bulam\u0131yoruz. G\u00fcr\u00fclt\u00fcden, tozdan t\u00fcm herkes etkilenece\u011fi i\u00e7in bu ta\u015f oca\u011f\u0131na hay\u0131r diyoruz. Biz dernek olarak buna kar\u015f\u0131y\u0131z. G\u00f6zne, Ayvagedi\u011fi g\u00fczergah\u0131nda ki t\u00fcm vatanda\u015flar bundan etkilenecek. Bu sorun hepimizin sorunu. Bu b\u00f6lge, Toroslar b\u00f6lgesi oldu\u011fu i\u00e7in, Toroslar Belediye Ba\u015fkan\u0131m\u0131zdan da destek bekliyoruz. L\u00fctfen buraya sahip \u00e7\u0131kal\u0131m.&#8221; \u015feklinde konu\u015ftu.<\/p>\n<p>&#8221;TA\u015e OCA\u011eINI, ORMAN OLMAYAN YERE TA\u015eISINLAR&#8221;<\/p>\n<p>A\u00e7\u0131klamada konu\u015fma yapan G\u00f6zne Mahallesi Muhtar\u0131 \u015eevket Ta\u015fk\u0131n, konu\u015fmas\u0131nda ta\u015f oca\u011f\u0131n\u0131n sadece bu b\u00f6lgeye de\u011fil t\u00fcm Mersin&#8217; e zarar\u0131 oldu\u011funu ifade ederek, yetkililerin bu duruma dur demesini gerekti\u011fini ifade etti.<\/p>\n<p>Muhtar Ta\u015fk\u0131n, konu\u015fmas\u0131nda \u015fu c\u00fcmleleri kulland\u0131: &#8221;\u015eimdi bir \u015feye hay\u0131r demek i\u00e7in, \u00e7\u00f6z\u00fcm de \u00fcretmek gerekiyor. Biz buraya ta\u015f oca\u011f\u0131 istemiyoruz! \u00c7\u00fcnk\u00fc buralar insanlar\u0131n akci\u011feri. Adana&#8217;dan, Mersin&#8217;den insanlar buraya temiz hava almaya geliyor. Eskiden burada bir ta\u015f oca\u011f\u0131 vard\u0131, \u015fimdi kapand\u0131. \u00c7\u0131kan tozlardan dolay\u0131 orada ki sedir a\u011fa\u00e7lar\u0131n\u0131n tamam\u0131 kurudu. \u015eimdi hi\u00e7bir a\u011fa\u00e7 kalmad\u0131. Cumhurba\u015fkan\u0131m\u0131z diyor ki; &#8216; Demokrasinin temel ta\u015f\u0131 muhtarlar\u0131m\u0131zd\u0131r.&#8217; biz buna kat\u0131l\u0131yoruz. \u015eimdi buran\u0131n muhtarlar\u0131 var. A\u011fa\u00e7lar\u0131nda muhtar\u0131 var. A\u011fa\u00e7lar\u0131n Muhtar\u0131 kimdir? A\u011fa\u00e7lar\u0131n Muhtar\u0131 sedir a\u011fac\u0131d\u0131r. Burada ki do\u011fay\u0131 katledeceklerine, gitsinler orman\u0131 olmayan, s\u0131rf kaya olan yerleri kullans\u0131nlar. Bu memleketin ormana da ihtiyac\u0131 var, ta\u015f\u0131na da topra\u011f\u0131na da. Ta\u015f oca\u011f\u0131 yapmak i\u00e7in orman\u0131 kullan\u0131yorlar. Biz bunlara hay\u0131r diyoruz. Mevcut bir tane ta\u015f oca\u011f\u0131 var ama bir ba\u015fkas\u0131n\u0131 istemiyoruz biz. \u0130n\u015fallah sesimizi devlet b\u00fcy\u00fcklerimiz duyar, bize de hak verir. Yaz\u0131n burada yakla\u015f\u0131k 150 Bin n\u00fcfus ya\u015f\u0131yor. \u015eimdi g\u00f6r\u00fcyorsunuz bu mevsimde bahar havas\u0131 var. Ya\u011fmur yok, k\u0131\u015f yok, 10 cm&#8217;den fazla kar ya\u011fmad\u0131. Neden? Do\u011fa katl edildi\u011fi i\u00e7in. Orman\u0131n olmad\u0131\u011f\u0131 yerde a\u011fa\u00e7ta olmaz, suda olmaz, ya\u011f\u0131\u015fta olmaz. Bunun cezas\u0131n\u0131 sadece G\u00f6zne de\u011fil, Ayvagedi\u011fi de\u011fil, So\u011fucakl\u0131 de\u011fil, t\u00fcm Mersin halk\u0131 \u00e7ekecektir. Buna b\u00fct\u00fcn b\u00fcy\u00fcklerimizden bir \u00e7\u00f6z\u00fcm bekliyoruz. Buna in\u015fallah dur deriz. \u015euan burada 200-300 ki\u015fi varsa pandemiden dolay\u0131 fakat yaz\u0131n olsayd\u0131 bu a\u00e7\u0131klama \u015furada 3 Bin, 5 Bin ki\u015fi olurdu. Belki de 100 Bin insan olurdu burada. Hepinize kat\u0131ld\u0131\u011f\u0131n\u0131zdan dolay\u0131 te\u015fekk\u00fcr ediyorum.&#8221;<\/p>\n<p>&#8221;BU DURUM \u0130NANIN SANK\u0130 MERS\u0130N&#8217;E Y\u00d6NEL\u0130K KOMPLO G\u00d6R\u00dcNT\u00dcS\u00dc VER\u0130YOR&#8221;<\/p>\n<p>Mersin \u00c7evre ve Do\u011fa Derne\u011fi Ba\u015fkan Yard\u0131mc\u0131s\u0131 Kenan Hoplar ise, konu\u015fmas\u0131nda Mersin&#8217; de ya\u015fanan do\u011fa katliamlar\u0131n\u0131n korkun\u00e7 bir boyuta ula\u015ft\u0131\u011f\u0131n\u0131 ifade etti.<\/p>\n<p>Hoplar, konu\u015fmas\u0131nda \u015fu c\u00fcmleleri kulland\u0131:&#8221;\u0130nan\u0131n bir deh\u015fet ya\u015fan\u0131yor \u015fu an Mersin de. Korkun\u00e7 bir deh\u015fet ya\u015fan\u0131yor, biliyor musunuz? Oda \u015fu; \u0130nsan\u0131n en b\u00fcy\u00fck hakk\u0131 ya\u015fam hakk\u0131d\u0131r. Ya\u015fam hakk\u0131n\u0131n \u00fczerinde hi\u00e7bir hak yoktur. Bak\u0131yoruz Mersin&#8217;de yaln\u0131z da\u011fda de\u011fil, denizde de\u011fil, ovada de\u011fil ya\u015fam alanlar\u0131n\u0131n her taraf\u0131nda alabildi\u011fine bir sald\u0131r\u0131 ile kar\u015f\u0131 kar\u015f\u0131yay\u0131z. Bu durum inan\u0131n sanki Mersin&#8217; e y\u00f6nelik bir komplo g\u00f6r\u00fcnt\u00fcs\u00fc veriyor. Daha d\u00fcn Alata&#8217; da 4 Bin d\u00f6n\u00fcml\u00fck kamuya a\u00e7\u0131k olan bir yer talan edilmek istendi.4 Bin d\u00f6n\u00fcml\u00fck alan 83 d\u00f6n\u00fcme indirilerek gerisi \u00e7ar\u00e7ur edilmek istendi. Ona kar\u015f\u0131 duruldu. Daha d\u00fcn Davultepe&#8217;nin k\u00f6yl\u00fclerinin birinci derecede tar\u0131m topraklar\u0131, birinci derecede verimli bah\u00e7eleri adeta yok edilmek istendi. \u00c7orakt\u0131r, kurakt\u0131r diye sanayi sitesine verilmek istendi. Oysa tespit edildi\u011fi zaman, buran\u0131n d\u00fcnyan\u0131n en g\u00fczel tar\u0131m topraklar\u0131ndan biri oldu\u011fu g\u00f6r\u00fcld\u00fc. Mersin&#8221;e \u00e7ok b\u00fcy\u00fck k\u00f6t\u00fcl\u00fckler yap\u0131l\u0131yor. \u015eu anda Atat\u00fcrk Park\u0131 yok edilmek isteniyor. Bunu da belirtmek isterim. Atat\u00fcrk Park\u0131 adeta kullan\u0131lmaz hale geliyor. Deniz kenar\u0131nda halk\u0131n ya\u015fam hakk\u0131 kald\u0131r\u0131lm\u0131\u015f durumda. Zaten siteler kaplam\u0131\u015f durumda. \u015eimdide da\u011fda, do\u011fan\u0131n bir par\u00e7as\u0131 olan ve Mersin&#8217; in en \u00f6nemli dinlenme yerlerinden olan Ayvagedi\u011fi&#8217; nde, G\u00f6zne&#8217; de bu talan\u0131 g\u00f6rmek insan\u0131n i\u00e7ini burkutuyor. Yaln\u0131z sevindirici olan bir \u015fey var. De\u011ferli arkada\u015flar, Mersin B\u00fcy\u00fck\u015fehir Belediyesi Ba\u015fkan\u0131 Say\u0131n Vahap Se\u00e7er,  bu konuda son derece duyarl\u0131 bir noktaya gelmi\u015f durumda. Son derece duyarl\u0131 hareket ediyor. \u0130nan\u0131n ya\u015fam hakk\u0131yla ilgili gerekli duyarl\u0131l\u0131\u011f\u0131 g\u00f6steriyor. Bu bizim i\u00e7in \u00e7ok \u00f6nemli. Di\u011fer yerel y\u00f6neticilerinde bu durumda olmas\u0131n\u0131 isteriz.  MTSO&#8217; da bu konuda olumlu noktaya gelmi\u015f durumda. Bunu da belirtmek isterim. Sesimizi g\u00fcr bir \u015fekilde \u00e7\u0131kar\u0131rsak, t\u0131pk\u0131 Davultepe k\u00f6yl\u00fclerinin tepkileri gibi. Bak\u0131n\u0131z geri ad\u0131m atmak zorunda kald\u0131lar. Her \u015fey vatanda\u015f olarak, yurtta\u015f olarak ya\u015fam hakk\u0131m\u0131z\u0131 korumakla ilgilidir. Mersin d\u00fcnyan\u0131n en g\u00fczel co\u011frafyas\u0131na sahip iddia ediyorum. Biz bu co\u011frafyaya lay\u0131k olal\u0131m. Mersin d\u00fcnyan\u0131n en zengin tarihine, efsanevi g\u00fczelli\u011fine sahip buna sahip \u00e7\u0131kal\u0131m, duyars\u0131z kalmayal\u0131m. Yaln\u0131z burada oldu\u011fu i\u00e7in de\u011fil; buras\u0131da, ovada, denizde, limanda, parkta her \u015fey bize aittir. Hepsi bize aittir. Yeterki sahiplenmeyi bilelim. Baz\u0131 rant\u00e7\u0131lar\u0131n kurban\u0131 olmayal\u0131m. Bu duyarl\u0131l\u0131\u011f\u0131 her zaman her konuda g\u00f6rmek isteriz. Buras\u0131 hepimize ait. Ben Mersin&#8217;de oturuyorum ama; en az sizin kadar ben ayvagedik&#8217;liyim, en az sizin kadar g\u00f6zne&#8217;liyim, en az sizin kadar bu yaylalar\u0131n ve Toroslar\u0131n insan\u0131y\u0131m. Buras\u0131 bize aittir buraya lay\u0131k olmaya \u00e7al\u0131\u015fal\u0131m. Mersin \u00e7ok k\u00f6t\u00fc harcand\u0131. D\u00fcnyan\u0131n en g\u00fczel \u015fehri olmas\u0131 gerekirken \u015fu an da kirli sanayilerin, kirli yat\u0131r\u0131mlar\u0131n adeta yata\u011f\u0131 haline getirilmek isteniyor. Bu konuda herkesin deste\u011fine ihtiyac\u0131m\u0131z var. Birlik olmal\u0131y\u0131z.&#8221;<\/p>\n","protected":false},"excerpt":{"rendered":"<p>G\u00f6zne Mahallesinde yap\u0131lmas\u0131 planlanan ta\u015f oca\u011f\u0131na tepki g\u00f6steren y\u00f6re sakini vatanda\u015flar, sivil toplum \u00f6rg\u00fctleri temsilcileri ve mahalle muhtarlar\u0131 ortak bir bas\u0131n a\u00e7\u0131klamas\u0131 d\u00fczenledi. A\u00e7\u0131klamaya AYDER, G\u00f6zne&#8217;yi Sevenler Derne\u011fi, Y\u00f6r\u00fck Derne\u011fi &hellip; <a href=\"https:\/\/akdenizolaygazetesi.com\/?p=11087\" class=\"more-link\">Devam\u0131n\u0131 Oku&#8230;<\/a><\/p>\n","protected":false},"author":2,"featured_media":11088,"comment_status":"open","ping_status":"open","sticky":false,"template":"","format":"standard","meta":[],"categories":[34,1,2,3,5],"tags":[],"_links":{"self":[{"href":"https:\/\/akdenizolaygazetesi.com\/index.php?rest_route=\/wp\/v2\/posts\/11087"}],"collection":[{"href":"https:\/\/akdenizolaygazetesi.com\/index.php?rest_route=\/wp\/v2\/posts"}],"about":[{"href":"https:\/\/akdenizolaygazetesi.com\/index.php?rest_route=\/wp\/v2\/types\/post"}],"author":[{"embeddable":true,"href":"https:\/\/akdenizolaygazetesi.com\/index.php?rest_route=\/wp\/v2\/users\/2"}],"replies":[{"embeddable":true,"href":"https:\/\/akdenizolaygazetesi.com\/index.php?rest_route=%2Fwp%2Fv2%2Fcomments&post=11087"}],"version-history":[{"count":1,"href":"https:\/\/akdenizolaygazetesi.com\/index.php?rest_route=\/wp\/v2\/posts\/11087\/revisions"}],"predecessor-version":[{"id":11089,"href":"https:\/\/akdenizolaygazetesi.com\/index.php?rest_route=\/wp\/v2\/posts\/11087\/revisions\/11089"}],"wp:featuredmedia":[{"embeddable":true,"href":"https:\/\/akdenizolaygazetesi.com\/index.php?rest_route=\/wp\/v2\/media\/11088"}],"wp:attachment":[{"href":"https:\/\/akdenizolaygazetesi.com\/index.php?rest_route=%2Fwp%2Fv2%2Fmedia&parent=11087"}],"wp:term":[{"taxonomy":"category","embeddable":true,"href":"https:\/\/akdenizolaygazetesi.com\/index.php?rest_route=%2Fwp%2Fv2%2Fcategories&post=11087"},{"taxonomy":"post_tag","embeddable":true,"href":"https:\/\/akdenizolaygazetesi.com\/index.php?rest_route=%2Fwp%2Fv2%2Ftags&post=11087"}],"curies":[{"name":"wp","href":"https:\/\/api.w.org\/{rel}","templated":true}]}}