{"id":11090,"date":"2021-03-03T12:05:19","date_gmt":"2021-03-03T09:05:19","guid":{"rendered":"http:\/\/akdenizolaygazetesi.com\/?p=11090"},"modified":"2021-03-03T12:05:19","modified_gmt":"2021-03-03T09:05:19","slug":"ataturkun-mersine-gelis-gunune-ozel-futbol-turnuvasi","status":"publish","type":"post","link":"https:\/\/akdenizolaygazetesi.com\/?p=11090","title":{"rendered":"ATAT\u00dcRK\u2019\u00dcN MERS\u0130N\u2019E GEL\u0130\u015e G\u00dcN\u00dcNE \u00d6ZEL FUTBOL TURNUVASI"},"content":{"rendered":"<p>Mersin B\u00fcy\u00fck\u015fehir Belediyesi, Ulu \u00d6nder Mustafa Kemal Atat\u00fcrk\u2019\u00fcn Mersin\u2019e ayak bast\u0131\u011f\u0131 tarih olan 17 Mart 1923\u2019\u00fcn 98\u2019inci y\u0131ld\u00f6n\u00fcm\u00fcnde \u201c17 Mart 17 Ya\u015f Futbol Turnuvas\u0131\u201d ger\u00e7ekle\u015ftiriyor. Finali 17 Mart\u2019ta yap\u0131lacak olan turnuvan\u0131n a\u00e7\u0131l\u0131\u015f\u0131nda sporculara seslenen Gen\u00e7lik ve Spor Hizmetleri Dairesi Ba\u015fkan\u0131 Ahmet Tarak\u00e7\u0131, \u201cAtat\u00fcrk\u2019\u00fcn ilkeleri ve ink\u0131laplar\u0131yla kendinize y\u00f6n \u00e7izmeniz, hayat\u0131n\u0131za b\u00fcy\u00fck \u0131\u015f\u0131k tutacakt\u0131r\u201d dedi.<\/p>\n<p>MERS\u0130N\/ (FOTO\u011eRAFLI-G\u00d6R\u00dcNT\u00dcL\u00dc)<\/p>\n<p>Mersin B\u00fcy\u00fck\u015fehir Belediyesi Gen\u00e7lik ve Spor Hizmetleri Dairesi, Ulu \u00d6nder Mustafa Kemal Atat\u00fcrk\u2019\u00fcn Mersin\u2019e ayak bast\u0131\u011f\u0131 tarih olan 17 Mart 1923\u2019\u00fcn 98\u2019inci y\u0131ld\u00f6n\u00fcm\u00fc dolay\u0131s\u0131yla d\u00fczenledi\u011fi \u201c17 Mart 17 Ya\u015f Futbol Turnuvas\u0131\u201dn\u0131n a\u00e7\u0131l\u0131\u015f\u0131n\u0131 ger\u00e7ekle\u015ftirdi. 10 tak\u0131m\u0131n yer ald\u0131\u011f\u0131 turnuvan\u0131n ilk kar\u015f\u0131la\u015fmalar\u0131 Adonis-Yolspor ve Toros Kartal\u0131-Kuvai Milliye tak\u0131mlar\u0131 aras\u0131nda yap\u0131ld\u0131.<\/p>\n<p>Final ma\u00e7\u0131 17 Mart\u2019ta yap\u0131lacak<\/p>\n<p>Turnuvan\u0131n a\u00e7\u0131l\u0131\u015f\u0131ndaki kar\u015f\u0131la\u015fmalarda Adonis, Yolspor\u2019u 3-2 yenerken, Toros Kartal\u0131-Kuvai Milliye aras\u0131ndaki ma\u00e7\u0131 ise 5-2 galibiyetle Kuvai Milliye ald\u0131. Turnuvada oynayacak tak\u0131mlar\u0131n A Grubu\u2019nda Adonis, Toros Kartal\u0131, Kuvai Milliye, Yolspor, Ba\u015far\u0131spor; B Grubu\u2019nda ise \u00c7ukurova \u0130dman Yurdu, Mersin Demirspor, Camspor, Atag\u00fc\u00e7spor ve Silifke \u00c7a\u011fda\u015f Gen\u00e7lik spor kul\u00fcpleri yer ald\u0131. Turnuvan\u0131n final ma\u00e7\u0131 17 Mart 2021\u2019de yap\u0131lacak.<\/p>\n<p>Turnuvan\u0131n kazanan\u0131 \u201cdostluk\u201d olacak<\/p>\n<p>Turnuva \u015fartnamesinde 10 tak\u0131mla d\u00fczenlenen ma\u00e7lar\u0131n 6 oyuncu ve 1 kaleci olmak \u00fczere 2004-2005 do\u011fumlu 7\u2019\u015fer ki\u015filik tak\u0131mlarla Macit \u00d6zcan Spor Tesisleri\u2019nde oynanaca\u011f\u0131 belirtildi. \u015eartnamede yer alan \u201cTurnuvada Fair Play \u00f6n \u015fartt\u0131r. Sportmenli\u011fe ayk\u0131r\u0131 davran\u0131\u015f veya s\u00f6z sarf eden oyuncu veya tak\u0131mlar diskalifiye edilecektir\u201d ifadeleri ise Ulu \u00d6nder Mustafa Kemal Atat\u00fcrk\u2019\u00fcn \u201cBen sporcunun zeki, \u00e7evik ve ahlakl\u0131s\u0131n\u0131 severim\u201d s\u00f6z\u00fcn\u00fc ak\u0131llara getirdi.<\/p>\n<p>\u201c\u0130sminize yak\u0131\u015f\u0131r m\u00fccadele sergileyin\u201d<\/p>\n<p>A\u00e7\u0131l\u0131\u015fta sporcu gen\u00e7lere seslenen Gen\u00e7lik ve Spor Hizmetleri Dairesi Ba\u015fkan\u0131 Ahmet Tarak\u00e7\u0131, \u015funlar\u0131 s\u00f6yledi:<\/p>\n<p>\u201cAtat\u00fcrk sadece bu \u00fclkeye de\u011fil, d\u00fcnyaya m\u00e2l olmu\u015f b\u00fcy\u00fck bir lider. \u0130yi, \u00e7ok ba\u015far\u0131l\u0131 bir komutan, \u00e7ok b\u00fcy\u00fck bir devrimci ve devlet adam\u0131. \u0130lkeleri ve ink\u0131laplar\u0131yla kendinize y\u00f6n \u00e7izmeniz, hayat\u0131n\u0131za b\u00fcy\u00fck \u0131\u015f\u0131k tutacakt\u0131r. \u0130yi bir sporcu olmak, \u00f6zelinde iyi bir futbolcu olmak; tecr\u00fcbeyle, bilgiyle, donan\u0131mla kendinizi farkl\u0131 k\u0131lar. \u00d6ncelikle kul\u00fcpleriniz ad\u0131na kat\u0131l\u0131yorsunuz ama \u015fahs\u0131n\u0131z yani isminize yak\u0131\u015f\u0131r m\u00fccadele sergileyin. M\u00fcsabakalar\u0131 izliyorsunuz, bir olayla kar\u015f\u0131la\u015ft\u0131\u011f\u0131n\u0131z zaman kimse kul\u00fcbe mal etmiyor, ki\u015fiye mal ediyor. \u00c7ok uzun zamand\u0131r ma\u00e7 yapm\u0131yorsunuz, burada bizlere g\u00fczel ma\u00e7lar izlettirece\u011finize eminim. Biz keyif almak istiyoruz, sizler de keyif al\u0131n.\u201d<\/p>\n<p>\u201cBu ya\u015f grubu \u00e7ok \u00f6nemli\u201d<\/p>\n<p>Yolspor\u2019un antren\u00f6r\u00fc Sera\u00e7 D\u00fclger ise anlaml\u0131 bir g\u00fcnde anlaml\u0131 bir turnuva ger\u00e7ekle\u015ftirildi\u011fini belirterek, \u201cAtat\u00fcrk\u2019\u00fcn Mersin\u2019e geli\u015fi 17 Mart oldu\u011fu i\u00e7in, bu anlaml\u0131 g\u00fcnde bu turnuvay\u0131 yapan Belediye Ba\u015fkan\u0131m\u0131z Say\u0131n Vahap Se\u00e7er\u2019e, Daire Ba\u015fkan\u0131m\u0131z Ahmet Tarak\u00e7\u0131\u2019ya \u00e7ok te\u015fekk\u00fcr ediyoruz. Bu ya\u015f grubu \u00e7ok \u00f6nemli. Burada yenmek, \u015fampiyon olmaktan ziyade centilmence bir kar\u015f\u0131la\u015fma ve kayna\u015fma ortam\u0131 olacak\u201d dedi.<\/p>\n<p>\u201cRakip olsak da hepimiz karde\u015fiz\u201d<\/p>\n<p>Adonis Spor Kul\u00fcb\u00fc\u2019n\u00fcn oyuncular\u0131ndan Caner \u00d6z\u00f6nen, 7 senedir futbol oynad\u0131\u011f\u0131n\u0131 s\u00f6yledi. \u00d6z\u00f6nen, turnuvaya haz\u0131r olduklar\u0131n\u0131 vurgulayarak, \u201cTurnuvaya tak\u0131m olarak iyi \u00e7al\u0131\u015ft\u0131k. Bizim i\u00e7in \u00f6nemli bir turnuva. \u015eampiyon olmak istiyoruz. Bizim i\u00e7in \u00f6nemli bir \u015fey Atat\u00fcrk\u2019\u00fcn Mersin\u2019e geli\u015f y\u0131ld\u00f6n\u00fcm\u00fc. Onun i\u00e7in oynayaca\u011f\u0131z. Burada hepimiz karde\u015fiz zaten, rakip olsak da hepimiz birbirimizi tan\u0131yoruz. Sadece dostlukla m\u00fccadele edip, dostlukla \u00e7\u0131kaca\u011f\u0131z. Vahap Ba\u015fkan\u0131m\u0131z\u2019a \u00e7ok te\u015fekk\u00fcr ederiz. Bize b\u00f6yle etkinlikler d\u00fczenleyerek \u00e7ok b\u00fcy\u00fck destek oluyorlar\u201d diye konu\u015ftu.<\/p>\n<p>\u201cSaha i\u00e7inde de d\u0131\u015f\u0131nda da birbirimizle iyi anla\u015faca\u011f\u0131z\u201d<\/p>\n<p>Yolspor\u2019un oyuncular\u0131ndan Nurettin Mente\u015fi de turnuvada yer ald\u0131klar\u0131 i\u00e7in mutlu oldu\u011funu belirterek, \u201cBu turnuvada dostluk kazans\u0131n. Zaten herkes elinden gelenin en iyisini yapacak, birbirimizle iyi anla\u015faca\u011f\u0131z saha i\u00e7inde, \u00f6zellikle de saha d\u0131\u015f\u0131nda\u201d dedi.<\/p>\n<p>Tak\u0131m arkada\u015f\u0131 Ahmet Emin G\u00f6k ise \u201cTurnuvaya haz\u0131r\u0131z. Amac\u0131m\u0131z ba\u015far\u0131l\u0131 olmak, kendimizi daha iyi \u00f6n plana \u00e7\u0131kartmak, hedeflerimize ula\u015fmak istiyoruz\u201d diye konu\u015ftu.<\/p>\n","protected":false},"excerpt":{"rendered":"<p>Mersin B\u00fcy\u00fck\u015fehir Belediyesi, Ulu \u00d6nder Mustafa Kemal Atat\u00fcrk\u2019\u00fcn Mersin\u2019e ayak bast\u0131\u011f\u0131 tarih olan 17 Mart 1923\u2019\u00fcn 98\u2019inci y\u0131ld\u00f6n\u00fcm\u00fcnde \u201c17 Mart 17 Ya\u015f Futbol Turnuvas\u0131\u201d ger\u00e7ekle\u015ftiriyor. Finali 17 Mart\u2019ta yap\u0131lacak olan &hellip; <a href=\"https:\/\/akdenizolaygazetesi.com\/?p=11090\" class=\"more-link\">Devam\u0131n\u0131 Oku&#8230;<\/a><\/p>\n","protected":false},"author":2,"featured_media":11091,"comment_status":"open","ping_status":"open","sticky":false,"template":"","format":"standard","meta":[],"categories":[34,1,2,3,5,10],"tags":[],"_links":{"self":[{"href":"https:\/\/akdenizolaygazetesi.com\/index.php?rest_route=\/wp\/v2\/posts\/11090"}],"collection":[{"href":"https:\/\/akdenizolaygazetesi.com\/index.php?rest_route=\/wp\/v2\/posts"}],"about":[{"href":"https:\/\/akdenizolaygazetesi.com\/index.php?rest_route=\/wp\/v2\/types\/post"}],"author":[{"embeddable":true,"href":"https:\/\/akdenizolaygazetesi.com\/index.php?rest_route=\/wp\/v2\/users\/2"}],"replies":[{"embeddable":true,"href":"https:\/\/akdenizolaygazetesi.com\/index.php?rest_route=%2Fwp%2Fv2%2Fcomments&post=11090"}],"version-history":[{"count":1,"href":"https:\/\/akdenizolaygazetesi.com\/index.php?rest_route=\/wp\/v2\/posts\/11090\/revisions"}],"predecessor-version":[{"id":11092,"href":"https:\/\/akdenizolaygazetesi.com\/index.php?rest_route=\/wp\/v2\/posts\/11090\/revisions\/11092"}],"wp:featuredmedia":[{"embeddable":true,"href":"https:\/\/akdenizolaygazetesi.com\/index.php?rest_route=\/wp\/v2\/media\/11091"}],"wp:attachment":[{"href":"https:\/\/akdenizolaygazetesi.com\/index.php?rest_route=%2Fwp%2Fv2%2Fmedia&parent=11090"}],"wp:term":[{"taxonomy":"category","embeddable":true,"href":"https:\/\/akdenizolaygazetesi.com\/index.php?rest_route=%2Fwp%2Fv2%2Fcategories&post=11090"},{"taxonomy":"post_tag","embeddable":true,"href":"https:\/\/akdenizolaygazetesi.com\/index.php?rest_route=%2Fwp%2Fv2%2Ftags&post=11090"}],"curies":[{"name":"wp","href":"https:\/\/api.w.org\/{rel}","templated":true}]}}