{"id":11093,"date":"2021-03-03T12:07:38","date_gmt":"2021-03-03T09:07:38","guid":{"rendered":"http:\/\/akdenizolaygazetesi.com\/?p=11093"},"modified":"2021-03-03T12:07:38","modified_gmt":"2021-03-03T09:07:38","slug":"baskan-secer-cay-ve-cilek-mahallelerini-kapsayan-icme-suyu-hatti-calismalarini-inceledi","status":"publish","type":"post","link":"https:\/\/akdenizolaygazetesi.com\/?p=11093","title":{"rendered":"BA\u015eKAN SE\u00c7ER, \u00c7AY VE \u00c7\u0130LEK MAHALLELER\u0130N\u0130 KAPSAYAN \u0130\u00c7ME SUYU HATTI \u00c7ALI\u015eMALARINI \u0130NCELED\u0130"},"content":{"rendered":"<p>Ba\u015fkan Se\u00e7er, \u00c7ay ve \u00c7ilek Mahallelerinde ya\u015fayan vatanda\u015flar i\u00e7in y\u0131llard\u0131r \u00e7ile haline gelen i\u00e7me suyu problemini sonland\u0131racak 43 kilometrelik i\u00e7me suyu \u015febeke hatt\u0131 \u00e7al\u0131\u015fmas\u0131n\u0131 yerinde inceledi. Saha incelemesinin ard\u0131ndan Ba\u015fkan Se\u00e7er, esnaf\u0131 da ziyaret ederek \u201cHay\u0131rl\u0131 i\u015fler\u201d dile\u011finde bulundu.<\/p>\n<p>MERS\u0130N(FOTO\u011eRAFLI-G\u00d6R\u00dcNT\u00dcL\u00dc)<\/p>\n<p>Mersin B\u00fcy\u00fck\u015fehir Belediye Ba\u015fkan\u0131 Vahap Se\u00e7er, Akdeniz \u0130l\u00e7esi \u00c7ay ve \u00c7ilek Mahallelerinde ikamet eden vatanda\u015flar\u0131n su \u00e7ilesini sonland\u0131racak i\u00e7me suyu \u015febeke hatt\u0131 \u00e7al\u0131\u015fmas\u0131n\u0131 yerinde inceledi.<\/p>\n<p>Mersin Su ve Kanalizasyon \u0130daresi (MESK\u0130) ekipleri taraf\u0131ndan y\u00fcr\u00fct\u00fclen ve yakla\u015f\u0131k 20 bin mahalleli i\u00e7in eski borulardan kaynakl\u0131 \u00e7ile haline gelen su problemini sonland\u0131racak olan \u00e7al\u0131\u015fma hakk\u0131nda bilgiler alan Ba\u015fkan Se\u00e7er, mesaisinin devam\u0131nda \u00c7ay ve \u00c7ilek Mahallelerindeki esnaf\u0131 ziyaret ederek \u201cHay\u0131rl\u0131 i\u015fler\u201d dile\u011finde bulundu. B\u00fcy\u00fck\u015fehir personelleri, gezi s\u0131ras\u0131nda esnaf ve vatanda\u015flara takvim ve maske da\u011f\u0131tt\u0131.<\/p>\n<p>Eski borulardan kaynakl\u0131 ya\u015fanan kay\u0131p-ka\u00e7ak da tarihe kar\u0131\u015facak<\/p>\n<p>Akdeniz \u0130l\u00e7esi s\u0131n\u0131rlar\u0131nda yer alan \u00c7ay ve \u00c7ilek Mahallelerinde ba\u015flat\u0131lan kapsaml\u0131 \u00e7al\u0131\u015fma ile bu mahallelerde ikamet eden yakla\u015f\u0131k 20 bin vatanda\u015f\u0131n ya\u015fad\u0131\u011f\u0131 i\u00e7me suyu sorunu son bulacak. MESK\u0130 ekipleri taraf\u0131ndan 17 A\u011fustos 2020 tarihinde ba\u015flat\u0131lan \u00e7al\u0131\u015fman\u0131n Ekim 2021\u2019in sonlar\u0131na do\u011fru tamamlanmas\u0131 hedefleniyor. Eski borulardan kaynakl\u0131 ya\u015fanan kay\u0131p-ka\u00e7a\u011f\u0131 da sonland\u0131racak olan \u00e7al\u0131\u015fmada, toplam 43 kilometrelik i\u00e7me suyu hatt\u0131 d\u00f6\u015fenecek. \u00c7al\u0131\u015fma kapsam\u0131nda ayr\u0131ca eski borular\u0131n y\u0131pranmas\u0131ndan kaynakl\u0131 \u00fcst katlarda oturan vatanda\u015flar\u0131n ya\u015fad\u0131\u011f\u0131 susuzluk problemi de modern borular\u0131n d\u00f6\u015fenmesi ile son bulacak.<\/p>\n","protected":false},"excerpt":{"rendered":"<p>Ba\u015fkan Se\u00e7er, \u00c7ay ve \u00c7ilek Mahallelerinde ya\u015fayan vatanda\u015flar i\u00e7in y\u0131llard\u0131r \u00e7ile haline gelen i\u00e7me suyu problemini sonland\u0131racak 43 kilometrelik i\u00e7me suyu \u015febeke hatt\u0131 \u00e7al\u0131\u015fmas\u0131n\u0131 yerinde inceledi. Saha incelemesinin ard\u0131ndan Ba\u015fkan &hellip; <a href=\"https:\/\/akdenizolaygazetesi.com\/?p=11093\" class=\"more-link\">Devam\u0131n\u0131 Oku&#8230;<\/a><\/p>\n","protected":false},"author":2,"featured_media":11094,"comment_status":"open","ping_status":"open","sticky":false,"template":"","format":"standard","meta":[],"categories":[34,1,2,3,5],"tags":[],"_links":{"self":[{"href":"https:\/\/akdenizolaygazetesi.com\/index.php?rest_route=\/wp\/v2\/posts\/11093"}],"collection":[{"href":"https:\/\/akdenizolaygazetesi.com\/index.php?rest_route=\/wp\/v2\/posts"}],"about":[{"href":"https:\/\/akdenizolaygazetesi.com\/index.php?rest_route=\/wp\/v2\/types\/post"}],"author":[{"embeddable":true,"href":"https:\/\/akdenizolaygazetesi.com\/index.php?rest_route=\/wp\/v2\/users\/2"}],"replies":[{"embeddable":true,"href":"https:\/\/akdenizolaygazetesi.com\/index.php?rest_route=%2Fwp%2Fv2%2Fcomments&post=11093"}],"version-history":[{"count":1,"href":"https:\/\/akdenizolaygazetesi.com\/index.php?rest_route=\/wp\/v2\/posts\/11093\/revisions"}],"predecessor-version":[{"id":11095,"href":"https:\/\/akdenizolaygazetesi.com\/index.php?rest_route=\/wp\/v2\/posts\/11093\/revisions\/11095"}],"wp:featuredmedia":[{"embeddable":true,"href":"https:\/\/akdenizolaygazetesi.com\/index.php?rest_route=\/wp\/v2\/media\/11094"}],"wp:attachment":[{"href":"https:\/\/akdenizolaygazetesi.com\/index.php?rest_route=%2Fwp%2Fv2%2Fmedia&parent=11093"}],"wp:term":[{"taxonomy":"category","embeddable":true,"href":"https:\/\/akdenizolaygazetesi.com\/index.php?rest_route=%2Fwp%2Fv2%2Fcategories&post=11093"},{"taxonomy":"post_tag","embeddable":true,"href":"https:\/\/akdenizolaygazetesi.com\/index.php?rest_route=%2Fwp%2Fv2%2Ftags&post=11093"}],"curies":[{"name":"wp","href":"https:\/\/api.w.org\/{rel}","templated":true}]}}