{"id":11099,"date":"2021-03-03T12:16:47","date_gmt":"2021-03-03T09:16:47","guid":{"rendered":"http:\/\/akdenizolaygazetesi.com\/?p=11099"},"modified":"2021-03-03T12:16:47","modified_gmt":"2021-03-03T09:16:47","slug":"akdeniz-belediyesi-sehidimizin-adini-tasiyan-kaideyi-yeniledi","status":"publish","type":"post","link":"https:\/\/akdenizolaygazetesi.com\/?p=11099","title":{"rendered":"AKDEN\u0130Z BELED\u0130YES\u0130 \u015eEH\u0130D\u0130M\u0130Z\u0130N ADINI TA\u015eIYAN KA\u0130DEY\u0130 YEN\u0130LED\u0130"},"content":{"rendered":"<p>Akdeniz Belediye Ba\u015fkan\u0131 M. Mustafa G\u00fcltak\u2019\u0131n talimat\u0131 \u00fczerine; Huzurkent K\u00f6selerli Mahallesi \u015eehit Top\u00e7u Uzman \u00c7avu\u015f Mehmet \u015eahin Park\u0131\u2019nda bulunan \u00e7e\u015fme ile \u00e7e\u015fmenin \u00fczerinde bulunan ve \u015fehidin ad\u0131n\u0131 ta\u015f\u0131yan kaide yenilendi.<\/p>\n<p>Akdeniz Belediyesi, ihtiya\u00e7 duyan mahallelere y\u00f6nelik yenileme hizmetlerine kesintisiz \u015fekilde devam ediyor. Huzurkent K\u00f6selerli Mahallesi \u015eehit Top\u00e7u Uzman \u00c7avu\u015f Mehmet \u015eahin Park\u0131\u2019nda bulunan eski \u00e7e\u015fmeyi yenileyen Park ve Bah\u00e7eler M\u00fcd\u00fcrl\u00fc\u011f\u00fc\u2019ne ba\u011fl\u0131 ekipler, ayn\u0131 zamanda parkta \u00e7evre d\u00fczenlemesi de yapt\u0131.<\/p>\n<p>Ba\u015fkan G\u00fcltak; \u201c\u015eehitlerimizin ad\u0131 verilen yerlerin bak\u0131m\u0131 konusunda hassasiyet g\u00f6steriyoruz\u201d<\/p>\n<p>Yenilenen parkta incelemelerde bulunan Akdeniz Belediye Ba\u015fkan\u0131 Mustafa G\u00fcltak\u2019a, K\u00f6selerli Mahalle Muhtar\u0131 Nedim Bozo\u011flu da e\u015flik etti. \u015eehidimizin ad\u0131n\u0131n yaz\u0131l\u0131 oldu\u011fu kaide Ba\u015fkan G\u00fcltak taraf\u0131ndan yerle\u015ftirildi. \u00c7al\u0131\u015fmalar\u0131 yerinde inceleyen ve ekiplerden bilgi alan Akdeniz Belediye Ba\u015fkan\u0131 Mustafa G\u00fcltak, burada yapt\u0131\u011f\u0131 a\u00e7\u0131klamada, \u201cK\u00f6selerli Mahallesi\u2019ndeyiz. Muhtar\u0131m\u0131z daha \u00f6ncenden beni bilgilendirmi\u015fti. Buras\u0131 k\u00fc\u00e7\u00fck bir park. Halk\u0131n oturmas\u0131 sohbet etmesi i\u00e7in olan bir yer ama buran\u0131n bir \u00f6zelli\u011fi var. Burada \u015eehit Top\u00e7u Uzman \u00c7avu\u015f Mehmet \u015eahin an\u0131s\u0131na yap\u0131lm\u0131\u015f bir \u00e7e\u015fmemiz var. Mermerden restorasyonu yap\u0131ld\u0131. Eski haliyle yeni hali \u00e7ok farkl\u0131 oldu. Park da yenileniyor. Daha kullan\u0131l\u0131r daha ye\u015fil bir hale gelecek. \u015eehitlerimizin ad\u0131n\u0131 verdi\u011fimiz yerlerin bak\u0131m ve onar\u0131m\u0131n\u0131 da d\u00fczenli olarak yapmakta hassasiyet g\u00f6steriyoruz\u201d dedi.<\/p>\n<p>\u201cAkdeniz\u2019i sizlerle birlikte yeniden in\u015fa edece\u011fiz\u201d<\/p>\n<p>Kaidenin \u00fczerindeki yaz\u0131y\u0131 okuyan Ba\u015fkan G\u00fcltak, \u201cBayraklar\u0131 bayrak yapan \u00fcst\u00fcndeki kand\u0131r. Toprak, e\u011fer u\u011frunda \u00f6len varsa vatand\u0131r. T\u00fcrkiye Cumhuriyeti, Gazi Mustafa Kemal Atat\u00fcrk\u2019\u00fcn de dedi\u011fi gibi onun kurucu liderli\u011finde muas\u0131r medeniyetlere do\u011fru y\u00fcr\u00fcyecektir. Biz ekip olarak Akdeniz\u2019de o y\u00fcr\u00fcy\u00fc\u015f\u00fc s\u00fcrd\u00fcrece\u011fiz. Yapt\u0131\u011f\u0131m\u0131z hizmetlerle, bar\u0131\u015f, sevgi ve muhabbetle de burada ya\u015fayan t\u00fcm insanlar\u0131m\u0131z\u0131n karde\u015fli\u011fini peki\u015ftirece\u011fiz. Modern, parklar\u0131 yollar\u0131 olan, k\u00fclt\u00fcrel, sanatsal, sportif y\u00f6nleriyle de ya\u015fan\u0131labilir Akdeniz\u2019i sizlerle birlikte yeniden in\u015fa etme noktas\u0131nda kimsenin \u015f\u00fcphesi olmas\u0131n\u201d diye konu\u015ftu.<\/p>\n<p>Akdeniz&#8217;in her bir k\u00f6\u015fesini bak\u0131ml\u0131 tutmaya \u00e7al\u0131\u015ft\u0131klar\u0131na vurgu yapan Ba\u015fkan G\u00fcltak, kaliteli, ya\u015fan\u0131l\u0131r, d\u00fczenli ve sa\u011fl\u0131kl\u0131 bir kent i\u00e7in belediyecilik anlam\u0131nda ihtiya\u00e7 duyulan hizmet, proje ve \u00e7al\u0131\u015fmalar\u0131n\u0131 aral\u0131ks\u0131z s\u00fcrd\u00fcreceklerini ifade etti.<\/p>\n","protected":false},"excerpt":{"rendered":"<p>Akdeniz Belediye Ba\u015fkan\u0131 M. Mustafa G\u00fcltak\u2019\u0131n talimat\u0131 \u00fczerine; Huzurkent K\u00f6selerli Mahallesi \u015eehit Top\u00e7u Uzman \u00c7avu\u015f Mehmet \u015eahin Park\u0131\u2019nda bulunan \u00e7e\u015fme ile \u00e7e\u015fmenin \u00fczerinde bulunan ve \u015fehidin ad\u0131n\u0131 ta\u015f\u0131yan kaide yenilendi. &hellip; <a href=\"https:\/\/akdenizolaygazetesi.com\/?p=11099\" class=\"more-link\">Devam\u0131n\u0131 Oku&#8230;<\/a><\/p>\n","protected":false},"author":2,"featured_media":11100,"comment_status":"open","ping_status":"open","sticky":false,"template":"","format":"standard","meta":[],"categories":[34,2,3],"tags":[],"_links":{"self":[{"href":"https:\/\/akdenizolaygazetesi.com\/index.php?rest_route=\/wp\/v2\/posts\/11099"}],"collection":[{"href":"https:\/\/akdenizolaygazetesi.com\/index.php?rest_route=\/wp\/v2\/posts"}],"about":[{"href":"https:\/\/akdenizolaygazetesi.com\/index.php?rest_route=\/wp\/v2\/types\/post"}],"author":[{"embeddable":true,"href":"https:\/\/akdenizolaygazetesi.com\/index.php?rest_route=\/wp\/v2\/users\/2"}],"replies":[{"embeddable":true,"href":"https:\/\/akdenizolaygazetesi.com\/index.php?rest_route=%2Fwp%2Fv2%2Fcomments&post=11099"}],"version-history":[{"count":1,"href":"https:\/\/akdenizolaygazetesi.com\/index.php?rest_route=\/wp\/v2\/posts\/11099\/revisions"}],"predecessor-version":[{"id":11101,"href":"https:\/\/akdenizolaygazetesi.com\/index.php?rest_route=\/wp\/v2\/posts\/11099\/revisions\/11101"}],"wp:featuredmedia":[{"embeddable":true,"href":"https:\/\/akdenizolaygazetesi.com\/index.php?rest_route=\/wp\/v2\/media\/11100"}],"wp:attachment":[{"href":"https:\/\/akdenizolaygazetesi.com\/index.php?rest_route=%2Fwp%2Fv2%2Fmedia&parent=11099"}],"wp:term":[{"taxonomy":"category","embeddable":true,"href":"https:\/\/akdenizolaygazetesi.com\/index.php?rest_route=%2Fwp%2Fv2%2Fcategories&post=11099"},{"taxonomy":"post_tag","embeddable":true,"href":"https:\/\/akdenizolaygazetesi.com\/index.php?rest_route=%2Fwp%2Fv2%2Ftags&post=11099"}],"curies":[{"name":"wp","href":"https:\/\/api.w.org\/{rel}","templated":true}]}}