{"id":1110,"date":"2020-11-04T18:21:42","date_gmt":"2020-11-04T15:21:42","guid":{"rendered":"http:\/\/mersinekonomipolitikagazetesi.com\/?p=1110"},"modified":"2020-11-04T18:21:42","modified_gmt":"2020-11-04T15:21:42","slug":"miniklerden-anneler-gunu-surprizi","status":"publish","type":"post","link":"https:\/\/akdenizolaygazetesi.com\/?p=1110","title":{"rendered":"Miniklerden Anneler G\u00fcn\u00fc s\u00fcrprizi"},"content":{"rendered":"<p>Mezitli Belediyesi Bircan T\u00fcfek\u00e7io\u011flu \u00c7ocuk G\u00fcnd\u00fcz Bak\u0131mevi\u2019nde minik \u00e7ocuklar, annelerine Anneler G\u00fcn\u00fc s\u00fcrprizi yapt\u0131.<\/p>\n<p>Mezitli Belediyesi Bircan T\u00fcfek\u00e7io\u011flu \u00c7ocuk G\u00fcnd\u00fcz Bak\u0131mevi\u2019nde Anneler G\u00fcn\u00fc etkinli\u011fi ger\u00e7ekle\u015ftirildi. Mezitli Belediye Ba\u015fkan\u0131 Ne\u015fet Tarhan\u2019\u0131n yan\u0131 s\u0131ra Belediye Meclis \u00fcyeleri, birim m\u00fcd\u00fcrleri ve ailelerin kat\u0131ld\u0131\u011f\u0131 etkinlikte, anneleriyle birlikte \u00f6zel olarak haz\u0131rlanm\u0131\u015f ti\u015f\u00f6rtlerle podyuma \u00e7\u0131kan minikler, \u00e7e\u015fitli yar\u0131\u015fma ve oyunlarla unutulmaz bir g\u00fcn ge\u00e7irdiler. \u015eark\u0131lar e\u015fli\u011finde dans ederek podyumda y\u00fcr\u00fcyen anneler ve \u00e7ocuklar\u0131 izleyicilerden b\u00fcy\u00fck alk\u0131\u015f ald\u0131. Ba\u015fkan Tarhan da Anneler G\u00fcn\u00fc dolay\u0131s\u0131yla g\u00f6rev yapan t\u00fcm \u00f6\u011fretmenlere bisiklet hediye etti. Burada konu\u015fan Tarhan, herkes i\u00e7in en de\u011ferli varl\u0131\u011f\u0131n anne oldu\u011funu s\u00f6yledi. Annelerin ya\u015fam\u0131m\u0131zda ne denli \u00f6nemli oldu\u011funu ancak onu kaybedince anla\u015f\u0131ld\u0131\u011f\u0131na vurgu yapan Tarhan, \u201cHi\u00e7bir s\u0131cakl\u0131k anne s\u0131cakl\u0131\u011f\u0131n\u0131n yerini tutmaz. Annelerimize en iyi \u015fekilde sahip \u00e7\u0131kmam\u0131z gerekiyor. Asl\u0131nda insan en ba\u015fta sevgiyi annesinden \u00f6\u011frenir. \u00c7ocuklar annelerine \u015fefkatle, annelerde \u00e7ocuklar\u0131na \u015fefkatle sar\u0131lmal\u0131lar\u201d dedi.<br \/>\nMezitli Belediyesi Bircan T\u00fcfek\u00e7io\u011flu \u00c7ocuk G\u00fcnd\u00fcz Bak\u0131mevi\u2019nin \u015fuan Mersin\u2019in en iyi okulu oldu\u011funu iddia eden Tarhan, \u201cT\u00fcrkiye\u2019de ilk kez belediyenin i\u015fletti\u011fi bir e\u011fitim kurumunda b\u00f6ylesi ba\u015far\u0131 sa\u011flam\u0131\u015f olmak gurur verici. \u00d6n\u00fcm\u00fczdeki y\u0131llarda \u00e7\u0131tay\u0131 daha da yukar\u0131da tutaca\u011f\u0131z. Her ge\u00e7en y\u0131l daha iyi olanaklara sahip bir okulumuz olacak. Biz bunlara ek olarak t\u00fcm imkanlar\u0131m\u0131zdan \u00e7ocuklar\u0131m\u0131z\u0131n yararlanmas\u0131n\u0131 hedefliyoruz. Y\u00fczme havuzlar\u0131ndan, kurslar\u0131m\u0131zdan yararlanabilecekleri gibi d\u00fczenleyece\u011fimiz etkinliklerde de \u00e7ocuklar\u0131m\u0131zla birlikte olmak istiyoruz. Mezitli\u2019de ya\u015fayan t\u00fcm vatanda\u015flar\u0131m\u0131z\u0131 oldu\u011fu gibi \u00e7ocuklar\u0131m\u0131z\u0131n da mutlulu\u011fu en b\u00fcy\u00fck hedefimiz. Yap\u0131lan bu hizmetlere sahip \u00e7\u0131kmak ve onlar\u0131 b\u00fcy\u00fctmek de siz de\u011ferli halk\u0131m\u0131z\u0131n en b\u00fcy\u00fck g\u00f6revi olmal\u0131d\u0131r\u201d diye konu\u015ftu.<\/p>\n","protected":false},"excerpt":{"rendered":"<p>Mezitli Belediyesi Bircan T\u00fcfek\u00e7io\u011flu \u00c7ocuk G\u00fcnd\u00fcz Bak\u0131mevi\u2019nde minik \u00e7ocuklar, annelerine Anneler G\u00fcn\u00fc s\u00fcrprizi yapt\u0131. Mezitli Belediyesi Bircan T\u00fcfek\u00e7io\u011flu \u00c7ocuk G\u00fcnd\u00fcz Bak\u0131mevi\u2019nde Anneler G\u00fcn\u00fc etkinli\u011fi ger\u00e7ekle\u015ftirildi. Mezitli Belediye Ba\u015fkan\u0131 Ne\u015fet Tarhan\u2019\u0131n &hellip; <a href=\"https:\/\/akdenizolaygazetesi.com\/?p=1110\" class=\"more-link\">Devam\u0131n\u0131 Oku&#8230;<\/a><\/p>\n","protected":false},"author":1,"featured_media":0,"comment_status":"open","ping_status":"open","sticky":false,"template":"","format":"standard","meta":[],"categories":[],"tags":[],"_links":{"self":[{"href":"https:\/\/akdenizolaygazetesi.com\/index.php?rest_route=\/wp\/v2\/posts\/1110"}],"collection":[{"href":"https:\/\/akdenizolaygazetesi.com\/index.php?rest_route=\/wp\/v2\/posts"}],"about":[{"href":"https:\/\/akdenizolaygazetesi.com\/index.php?rest_route=\/wp\/v2\/types\/post"}],"author":[{"embeddable":true,"href":"https:\/\/akdenizolaygazetesi.com\/index.php?rest_route=\/wp\/v2\/users\/1"}],"replies":[{"embeddable":true,"href":"https:\/\/akdenizolaygazetesi.com\/index.php?rest_route=%2Fwp%2Fv2%2Fcomments&post=1110"}],"version-history":[{"count":0,"href":"https:\/\/akdenizolaygazetesi.com\/index.php?rest_route=\/wp\/v2\/posts\/1110\/revisions"}],"wp:attachment":[{"href":"https:\/\/akdenizolaygazetesi.com\/index.php?rest_route=%2Fwp%2Fv2%2Fmedia&parent=1110"}],"wp:term":[{"taxonomy":"category","embeddable":true,"href":"https:\/\/akdenizolaygazetesi.com\/index.php?rest_route=%2Fwp%2Fv2%2Fcategories&post=1110"},{"taxonomy":"post_tag","embeddable":true,"href":"https:\/\/akdenizolaygazetesi.com\/index.php?rest_route=%2Fwp%2Fv2%2Ftags&post=1110"}],"curies":[{"name":"wp","href":"https:\/\/api.w.org\/{rel}","templated":true}]}}