{"id":11105,"date":"2021-03-03T15:33:49","date_gmt":"2021-03-03T12:33:49","guid":{"rendered":"http:\/\/akdenizolaygazetesi.com\/?p=11105"},"modified":"2021-03-03T15:33:49","modified_gmt":"2021-03-03T12:33:49","slug":"toroslar-belediyesinden-saglik-calisanlari-icin-bir-vefa-ornegi-saglik-kahramanlari-parki","status":"publish","type":"post","link":"https:\/\/akdenizolaygazetesi.com\/?p=11105","title":{"rendered":"TOROSLAR BELED\u0130YES\u0130&#8217;NDEN SA\u011eLIK \u00c7ALI\u015eANLARI \u0130\u00c7\u0130N B\u0130R VEFA \u00d6RNE\u011e\u0130; SA\u011eLIK KAHRAMANLARI PARKI"},"content":{"rendered":"<p>Toroslar Belediyesi, pandemi d\u00f6neminde canla ba\u015fla \u00e7al\u0131\u015fan ve bu u\u011furda ya\u015fam\u0131n\u0131 yitiren sa\u011fl\u0131k \u00e7al\u0131\u015fanlar\u0131n\u0131 anmak amac\u0131yla &#8220;Sa\u011fl\u0131k Kahramanlar\u0131&#8221; ad\u0131n\u0131 verdi\u011fi park\u0131n a\u00e7\u0131l\u0131\u015f\u0131n\u0131 yapmaya haz\u0131rlan\u0131yor.<\/p>\n<p>Toroslar Belediye Meclisi&#8217;nin Mart Ay\u0131 toplant\u0131s\u0131nda, Korukent Mahallesi Mimar Sinan Bulvar\u0131 ile Mersin \u015eehir Hastanesi Caddesi kesi\u015fiminde yer alan yakla\u015f\u0131k 2 bin metrekarelik alana &#8220;Sa\u011fl\u0131k Kahramanlar\u0131 Park\u0131&#8221; isminin verilmesine ili\u015fkin teklif g\u00f6r\u00fc\u015f\u00fclerek oy birli\u011fiyle kabul edildi.<\/p>\n<p>Toroslar Belediye Ba\u015fkan\u0131 Ats\u0131z Af\u015f\u0131n Y\u0131lmaz ba\u015fkanl\u0131\u011f\u0131nda yap\u0131lan toplant\u0131, sayg\u0131 duru\u015fu ve \u0130stiklal Mar\u015f\u0131&#8217;n\u0131n okunmas\u0131n\u0131n ard\u0131ndan ba\u015flad\u0131.<\/p>\n<p>&#8220;SA\u011eLIK \u00c7ALI\u015eANLARIMIZIN YANINDAYIZ&#8221;<\/p>\n<p>Ba\u015fkan Y\u0131lmaz, t\u00fcm sa\u011fl\u0131k \u00e7al\u0131\u015fanlar\u0131na minnettar olduklar\u0131n\u0131 dile getirerek; &#8220;Koronavir\u00fcsle m\u00fccadele etti\u011fimiz bu s\u00fcre\u00e7te pandeminin kahramanlar\u0131 olan sa\u011fl\u0131k \u00e7al\u0131\u015fanlar\u0131m\u0131z\u0131n fedakarca \u00e7al\u0131\u015fmalar\u0131yla gurur duyuyoruz. Bu illetten dolay\u0131 ya\u015fam\u0131n\u0131 yitiren  bir \u00e7ok sa\u011fl\u0131k \u00e7al\u0131\u015fan\u0131m\u0131z da var. Sa\u011fl\u0131k Kahramanlar\u0131 ad\u0131n\u0131 verdi\u011fimiz bu park\u0131m\u0131zla sa\u011fl\u0131k ordumuza minnet duydu\u011fumuzu ve dayan\u0131\u015fman\u0131n ne kadar \u00f6nemli oldu\u011funu  g\u00f6stermek istiyoruz. Yine bu inan\u00e7 ve ruhla salg\u0131n\u0131 el birli\u011fiyle atlatacak ve sa\u011fl\u0131kl\u0131 g\u00fcnlere hep beraber kavu\u015faca\u011f\u0131z. Park\u0131m\u0131z\u0131n t\u00fcm Mersin halk\u0131na \u015fimdiden hay\u0131rl\u0131 olmas\u0131n\u0131 diliyorum&#8221; dedi.<\/p>\n<p>BA\u015eKAN YILMAZ, KADIN MECL\u0130S \u00dcYELER\u0130N\u0130N KADINLAR G\u00dcN\u00dc&#8217;N\u00dc KUTLADI<\/p>\n<p>Toroslar Belediye Ba\u015fkan\u0131 Ats\u0131z Af\u015f\u0131n Y\u0131lmaz, meclis toplant\u0131s\u0131n\u0131n a\u00e7\u0131l\u0131\u015f\u0131nda kad\u0131n meclis \u00fcyelerinin 8 Mart D\u00fcnya Kad\u0131nlar G\u00fcn\u00fc&#8217;n\u00fc de kutlad\u0131.<\/p>\n<p>Kad\u0131n meclis \u00fcyelerine Toroslar Belediyesi&#8217;nin Teknik ve Mesleki E\u011fitim Kurslar\u0131&#8217;nda yine kad\u0131nlar taraf\u0131ndan \u00fcretilen hediyeleri takdim eden Ba\u015fkan Y\u0131lmaz; &#8220;E\u011fitimden bilime, k\u00fclt\u00fcr,  sanattan spora ve siyasete ya\u015fam\u0131n her alan\u0131nda b\u00fcy\u00fck ba\u015far\u0131lara imza atan, aile ve toplumun yap\u0131 ta\u015f\u0131 olan t\u00fcm kad\u0131nlar\u0131n 8 Mart D\u00fcnya Kad\u0131nlar G\u00fcn\u00fc kutlu olsun&#8221; dedi.<\/p>\n<p>&#8220;MERS\u0130N&#8217;\u0130N EN G\u00dcZEL PAZAR YERLER\u0130 TOROSLAR&#8217;DA OLACAK&#8221;<\/p>\n<p>Toroslar  Belediye Ba\u015fkan\u0131 Ats\u0131z Af\u015f\u0131n Y\u0131lmaz, il\u00e7e genelindeki semt pazarlar\u0131nda uygulayacaklar\u0131 yeni d\u00fczenlemeler ile pazar yerlerinin b\u00f6lgenin ve Mersin&#8217;in en g\u00fczel pazarlar\u0131 olaca\u011f\u0131na dikkat \u00e7ekti.<\/p>\n<p>Komisyonlardan gelen g\u00fcndem maddelerinin g\u00f6r\u00fc\u015f\u00fclerek karara ba\u011fland\u0131\u011f\u0131 meclis toplant\u0131s\u0131nda, Toroslar Belediyesi Zab\u0131ta Talimatnamesinin g\u00fcncellenmesine ili\u015fkin teklif de g\u00f6r\u00fc\u015f\u00fclerek, oy birli\u011fiyle Plan ve B\u00fct\u00e7e ile \u00c7evre ve Sa\u011fl\u0131k Komisyonlar\u0131&#8217;na havale edildi.<\/p>\n<p>Pazar yerlerinde yapacaklar\u0131 d\u00fczenlemelere ili\u015fkin k\u0131sa bir bilgi veren Ba\u015fkan Y\u0131lmaz; &#8220;Pazar yerleri ile ilgili bir \u00e7al\u0131\u015fmam\u0131z oldu. Meclisimizden baz\u0131 mahallelerimizde pazar yerlerinin kurulmas\u0131 noktas\u0131nda karar ald\u0131k ve bununla ilgili \u00e7al\u0131\u015fma yapt\u0131k. Zab\u0131ta Talimatnamesinde de pazar yerlerinde yapaca\u011f\u0131m\u0131z d\u00fczenlemelere ili\u015fkin uygulamalar\u0131m\u0131z var. Semt pazarlar\u0131, vatanda\u015flar\u0131m\u0131z\u0131n en \u00e7ok hizmet g\u00f6rd\u00fc\u011f\u00fc yerler. Burada pazarc\u0131lar taraf\u0131ndan verilen hizmetin daha y\u00fcksek seviyeye ta\u015f\u0131nmas\u0131, ortam\u0131n daha temiz ve daha g\u00fcvenli olmas\u0131 amac\u0131yla bir \u00e7al\u0131\u015fmam\u0131z oldu. Buradaki ama\u00e7 belediye olarak hem\u015fehrilerimizin daha sa\u011fl\u0131kl\u0131 ve hijyenik ko\u015fullarda al\u0131\u015fveri\u015f yapabilmeleri ve pazarc\u0131lar\u0131m\u0131z\u0131n kazan\u00e7lar\u0131n\u0131n artmas\u0131d\u0131r. Hedefimiz, Mersin&#8217;in ve b\u00f6lgenin en g\u00fczel pazarlar\u0131n\u0131 vatanda\u015f\u0131m\u0131z\u0131n hizmetine sunmak. Hangi mahallede yap\u0131lacaksa o mahallenin muhtar\u0131, pazarc\u0131lar odam\u0131z ve zab\u0131tam\u0131z\u0131n g\u00f6r\u00fc\u015flerini de \u00f6n planda tutarak ortak ak\u0131lda kararlar ald\u0131k&#8221; diye konu\u015ftu.<\/p>\n<p>Daha sonra g\u00fcndemin di\u011fer maddelerine ge\u00e7ildi. Mersin \u0130li, Toroslar \u0130l\u00e7esi, 3., 4., 5. ve 8. Etap,  1\/1000 \u00f6l\u00e7ekli Revizyon Uygulama \u0130mar Plan\u0131&#8217;na ili\u015fkin t\u00fcm  komisyonlar\u0131n ortak raporu g\u00f6r\u00fc\u015f\u00fclerek, komisyonlara bir ay ek s\u00fcre verilmesi oy birli\u011fiyle kabul edildi.<\/p>\n<p>Nisan 2021 ay\u0131nda yap\u0131lacak olan meclis toplant\u0131 g\u00fcn\u00fc, 1 Nisan Per\u015fembe saat 14.00 olarak belirlenirken, toplant\u0131 dilek ve temenniler b\u00f6l\u00fcm\u00fc ile son buldu.<\/p>\n","protected":false},"excerpt":{"rendered":"<p>Toroslar Belediyesi, pandemi d\u00f6neminde canla ba\u015fla \u00e7al\u0131\u015fan ve bu u\u011furda ya\u015fam\u0131n\u0131 yitiren sa\u011fl\u0131k \u00e7al\u0131\u015fanlar\u0131n\u0131 anmak amac\u0131yla &#8220;Sa\u011fl\u0131k Kahramanlar\u0131&#8221; ad\u0131n\u0131 verdi\u011fi park\u0131n a\u00e7\u0131l\u0131\u015f\u0131n\u0131 yapmaya haz\u0131rlan\u0131yor. Toroslar Belediye Meclisi&#8217;nin Mart Ay\u0131 toplant\u0131s\u0131nda, &hellip; <a href=\"https:\/\/akdenizolaygazetesi.com\/?p=11105\" class=\"more-link\">Devam\u0131n\u0131 Oku&#8230;<\/a><\/p>\n","protected":false},"author":2,"featured_media":11107,"comment_status":"open","ping_status":"open","sticky":false,"template":"","format":"standard","meta":[],"categories":[34,1,2,3,5,9,6],"tags":[],"_links":{"self":[{"href":"https:\/\/akdenizolaygazetesi.com\/index.php?rest_route=\/wp\/v2\/posts\/11105"}],"collection":[{"href":"https:\/\/akdenizolaygazetesi.com\/index.php?rest_route=\/wp\/v2\/posts"}],"about":[{"href":"https:\/\/akdenizolaygazetesi.com\/index.php?rest_route=\/wp\/v2\/types\/post"}],"author":[{"embeddable":true,"href":"https:\/\/akdenizolaygazetesi.com\/index.php?rest_route=\/wp\/v2\/users\/2"}],"replies":[{"embeddable":true,"href":"https:\/\/akdenizolaygazetesi.com\/index.php?rest_route=%2Fwp%2Fv2%2Fcomments&post=11105"}],"version-history":[{"count":1,"href":"https:\/\/akdenizolaygazetesi.com\/index.php?rest_route=\/wp\/v2\/posts\/11105\/revisions"}],"predecessor-version":[{"id":11108,"href":"https:\/\/akdenizolaygazetesi.com\/index.php?rest_route=\/wp\/v2\/posts\/11105\/revisions\/11108"}],"wp:featuredmedia":[{"embeddable":true,"href":"https:\/\/akdenizolaygazetesi.com\/index.php?rest_route=\/wp\/v2\/media\/11107"}],"wp:attachment":[{"href":"https:\/\/akdenizolaygazetesi.com\/index.php?rest_route=%2Fwp%2Fv2%2Fmedia&parent=11105"}],"wp:term":[{"taxonomy":"category","embeddable":true,"href":"https:\/\/akdenizolaygazetesi.com\/index.php?rest_route=%2Fwp%2Fv2%2Fcategories&post=11105"},{"taxonomy":"post_tag","embeddable":true,"href":"https:\/\/akdenizolaygazetesi.com\/index.php?rest_route=%2Fwp%2Fv2%2Ftags&post=11105"}],"curies":[{"name":"wp","href":"https:\/\/api.w.org\/{rel}","templated":true}]}}