{"id":1112,"date":"2020-11-04T18:21:42","date_gmt":"2020-11-04T15:21:42","guid":{"rendered":"http:\/\/mersinekonomipolitikagazetesi.com\/?p=1112"},"modified":"2020-11-04T18:21:42","modified_gmt":"2020-11-04T15:21:42","slug":"laal-pasa-camii-ramazan-oncesi-restore-icin-kapandi-vatandas-tepkili","status":"publish","type":"post","link":"https:\/\/akdenizolaygazetesi.com\/?p=1112","title":{"rendered":"Laal Pa\u015fa Camii Ramazan \u00f6ncesi restore i\u00e7in kapand\u0131, vatanda\u015f tepkili"},"content":{"rendered":"<p>Mersin\u2019in Mut il\u00e7esinde 630 y\u0131ll\u0131k tarihi Laal Pa\u015fa Camii, restore edilmek \u00fczere 20 ay s\u00fcreyle kapand\u0131. Ramazan \u00f6ncesi caminin restore i\u00e7in kapat\u0131lmas\u0131 vatanda\u015flar\u0131n tepkisini \u00e7ekti.<\/p>\n<p>Mersin\u2019in Mut il\u00e7esinde 630 y\u0131ll\u0131k tarihi Laal Pa\u015fa Camii, restore edilmek \u00fczere 20 ay s\u00fcreyle kapand\u0131. Ramazan \u00f6ncesi caminin restore i\u00e7in kapat\u0131lmas\u0131 vatanda\u015flar\u0131n tepkisini \u00e7ekti.<br \/>\nKaramano\u011flu \u0130brahim Bey\u2019in emirleri ile Laal Pa\u015fa taraf\u0131ndan 1356\u20131390 y\u0131llar\u0131nda yap\u0131lm\u0131\u015f olan Laal Pa\u015fa Camii, 05 May\u0131s 2017 tarihinde Adana Vak\u0131flar B\u00f6lge M\u00fcd\u00fcrl\u00fc\u011f\u00fc taraf\u0131ndan Mut M\u00fcft\u00fcl\u00fc\u011f\u00fcne g\u00f6nderilen bir yaz\u0131 ile 9 May\u0131s 2017 itibari ile restorasyon amac\u0131yla kapat\u0131ld\u0131. 20 ay s\u00fcrecek olan restorasyon \u00e7al\u0131\u015fmalar\u0131na toplam 1 milyon 800 bin lira harcanaca\u011f\u0131 bildirildi.<\/p>\n<p>Ramazana iki hafta kala caminin kapanmas\u0131 vatanda\u015f\u0131n tepkisine yol a\u00e7t\u0131<br \/>\nMut il\u00e7esinin merkez camisi h\u00fcviyetinden Laal Pa\u015fa Camii&#8217;nin ramazan ay\u0131na 2 hafta kala restorasyon i\u00e7in kapanmas\u0131 vatanda\u015flar\u0131n tepkisine yola\u00e7t\u0131. \u015eehrin g\u00f6be\u011finde cemaate hizmet veren bu b\u00fcy\u00fck ve tarihi caminin en az\u0131ndan ramazan ay\u0131ndan sonra kapanmas\u0131n\u0131 ve restore \u00e7al\u0131\u015fmalar\u0131n\u0131n ba\u015flamas\u0131n\u0131 isteyen vatanda\u015flar, Adana Vak\u0131flar B\u00f6lge M\u00fcd\u00fcrl\u00fc\u011f\u00fcn\u00fcn bu konuda duyarl\u0131l\u0131k g\u00f6stermesini istedi.<\/p>\n<p>Laal Pa\u015fa Camiinin tarih\u00e7esi<br \/>\nLaal Pa\u015fa Camii\u2019nin tarih\u00e7esi, Karaman o\u011fullar\u0131 \u0130brahim Bey&#8217;in emirleri ile Lala Pa\u015fa taraf\u0131ndan (1356\u20131390) yapt\u0131r\u0131lm\u0131\u015ft\u0131r. Kare planl\u0131 ve orta kubbeli olan cami d\u00fczg\u00fcn kesme ta\u015flarla in\u015fa edilmi\u015ftir. Kitabesine g\u00f6re iki defa onar\u0131m g\u00f6ren caminin bah\u00e7esinde 2 adet t\u00fcrbe bulunmaktad\u0131r. K\u00fcmbetlerin birinde 3 adet, di\u011ferinde ise 4 adet mezar bulunmaktad\u0131r.<br \/>\nEvliya \u00c7elebi Seyahat-Namesi\u2019ne g\u00f6re Laal Pa\u015fa bu k\u00fcmbetlerin birisinde yatmaktad\u0131r.<\/p>\n","protected":false},"excerpt":{"rendered":"<p>Mersin\u2019in Mut il\u00e7esinde 630 y\u0131ll\u0131k tarihi Laal Pa\u015fa Camii, restore edilmek \u00fczere 20 ay s\u00fcreyle kapand\u0131. Ramazan \u00f6ncesi caminin restore i\u00e7in kapat\u0131lmas\u0131 vatanda\u015flar\u0131n tepkisini \u00e7ekti. Mersin\u2019in Mut il\u00e7esinde 630 y\u0131ll\u0131k &hellip; <a href=\"https:\/\/akdenizolaygazetesi.com\/?p=1112\" class=\"more-link\">Devam\u0131n\u0131 Oku&#8230;<\/a><\/p>\n","protected":false},"author":1,"featured_media":0,"comment_status":"open","ping_status":"open","sticky":false,"template":"","format":"standard","meta":[],"categories":[],"tags":[],"_links":{"self":[{"href":"https:\/\/akdenizolaygazetesi.com\/index.php?rest_route=\/wp\/v2\/posts\/1112"}],"collection":[{"href":"https:\/\/akdenizolaygazetesi.com\/index.php?rest_route=\/wp\/v2\/posts"}],"about":[{"href":"https:\/\/akdenizolaygazetesi.com\/index.php?rest_route=\/wp\/v2\/types\/post"}],"author":[{"embeddable":true,"href":"https:\/\/akdenizolaygazetesi.com\/index.php?rest_route=\/wp\/v2\/users\/1"}],"replies":[{"embeddable":true,"href":"https:\/\/akdenizolaygazetesi.com\/index.php?rest_route=%2Fwp%2Fv2%2Fcomments&post=1112"}],"version-history":[{"count":0,"href":"https:\/\/akdenizolaygazetesi.com\/index.php?rest_route=\/wp\/v2\/posts\/1112\/revisions"}],"wp:attachment":[{"href":"https:\/\/akdenizolaygazetesi.com\/index.php?rest_route=%2Fwp%2Fv2%2Fmedia&parent=1112"}],"wp:term":[{"taxonomy":"category","embeddable":true,"href":"https:\/\/akdenizolaygazetesi.com\/index.php?rest_route=%2Fwp%2Fv2%2Fcategories&post=1112"},{"taxonomy":"post_tag","embeddable":true,"href":"https:\/\/akdenizolaygazetesi.com\/index.php?rest_route=%2Fwp%2Fv2%2Ftags&post=1112"}],"curies":[{"name":"wp","href":"https:\/\/api.w.org\/{rel}","templated":true}]}}