{"id":11121,"date":"2021-03-04T14:52:24","date_gmt":"2021-03-04T11:52:24","guid":{"rendered":"http:\/\/akdenizolaygazetesi.com\/?p=11121"},"modified":"2021-03-04T14:52:24","modified_gmt":"2021-03-04T11:52:24","slug":"erdemli-belediyesinden-afet-egitimi","status":"publish","type":"post","link":"https:\/\/akdenizolaygazetesi.com\/?p=11121","title":{"rendered":"ERDEML\u0130 BELED\u0130YES\u0130&#8217;NDEN AFET E\u011e\u0130T\u0130M\u0130"},"content":{"rendered":"<p>Erdemli Belediye personellerine, Mersin Valili\u011fi \u0130l Afet ve Acil Durum M\u00fcd\u00fcrl\u00fc\u011f\u00fc taraf\u0131ndan \u2018Afet Fark\u0131ndal\u0131k E\u011fitimi\u2019 verildi.<\/p>\n<p>Erdemli Belediyesi, personellerini her duruma haz\u0131rlayarak fark\u0131ndal\u0131k yarat\u0131yor. \u00d6zellikle 2020 y\u0131l\u0131nda \u00fcst \u00fcste gelen felaketler kar\u015f\u0131s\u0131nda kararl\u0131 bir duru\u015f sergileyerek, can ve mal kayb\u0131n\u0131 en aza indiren, an\u0131nda m\u00fcdahale ile k\u0131sa s\u00fcrede toparlanma sa\u011flayan T\u00fcrkiye\u2019de her kurumda oldu\u011fu gibi Erdemli Belediyesi de haz\u0131rl\u0131kl\u0131 olmak i\u00e7in \u00e7al\u0131\u015fmalar\u0131na devam ediyor.<\/p>\n<p>Bilin\u00e7li \u00c7al\u0131\u015fan, G\u00fcvenli Ortam<\/p>\n<p>Her y\u0131l \u00e7e\u015fitli konularda yap\u0131lan e\u011fitimler ile bilin\u00e7li bir \u00e7al\u0131\u015fma ortam\u0131 yaratan Belediye\u2019de bu kez, Mersin Valili\u011fi \u0130l Afet ve Acil Durum M\u00fcd\u00fcrl\u00fc\u011f\u00fc taraf\u0131ndan \u2018Afet Fark\u0131ndal\u0131k E\u011fitimi\u2019 verildi. Belediye ana binada ger\u00e7ekle\u015fti. \u0130l Afet ve Acil Durum Uzman\u0131 taraf\u0131ndan ger\u00e7ekle\u015ftirilen e\u011fitimlere kat\u0131lan personeller, bilin\u00e7li \u00e7al\u0131\u015fma ortam\u0131 ile ilgili e\u011fitim ald\u0131.<\/p>\n<p>Ba\u015fkan Tollu, \u201cVatanda\u015flar\u0131m\u0131za G\u00fcvenli Ortam Sa\u011flamaya Haz\u0131r\u0131z\u201d<\/p>\n<p>Ya\u015fanabilecek her t\u00fcrl\u00fc do\u011fa olay\u0131na kar\u015f\u0131 haz\u0131rl\u0131kl\u0131 olmak gerekti\u011fini vurgulayan Erdemli Belediye Ba\u015fkan\u0131 M\u00fckerrem Tollu, insan hayat\u0131n\u0131n \u00f6nemine dikkat \u00e7ekti. Ba\u015fkan Tollu, \u201cTasas\u0131 bir, sevinci bir, kederi bir olan g\u00f6n\u00fclda\u015flar\u0131m\u0131z\u0131n birlik i\u00e7erisinde olmas\u0131 ad\u0131na \u00e7al\u0131\u015f\u0131yoruz. Allah bu birlikteli\u011fimizi bozmas\u0131n. Bizlere sa\u011fl\u0131kl\u0131, mutlu, huzurlu, afet ve kazalardan uzak bir \u00fclke nasip etsin. \u00dclkemizde son y\u0131llarda ya\u015fanan felaketlerin yaralar\u0131n\u0131 hep birlikte sarmak ad\u0131na m\u00fccadele ettik ve bunu ba\u015fard\u0131k. Dile\u011fimiz b\u00f6yle felaketlerin bir daha ya\u015fanmamas\u0131. Lakin do\u011fa olaylar\u0131 ani ve haz\u0131rl\u0131ks\u0131z meydana gelir, bizlerde bu durumlarda \u00e7al\u0131\u015fmalar\u0131m\u0131z\u0131 en g\u00fcvenilir \u015fekilde ger\u00e7ekle\u015ftirmek, vatanda\u015flar\u0131m\u0131z\u0131n yard\u0131m\u0131na ko\u015fmak ad\u0131na e\u011fitimler al\u0131yoruz. Bir\u00e7ok olayda yaralar\u0131 hep birlikte sarmaya \u00e7al\u0131\u015farak, birlik ve beraberli\u011fimizi per\u00e7inledik. Umar\u0131m b\u00f6yle olaylar ya\u015famay\u0131z ancak olurda ya\u015farsak, Erdemli Belediyesi olarak vatanda\u015flar\u0131m\u0131za g\u00fcvenli bir ortam sa\u011flamak ad\u0131na gayretimiz.\u201d diye konu\u015ftu.<\/p>\n","protected":false},"excerpt":{"rendered":"<p>Erdemli Belediye personellerine, Mersin Valili\u011fi \u0130l Afet ve Acil Durum M\u00fcd\u00fcrl\u00fc\u011f\u00fc taraf\u0131ndan \u2018Afet Fark\u0131ndal\u0131k E\u011fitimi\u2019 verildi. Erdemli Belediyesi, personellerini her duruma haz\u0131rlayarak fark\u0131ndal\u0131k yarat\u0131yor. \u00d6zellikle 2020 y\u0131l\u0131nda \u00fcst \u00fcste gelen &hellip; <a href=\"https:\/\/akdenizolaygazetesi.com\/?p=11121\" class=\"more-link\">Devam\u0131n\u0131 Oku&#8230;<\/a><\/p>\n","protected":false},"author":2,"featured_media":11122,"comment_status":"open","ping_status":"open","sticky":false,"template":"","format":"standard","meta":[],"categories":[34,1,2,3,5],"tags":[],"_links":{"self":[{"href":"https:\/\/akdenizolaygazetesi.com\/index.php?rest_route=\/wp\/v2\/posts\/11121"}],"collection":[{"href":"https:\/\/akdenizolaygazetesi.com\/index.php?rest_route=\/wp\/v2\/posts"}],"about":[{"href":"https:\/\/akdenizolaygazetesi.com\/index.php?rest_route=\/wp\/v2\/types\/post"}],"author":[{"embeddable":true,"href":"https:\/\/akdenizolaygazetesi.com\/index.php?rest_route=\/wp\/v2\/users\/2"}],"replies":[{"embeddable":true,"href":"https:\/\/akdenizolaygazetesi.com\/index.php?rest_route=%2Fwp%2Fv2%2Fcomments&post=11121"}],"version-history":[{"count":1,"href":"https:\/\/akdenizolaygazetesi.com\/index.php?rest_route=\/wp\/v2\/posts\/11121\/revisions"}],"predecessor-version":[{"id":11123,"href":"https:\/\/akdenizolaygazetesi.com\/index.php?rest_route=\/wp\/v2\/posts\/11121\/revisions\/11123"}],"wp:featuredmedia":[{"embeddable":true,"href":"https:\/\/akdenizolaygazetesi.com\/index.php?rest_route=\/wp\/v2\/media\/11122"}],"wp:attachment":[{"href":"https:\/\/akdenizolaygazetesi.com\/index.php?rest_route=%2Fwp%2Fv2%2Fmedia&parent=11121"}],"wp:term":[{"taxonomy":"category","embeddable":true,"href":"https:\/\/akdenizolaygazetesi.com\/index.php?rest_route=%2Fwp%2Fv2%2Fcategories&post=11121"},{"taxonomy":"post_tag","embeddable":true,"href":"https:\/\/akdenizolaygazetesi.com\/index.php?rest_route=%2Fwp%2Fv2%2Ftags&post=11121"}],"curies":[{"name":"wp","href":"https:\/\/api.w.org\/{rel}","templated":true}]}}