{"id":1113,"date":"2020-11-04T18:21:42","date_gmt":"2020-11-04T15:21:42","guid":{"rendered":"http:\/\/mersinekonomipolitikagazetesi.com\/?p=1113"},"modified":"2020-11-04T18:21:42","modified_gmt":"2020-11-04T15:21:42","slug":"insaat-ustasi-kadin-anneler-gunune-calisarak-girecek","status":"publish","type":"post","link":"https:\/\/akdenizolaygazetesi.com\/?p=1113","title":{"rendered":"\u0130n\u015faat ustas\u0131 kad\u0131n, Anneler G\u00fcn\u00fc&#8217;ne \u00e7al\u0131\u015farak girecek"},"content":{"rendered":"<p>Mersin\u2019in Silifke il\u00e7esinde in\u015faatlarda \u00e7al\u0131\u015fan fayans ustas\u0131 Meral Do\u011fan (45) Anneler G\u00fcn\u00fc&#8217;ne \u00e7al\u0131\u015farak girecek.<\/p>\n<p>E\u015finden ayr\u0131ld\u0131ktan sonra k\u0131z\u0131na ve annesine bakmak zorunda kalan Meral Do\u011fan, ge\u00e7imini s\u00fcrd\u00fcrebilmek i\u00e7in in\u015faatlarda karo ve fayans i\u015fi yap\u0131yor. 10 y\u0131l s\u00fcrekli karo fayans i\u015finde \u00e7al\u0131\u015ft\u0131ktan sonra rahats\u0131zlanan Meral Do\u011fan, daha sonra bir tekne kiralayarak olta bal\u0131k\u00e7\u0131l\u0131\u011f\u0131na ba\u015flad\u0131. Tuttu\u011fu bal\u0131klar\u0131 satarak ge\u00e7imini s\u00fcrd\u00fcrmeye \u00e7al\u0131\u015fan Do\u011fan, ak\u015famlar\u0131 da boncuktan yapt\u0131\u011f\u0131 bilekleri satarak ge\u00e7imini sa\u011fl\u0131yor.<br \/>\nE\u015finden ayr\u0131ld\u0131ktan sonra ge\u00e7im s\u0131k\u0131nt\u0131s\u0131 nedeniyle zor g\u00fcnler ge\u00e7irdi\u011fini belirten Meral Do\u011fan, \u201cGe\u00e7im s\u0131k\u0131nt\u0131s\u0131 nedeniyle in\u015faat i\u015fine ba\u015flamak zorunda kald\u0131m. \u0130n\u015faatta \u00e7\u0131rakl\u0131kla ba\u015flad\u0131\u011f\u0131m i\u015fimde sonra kalfa ve daha sonra usta oldum. Zamanla bu i\u015fi geli\u015ftirerek \u0130n\u015faat ustal\u0131\u011f\u0131n\u0131 kendime meslek edindim. Tarlada \u00e7al\u0131\u015ft\u0131m. Ancak ge\u00e7imimizi sa\u011flayamad\u0131m. Az kazan\u0131yordum. Bu kaynaklar bize yetmiyordu. \u0130n\u015faat i\u015finde biraz daha fazla para al\u0131nca bu i\u015fi 10 y\u0131l devam ettirdim. Rahats\u0131zl\u0131\u011f\u0131mdan dolay\u0131 in\u015faata ara verdim. Ancak yine ara ara in\u015faatlarda \u00e7al\u0131\u015fmaya devam ediyorum. \u0130n\u015faat i\u015fini b\u0131rakt\u0131ktan sonra bir tekne kiralay\u0131p olta bal\u0131k\u00e7\u0131l\u0131\u011f\u0131na ba\u015flad\u0131m. Burada tuttu\u011fum bal\u0131klar\u0131 satarak ge\u00e7imimizi s\u00fcrd\u00fcrmeye \u00e7al\u0131\u015ft\u0131m. Sonra internet ortam\u0131nda gezerken boncuktan yap\u0131lan el i\u015fleri ilgimi \u00e7ekti. Bu boncuklardan bileklik yap\u0131p satarak \u015fimdilerde ge\u00e7imimizi s\u00fcrd\u00fcr\u00fcyorum. Hi\u00e7bir \u015fey g\u00fcc\u00fcme gitmiyor. Helalinden kazan\u0131p aileme bak\u0131yorum. Bug\u00fcn anneler g\u00fcn\u00fc ancak ben yine \u00e7al\u0131\u015fmaya devam ediyorum. Mecbur \u00e7al\u0131\u015fmak zorunday\u0131m\u201d dedi.<br \/>\nMeral Do\u011fan\u2019\u0131n k\u0131z\u0131 Cansu Do\u011fan (23) ise \u201cAnnem 10 y\u0131ld\u0131r in\u015faatlarda \u00e7al\u0131\u015ft\u0131. Sonra bal\u0131k\u00e7\u0131l\u0131\u011fa d\u00f6nd\u00fc. \u015eimdi boncuk satarak bizlere bak\u0131yor. Evimizin ge\u00e7imini sa\u011fl\u0131yor. Kendisi ile gurur duyuyorum. Bug\u00fcn anneler g\u00fcn\u00fc benim yaln\u0131zca bug\u00fcn de\u011fil bana her g\u00fcn \u00f6zel\u201d dedi.<br \/>\nMeral Do\u011fan\u2019\u0131n in\u015faatta ki ustas\u0131 Yal\u00e7\u0131n E\u015fsiz ise, \u201cMeral han\u0131m yan\u0131m\u0131za ilk geldi\u011finde tabi\u00ee ki \u015fa\u015f\u0131rd\u0131k. Beceremez dedik. Ama yan\u0131ld\u0131k. \u00c7\u0131rak, kalfa ve daha sonra usta oldu. Ge\u00e7imini kazanmaya \u00e7al\u0131\u015f\u0131yor\u201d dedi.<\/p>\n","protected":false},"excerpt":{"rendered":"<p>Mersin\u2019in Silifke il\u00e7esinde in\u015faatlarda \u00e7al\u0131\u015fan fayans ustas\u0131 Meral Do\u011fan (45) Anneler G\u00fcn\u00fc&#8217;ne \u00e7al\u0131\u015farak girecek. E\u015finden ayr\u0131ld\u0131ktan sonra k\u0131z\u0131na ve annesine bakmak zorunda kalan Meral Do\u011fan, ge\u00e7imini s\u00fcrd\u00fcrebilmek i\u00e7in in\u015faatlarda karo &hellip; <a href=\"https:\/\/akdenizolaygazetesi.com\/?p=1113\" class=\"more-link\">Devam\u0131n\u0131 Oku&#8230;<\/a><\/p>\n","protected":false},"author":1,"featured_media":0,"comment_status":"open","ping_status":"open","sticky":false,"template":"","format":"standard","meta":[],"categories":[],"tags":[],"_links":{"self":[{"href":"https:\/\/akdenizolaygazetesi.com\/index.php?rest_route=\/wp\/v2\/posts\/1113"}],"collection":[{"href":"https:\/\/akdenizolaygazetesi.com\/index.php?rest_route=\/wp\/v2\/posts"}],"about":[{"href":"https:\/\/akdenizolaygazetesi.com\/index.php?rest_route=\/wp\/v2\/types\/post"}],"author":[{"embeddable":true,"href":"https:\/\/akdenizolaygazetesi.com\/index.php?rest_route=\/wp\/v2\/users\/1"}],"replies":[{"embeddable":true,"href":"https:\/\/akdenizolaygazetesi.com\/index.php?rest_route=%2Fwp%2Fv2%2Fcomments&post=1113"}],"version-history":[{"count":0,"href":"https:\/\/akdenizolaygazetesi.com\/index.php?rest_route=\/wp\/v2\/posts\/1113\/revisions"}],"wp:attachment":[{"href":"https:\/\/akdenizolaygazetesi.com\/index.php?rest_route=%2Fwp%2Fv2%2Fmedia&parent=1113"}],"wp:term":[{"taxonomy":"category","embeddable":true,"href":"https:\/\/akdenizolaygazetesi.com\/index.php?rest_route=%2Fwp%2Fv2%2Fcategories&post=1113"},{"taxonomy":"post_tag","embeddable":true,"href":"https:\/\/akdenizolaygazetesi.com\/index.php?rest_route=%2Fwp%2Fv2%2Ftags&post=1113"}],"curies":[{"name":"wp","href":"https:\/\/api.w.org\/{rel}","templated":true}]}}