{"id":11132,"date":"2021-03-05T11:46:39","date_gmt":"2021-03-05T08:46:39","guid":{"rendered":"http:\/\/akdenizolaygazetesi.com\/?p=11132"},"modified":"2021-03-05T11:46:39","modified_gmt":"2021-03-05T08:46:39","slug":"baskan-secer-tarsus-atiksu-aritma-tesisindeki-calismalari-inceledi","status":"publish","type":"post","link":"https:\/\/akdenizolaygazetesi.com\/?p=11132","title":{"rendered":"BA\u015eKAN SE\u00c7ER, TARSUS ATIKSU ARITMA TES\u0130S\u0130\u2019NDEK\u0130 \u00c7ALI\u015eMALARI \u0130NCELED\u0130"},"content":{"rendered":"<p>Mersin B\u00fcy\u00fck\u015fehir Belediye Ba\u015fkan\u0131 Vahap Se\u00e7er, Tarsus il\u00e7esi Karabucak mevkiinde yer alan MESK\u0130 At\u0131ksu Ar\u0131tma Tesisi\u2019nde incelemelerde bulundu. Yenileme \u00e7al\u0131\u015fmalar\u0131yla ilgili bilgi alan Se\u00e7er, yele\u011fini giyip tesisi gezdi. Se\u00e7er, daha sonra Ba\u011flar Mahallesi Pazar Yeri\u2019nde de pazar esnaf\u0131 ile bir araya gelip, vatanda\u015flarla selamla\u015ft\u0131.<\/p>\n<p>Ba\u015fkan Se\u00e7er, \u00e7i\u00e7ekler ve T\u00fcrk Bayra\u011f\u0131 tablosu ile kar\u015f\u0131land\u0131<\/p>\n<p>Ba\u015fkan Se\u00e7er\u2019e saha gezisi s\u0131ras\u0131nda MESK\u0130 Genel M\u00fcd\u00fcr Vekili \u0130rfan Korkmaz, CHP Tarsus \u0130l\u00e7e Ba\u015fkan\u0131 Ozan Varal, B\u00fcy\u00fck\u015fehir Belediyesi ve Tarsus Belediyesi Meclis \u00dcyeleri, MESK\u0130 b\u00fcrokratlar\u0131 ve daire ba\u015fkanlar\u0131 e\u015flik etti. MESK\u0130 At\u0131ksu Ar\u0131tma Tesisi incelemesinin ard\u0131ndan Ba\u011flar Mahallesi Pazar Yeri\u2019ne gelen Ba\u015fkan Se\u00e7er\u2019i Ba\u011flar Mahalle Muhtar\u0131 Ahmet Altunda\u011f ellerinde \u00e7i\u00e7eklerle kar\u015f\u0131lad\u0131. Ba\u015fkan Se\u00e7er\u2019e B\u00fcy\u00fck\u015fehir Belediyesi \u0130tfaiye Dairesi Ba\u015fkanl\u0131\u011f\u0131 Tarsus Ba\u011flar \u0130tfaiye \u015eubesi itfaiyecileri de T\u00fcrk Bayra\u011f\u0131 tablosu hediye etti.<\/p>\n<p>Ba\u011flar Mahallesi Pazar Yeri\u2019nde pazar esnaf\u0131na \u2018Hay\u0131rl\u0131 i\u015fler\u2019 dileyen Se\u00e7er, vatanda\u015flar ile de selamla\u015ft\u0131. Se\u00e7er\u2019in pazar gezisi s\u0131ras\u0131nda B\u00fcy\u00fck\u015fehir Belediyesi personelleri taraf\u0131ndan da pazar esnaf\u0131 ile vatanda\u015flara takvim, \u015fapka ve B\u00fcy\u00fck\u015fehir Belediyesi\u2019nin hizmetlerinin yaz\u0131l\u0131 oldu\u011fu gazetelerden da\u011f\u0131t\u0131ld\u0131. Se\u00e7er, Tarsus gezisi kapsam\u0131nda son olarak, \u0130mece Outlet\u2019e u\u011frayarak, tekstil i\u015f\u00e7ilerine \u2018Kolay gelsin\u2019 dile\u011finde bulundu.<\/p>\n<p>\u201c\u00c7evre sa\u011fl\u0131\u011f\u0131 a\u00e7\u0131s\u0131ndan ar\u0131tma tesislerimizi \u00f6nemsiyoruz\u201d<\/p>\n<p>Ba\u015fkan Se\u00e7er, Tarsus At\u0131ksu Ar\u0131tma Tesisi\u2019nde yenileme ve revizyon \u00e7al\u0131\u015fmalar\u0131 oldu\u011funu, bu \u00e7al\u0131\u015fmalar\u0131n maliyetinin yakla\u015f\u0131k 7 milyon lira d\u00fczeyinde bulundu\u011funu belirterek, \u201cAncak sadece buras\u0131 de\u011fil, mevcudumuzda \u015fu anda 11 paket, 12 konvansiyonel olmak \u00fczere toplamda 23 ar\u0131tmam\u0131z var. Tamam\u0131nda revizyon isteyen tesislerimizde bu \u00e7al\u0131\u015fmalar\u0131 yap\u0131yoruz. \u015eu ana kadar da yakla\u015f\u0131k olarak 40 milyon liral\u0131k bir \u00e7al\u0131\u015fma planland\u0131 ve b\u00fcy\u00fck bir oranda da ger\u00e7ekle\u015fiyor. Tabii ki bu devam edecek. Ar\u0131tmalar canl\u0131 organizmalar gibi. \u00c7al\u0131\u015f\u0131yor sistem ve ar\u0131za verebiliyor ya da sistem i\u00e7erisindeki baz\u0131 par\u00e7alar eskiyebiliyor ya da demode oluyor. Daha yeni bir teknoloji kullanman\u0131z gerekiyor. Bunlar\u0131 takip ediyoruz. Neden takip ediyoruz? \u00c7evre sa\u011fl\u0131\u011f\u0131 a\u00e7\u0131s\u0131ndan do\u011fal olarak ar\u0131tma tesislerimizi \u00f6nemsiyoruz. \u0130nsan sa\u011fl\u0131\u011f\u0131, \u00e7evre sa\u011fl\u0131\u011f\u0131 esas ve bu do\u011frultuda s\u00fcrekli \u00e7al\u0131\u015fmalar\u0131m\u0131z\u0131 s\u00fcrd\u00fcr\u00fcyoruz\u201d dedi.<\/p>\n<p>\u201cG\u00f6zne Yaylas\u0131\u2019nda y\u0131llard\u0131r beklenen yat\u0131r\u0131mlar\u0131 yapaca\u011f\u0131z\u201d<\/p>\n<p>Ba\u015fkan Se\u00e7er, kanalizasyon konusunda uzun y\u0131llard\u0131r beklenen yat\u0131r\u0131mlar\u0131 yapacaklar\u0131n\u0131 da ifade ederek, ilerleyen s\u00fcre\u00e7te Mersin\u2019in bat\u0131, kuzey bat\u0131, yayla b\u00f6lgeleri gibi ihtiya\u00e7 duyulan b\u00fct\u00fcn yerlerde hem ar\u0131tma hem konvansiyonel, merkezi ya da ihtiya\u00e7 oran\u0131na g\u00f6re paket ar\u0131tma \u00e7al\u0131\u015fmalar\u0131n\u0131n s\u00fcrd\u00fcr\u00fcld\u00fc\u011f\u00fcn\u00fc belirtti. Se\u00e7er, \u201cG\u00f6zne Yaylas\u0131\u2019nda y\u0131llar s\u00fcren kanalizasyon sorunu var. \u015eu anda kanalizasyon in\u015faat\u0131 ba\u015flad\u0131 say\u0131l\u0131r. \u0130hale etmi\u015ftik, yer teslimini yapt\u0131k. S\u00fcratle de ger\u00e7ekle\u015ftirece\u011fiz. Hemen akabinde birka\u00e7 ay i\u00e7erisinde de oran\u0131n ar\u0131tma ihalesi de ger\u00e7ekle\u015fmi\u015f olacak. Uzun y\u0131llard\u0131r beklenen o yat\u0131r\u0131mlar\u0131 oraya yapaca\u011f\u0131z. Yine Tepek\u00f6y\u2019de bir paket ar\u0131tma \u00e7al\u0131\u015fmam\u0131z var. O da \u015fu anda hayata ge\u00e7iyor. Yine \u015fu anda Tarsus\u2019tay\u0131z. Ar\u0131tma tesisimiz burada ama \u00e7evre yerle\u015fim yerlerinde, daha \u00f6nce k\u00f6y stat\u00fcs\u00fcnde, belde stat\u00fcs\u00fcnde olan yerlerde, \u015fimdi hepsi B\u00fcy\u00fck\u015fehir\u2019in s\u0131n\u0131rlar\u0131 i\u00e7erisinde. Kanalizasyon sorunu var, kanalizasyon altyap\u0131 eksikli\u011fi var. Onlar\u0131 tamamlay\u0131p yine bu ar\u0131tmam\u0131za ba\u011flayaca\u011f\u0131z\u201d diye konu\u015ftu.<\/p>\n<p>\u201cTarsus\u2019tan Anamur\u2019a kadar hi\u00e7bir ayr\u0131m yapmadan \u00e7al\u0131\u015fmalar\u0131m\u0131z\u0131 s\u00fcrd\u00fcrece\u011fiz\u201d<\/p>\n<p>Se\u00e7er, \u00e7al\u0131\u015fmalar\u0131 yaparken kent genelinde hi\u00e7bir ayr\u0131m g\u00f6zetmediklerinin de alt\u0131n\u0131 \u00e7izerek, \u201cTarsus\u2019tan Anamur\u2019a kadar, \u00c7aml\u0131yayla\u2019dan Mut\u2019a kadar her b\u00f6lgemizde hi\u00e7bir ayr\u0131m yapmadan, ihtiyaca mukabil, \u00f6ncelikli ihtiya\u00e7lar\u0131 tabi ki \u00f6ne alarak, bu \u00e7al\u0131\u015fmalar\u0131m\u0131z\u0131 s\u00fcrd\u00fcrece\u011fiz. \u00d6rne\u011fin G\u00fclnar \u00f6nemli bir yat\u0131r\u0131m bekliyor. Orada kanalizasyon G\u00fclnar\u2019\u0131n i\u00e7erisinde derenin i\u00e7erisine ak\u0131yor. Bunu biliyoruz. Etrafa koku veriyor, rahats\u0131zl\u0131k veriyor. Sa\u011fl\u0131k a\u00e7\u0131s\u0131ndan son derece s\u0131k\u0131nt\u0131l\u0131. O da yak\u0131n zamanda yapaca\u011f\u0131m\u0131z ihale sonras\u0131 ba\u015flayacak in\u015faatlar\u0131m\u0131zdan bir tanesi olacak. Her k\u00f6\u015fede, her alanda oldu\u011fu gibi yine MESK\u0130\u2019miz at\u0131ksu ar\u0131tma tesisleri ve buna ba\u011fl\u0131 olarak kanalizasyon konusunda \u00e7al\u0131\u015fmalar yap\u0131yor. Ancak yeni tesislerimiz ya da eski revize etti\u011fimiz tesislerimizi s\u00f6yledim, m\u00fcmk\u00fcnse en son teknoloji kullan\u0131larak yap\u0131lmal\u0131. Hem daha etkin \u00e7al\u0131\u015fmas\u0131, daha verimli \u00e7al\u0131\u015fmas\u0131 a\u00e7\u0131s\u0131ndan hem de sonu\u00e7 alma bak\u0131m\u0131ndan \u00f6nemli oldu\u011funu d\u00fc\u015f\u00fcn\u00fcyoruz\u201d ifadelerini kulland\u0131.<\/p>\n<p>At\u0131ksu ar\u0131tma tesisinden elde edilen su tar\u0131mda kullan\u0131labilecek<\/p>\n<p>Ba\u015fkan Se\u00e7er, at\u0131ksu ar\u0131tma tesisinden elde edilen temiz suyun tar\u0131mda ve bah\u00e7e sulamada kullan\u0131labilmesi y\u00f6n\u00fcnde de \u00e7al\u0131\u015fmalar yapt\u0131klar\u0131n\u0131 belirterek, \u015funlar\u0131 s\u00f6yledi:<\/p>\n<p>\u201cYine ar\u0131tma tesislerinin nihai \u00fcr\u00fcnlerinin de de\u011ferlendirilmesi konusu var. Buradan bir temiz su elde ediliyor ve bu tar\u0131mda pek\u00e2l\u00e2 kullan\u0131labilir. Bah\u00e7e sulamada kullan\u0131labilir. Arkada\u015flar\u0131m\u0131z bu y\u00f6nde de \u00e7al\u0131\u015fma yap\u0131yor. \u00d6rne\u011fin Mezitli\u2019de yeni bir at\u0131ksu ar\u0131tma tesisimiz devreye girdi. Oradan elde edilen ve tar\u0131msal sulamada kullan\u0131labilecek ya da vatanda\u015flar\u0131m\u0131z sitelerinde, evlerinde, bah\u00e7elerinde kullanabilecekleri suyu oradan temin edebilecekler. Arkada\u015flar\u0131m\u0131z onun \u00fczerine \u00e7al\u0131\u015f\u0131yorlar. \u00c7amur sorunu var. \u015eu anda d\u00fczenli depolama alanlar\u0131m\u0131z var. Oralara depoluyoruz ama \u00e7amur yapma konusunda da arkada\u015flar\u0131m\u0131z \u00e7al\u0131\u015fmalar y\u00fcr\u00fct\u00fcyor. Onlardan elde edilecek ekstra baz\u0131 faydalar konusunda teknolojiyi kullanarak bunlar\u0131 yapmaya \u00e7al\u0131\u015f\u0131yoruz. Biz Karaduvar\u2019da elektrik \u00fcretiyoruz. Biyogazdan. Y\u0131lda da 3 milyon kilowatt elektrik; ki bu yakla\u015f\u0131k 1700 hane demek, 1700 haneye elektrik vermek demek. Yine Mezitli\u2019de devreye ald\u0131\u011f\u0131m\u0131z yeni tesisimizde b\u00f6yle bir \u00e7al\u0131\u015fma bitti. \u015eu anda orada da biyogazdan elektrik \u00fcretimi ba\u015flad\u0131. O tesisimizde de y\u0131lda 1 milyon kilowatt elektrik \u00fcretimi sa\u011flayaca\u011f\u0131z.\u201d<\/p>\n<p>12 tesiste 214 milyon 722 bin metrek\u00fcp at\u0131ksu ar\u0131t\u0131ld\u0131<\/p>\n<p>MESK\u0130 taraf\u0131ndan Karaduvar ve Mezitli At\u0131ksu Ar\u0131tma Tesisleri\u2019nde biyogazdan enerji \u00fcretiliyor. Mezitli\u2019nin enerji \u00fcretim lisans\u0131 i\u015flemleri 2021 y\u0131l\u0131 ba\u015f\u0131nda tamamland\u0131. Karaduvar At\u0131ksu Ar\u0131tma Tesisi\u2019nde 2020 y\u0131l\u0131 i\u00e7erisinde 3 milyon 13 bin 976 kilowatt enerji \u00fcretildi. Mali de\u011feri yakla\u015f\u0131k 2 milyon 520 bin liraya denk gelen bu enerji, 1675 hanenin enerji ihtiyac\u0131n\u0131 kar\u015f\u0131lamaya yetiyor. MESK\u0130\u2019nin tesislerde yapt\u0131\u011f\u0131 modernizasyonlar sayesinde 2020 y\u0131l\u0131ndaki enerji \u00fcretimi bir \u00f6nceki y\u0131la g\u00f6re y\u00fczde 66,2 artt\u0131. Ar\u0131tma tesislerinin modernizasyonu i\u00e7in 18 ayd\u0131r \u00e7al\u0131\u015fmalar aral\u0131ks\u0131z s\u00fcr\u00fcyor. Ba\u015fkan Se\u00e7er\u2019in g\u00f6reve geldi\u011fi g\u00fcnden bu yana 12 tesiste toplam 214 milyon 722 bin metrek\u00fcp at\u0131ksu ar\u0131t\u0131ld\u0131.<\/p>\n<p>Daha verimli ve ekonomik ar\u0131tma yapabilecek tesis d\u00f6n\u00fc\u015f\u00fcm\u00fcn\u00fc sa\u011flamak amac\u0131yla \u00e7al\u0131\u015fmalar y\u00fcr\u00fcten MESK\u0130, bug\u00fcne kadar yakla\u015f\u0131k 25 milyon lira maliyetli yenileme \u00e7al\u0131\u015fmas\u0131 ger\u00e7ekle\u015ftirdi. MESK\u0130, ar\u0131tma suyunun kalitesini art\u0131rarak bu sayede \u00e7evre temizli\u011fine \u00f6nemli katk\u0131 sa\u011flamay\u0131 ama\u00e7l\u0131yor. MESK\u0130, t\u00fcm At\u0131ksu Ar\u0131tma Tesislerinin \u00e7amuru ve nakli ile bertaraf\u0131 i\u00e7in de bu ay\u0131n sonunda ihaleye \u00e7\u0131kmay\u0131 planl\u0131yor.<\/p>\n","protected":false},"excerpt":{"rendered":"<p>Mersin B\u00fcy\u00fck\u015fehir Belediye Ba\u015fkan\u0131 Vahap Se\u00e7er, Tarsus il\u00e7esi Karabucak mevkiinde yer alan MESK\u0130 At\u0131ksu Ar\u0131tma Tesisi\u2019nde incelemelerde bulundu. Yenileme \u00e7al\u0131\u015fmalar\u0131yla ilgili bilgi alan Se\u00e7er, yele\u011fini giyip tesisi gezdi. Se\u00e7er, daha &hellip; <a href=\"https:\/\/akdenizolaygazetesi.com\/?p=11132\" class=\"more-link\">Devam\u0131n\u0131 Oku&#8230;<\/a><\/p>\n","protected":false},"author":2,"featured_media":11133,"comment_status":"open","ping_status":"open","sticky":false,"template":"","format":"standard","meta":[],"categories":[34,1,2,3,5],"tags":[],"_links":{"self":[{"href":"https:\/\/akdenizolaygazetesi.com\/index.php?rest_route=\/wp\/v2\/posts\/11132"}],"collection":[{"href":"https:\/\/akdenizolaygazetesi.com\/index.php?rest_route=\/wp\/v2\/posts"}],"about":[{"href":"https:\/\/akdenizolaygazetesi.com\/index.php?rest_route=\/wp\/v2\/types\/post"}],"author":[{"embeddable":true,"href":"https:\/\/akdenizolaygazetesi.com\/index.php?rest_route=\/wp\/v2\/users\/2"}],"replies":[{"embeddable":true,"href":"https:\/\/akdenizolaygazetesi.com\/index.php?rest_route=%2Fwp%2Fv2%2Fcomments&post=11132"}],"version-history":[{"count":1,"href":"https:\/\/akdenizolaygazetesi.com\/index.php?rest_route=\/wp\/v2\/posts\/11132\/revisions"}],"predecessor-version":[{"id":11134,"href":"https:\/\/akdenizolaygazetesi.com\/index.php?rest_route=\/wp\/v2\/posts\/11132\/revisions\/11134"}],"wp:featuredmedia":[{"embeddable":true,"href":"https:\/\/akdenizolaygazetesi.com\/index.php?rest_route=\/wp\/v2\/media\/11133"}],"wp:attachment":[{"href":"https:\/\/akdenizolaygazetesi.com\/index.php?rest_route=%2Fwp%2Fv2%2Fmedia&parent=11132"}],"wp:term":[{"taxonomy":"category","embeddable":true,"href":"https:\/\/akdenizolaygazetesi.com\/index.php?rest_route=%2Fwp%2Fv2%2Fcategories&post=11132"},{"taxonomy":"post_tag","embeddable":true,"href":"https:\/\/akdenizolaygazetesi.com\/index.php?rest_route=%2Fwp%2Fv2%2Ftags&post=11132"}],"curies":[{"name":"wp","href":"https:\/\/api.w.org\/{rel}","templated":true}]}}