{"id":11135,"date":"2021-03-05T13:15:23","date_gmt":"2021-03-05T10:15:23","guid":{"rendered":"http:\/\/akdenizolaygazetesi.com\/?p=11135"},"modified":"2021-03-05T13:15:23","modified_gmt":"2021-03-05T10:15:23","slug":"gulnar-belediyesi-8-mart-dunya-kadinlar-gununu-ciceklerle-kutladi","status":"publish","type":"post","link":"https:\/\/akdenizolaygazetesi.com\/?p=11135","title":{"rendered":"G\u00dcLNAR BELED\u0130YES\u0130 8 MART D\u00dcNYA KADINLAR G\u00dcN\u00dcN\u00dc \u00c7\u0130\u00c7EKLERLE KUTLADI"},"content":{"rendered":"<p>Belediye Ba\u015fkan\u0131 Alpaslan \u00dcn\u00fcvar&#8217;\u0131n talimatlar\u0131 do\u011frultusunda, 8 Mart D\u00fcnya Kad\u0131nlar G\u00fcn\u00fc dolay\u0131s\u0131yla G\u00fclnar\u2019da \u00e7i\u00e7ek da\u011f\u0131t\u0131m\u0131 ger\u00e7ekle\u015fti.<\/p>\n<p>Milliyet\u00e7i Hareket Partisi \u0130l\u00e7e Kad\u0131n Kollar\u0131 Ba\u015fkan\u0131 Ay\u015fe Ayd\u0131n, y\u00f6netim kurulu \u00fcyeleri ve belediye personelleri taraf\u0131ndan Pazar yerinde de\u011ferli kad\u0131nlar\u0131m\u0131za \u00e7i\u00e7ekler hediye edilerek D\u00fcnya Kad\u0131nlar G\u00fcn\u00fc\u2019n\u00fc kutlad\u0131lar.<\/p>\n<p>Toplumun temelini aile, ailenin de temelini kad\u0131nlar\u0131n olu\u015fturdu\u011funu belirten G\u00fclnar Belediye Ba\u015fkan\u0131 Alpaslan \u00dcn\u00fcvar, yapt\u0131\u011f\u0131 a\u00e7\u0131klamada; \u201cBizim i\u00e7in kad\u0131n; k\u00fclt\u00fcrd\u00fcr ve topraktan daha de\u011ferlidir. Kad\u0131nlar toplumun aynas\u0131d\u0131r. Kad\u0131nlar, bizim topraklar\u0131m\u0131zda hem toplumun hem ailenin temelidir. Bir anne, bir e\u015f, bir evlat olarak kad\u0131n toplumu d\u00f6n\u00fc\u015ft\u00fcren ve istikamet verendir. E\u011fer kad\u0131n mutluysa \u00fclke de mutludur. E\u011fer kad\u0131n umut i\u00e7indeyse, o \u00fclke de umut i\u00e7indedir. Bu duygu ve d\u00fc\u015f\u00fcncelerle, Kad\u0131na Y\u00f6nelik \u015eiddet ve Kad\u0131n Cinayetlerinin son bulmas\u0131n\u0131 temenni ediyor, fedakarl\u0131klar\u0131n\u0131 hi\u00e7bir zaman esirgemeyen do\u011fumdan \u00f6l\u00fcme kadar hayat\u0131n her an\u0131nda varl\u0131klar\u0131n\u0131 hissetti\u011fimiz, bizi biz yapan de\u011ferli kad\u0131nlar\u0131m\u0131z\u0131n 8 Mart D\u00fcnya Kad\u0131nlar G\u00fcn\u00fc\u2019n\u00fc y\u00fcrekten kutluyorum\u2019\u2019 dedi.<\/p>\n","protected":false},"excerpt":{"rendered":"<p>Belediye Ba\u015fkan\u0131 Alpaslan \u00dcn\u00fcvar&#8217;\u0131n talimatlar\u0131 do\u011frultusunda, 8 Mart D\u00fcnya Kad\u0131nlar G\u00fcn\u00fc dolay\u0131s\u0131yla G\u00fclnar\u2019da \u00e7i\u00e7ek da\u011f\u0131t\u0131m\u0131 ger\u00e7ekle\u015fti. Milliyet\u00e7i Hareket Partisi \u0130l\u00e7e Kad\u0131n Kollar\u0131 Ba\u015fkan\u0131 Ay\u015fe Ayd\u0131n, y\u00f6netim kurulu \u00fcyeleri ve belediye &hellip; <a href=\"https:\/\/akdenizolaygazetesi.com\/?p=11135\" class=\"more-link\">Devam\u0131n\u0131 Oku&#8230;<\/a><\/p>\n","protected":false},"author":2,"featured_media":11137,"comment_status":"open","ping_status":"open","sticky":false,"template":"","format":"standard","meta":[],"categories":[34,1,2,3,5],"tags":[],"_links":{"self":[{"href":"https:\/\/akdenizolaygazetesi.com\/index.php?rest_route=\/wp\/v2\/posts\/11135"}],"collection":[{"href":"https:\/\/akdenizolaygazetesi.com\/index.php?rest_route=\/wp\/v2\/posts"}],"about":[{"href":"https:\/\/akdenizolaygazetesi.com\/index.php?rest_route=\/wp\/v2\/types\/post"}],"author":[{"embeddable":true,"href":"https:\/\/akdenizolaygazetesi.com\/index.php?rest_route=\/wp\/v2\/users\/2"}],"replies":[{"embeddable":true,"href":"https:\/\/akdenizolaygazetesi.com\/index.php?rest_route=%2Fwp%2Fv2%2Fcomments&post=11135"}],"version-history":[{"count":1,"href":"https:\/\/akdenizolaygazetesi.com\/index.php?rest_route=\/wp\/v2\/posts\/11135\/revisions"}],"predecessor-version":[{"id":11138,"href":"https:\/\/akdenizolaygazetesi.com\/index.php?rest_route=\/wp\/v2\/posts\/11135\/revisions\/11138"}],"wp:featuredmedia":[{"embeddable":true,"href":"https:\/\/akdenizolaygazetesi.com\/index.php?rest_route=\/wp\/v2\/media\/11137"}],"wp:attachment":[{"href":"https:\/\/akdenizolaygazetesi.com\/index.php?rest_route=%2Fwp%2Fv2%2Fmedia&parent=11135"}],"wp:term":[{"taxonomy":"category","embeddable":true,"href":"https:\/\/akdenizolaygazetesi.com\/index.php?rest_route=%2Fwp%2Fv2%2Fcategories&post=11135"},{"taxonomy":"post_tag","embeddable":true,"href":"https:\/\/akdenizolaygazetesi.com\/index.php?rest_route=%2Fwp%2Fv2%2Ftags&post=11135"}],"curies":[{"name":"wp","href":"https:\/\/api.w.org\/{rel}","templated":true}]}}