{"id":11145,"date":"2021-03-05T13:37:35","date_gmt":"2021-03-05T10:37:35","guid":{"rendered":"http:\/\/akdenizolaygazetesi.com\/?p=11145"},"modified":"2021-03-05T13:37:35","modified_gmt":"2021-03-05T10:37:35","slug":"akdeniz-belediye-meclisi-mart-ayi-toplantisini-yapti-2","status":"publish","type":"post","link":"https:\/\/akdenizolaygazetesi.com\/?p=11145","title":{"rendered":"AKDEN\u0130Z BELED\u0130YE MECL\u0130S\u0130 MART AYI TOPLANTISINI YAPTI"},"content":{"rendered":"<p>Akdeniz Belediye Meclisi, Mart ay\u0131 ikinci birle\u015fimini; M. Mustafa G\u00fcltak Ba\u015fkanl\u0131\u011f\u0131\u2019nda ger\u00e7ekle\u015ftirdi.<\/p>\n<p>Akdeniz Belediyesi konferans salonunda yoklama ile ba\u015flayan toplant\u0131, Sayg\u0131 Duru\u015fu ve \u0130stiklal Mar\u015f\u0131 ile devam etti. Meclis\u2019te; Akdeniz s\u0131n\u0131rlar\u0131nda, maddi durumu iyi olmayan vatanda\u015flarca yap\u0131lacak kaz\u0131larda, Valilik veya Kaymakaml\u0131k Sosyal Yard\u0131mla\u015fma ve Dayan\u0131\u015fma Vakf\u0131 M\u00fcd\u00fcrl\u00fcklerinden, \u201c\u0130lgili Makama; ayni ve nakdi yard\u0131mlardan faydalanmaktad\u0131r\u201d \u015feklinde resmi yaz\u0131  ibraz etmeleri halinde, kaz\u0131 ruhsatlar\u0131ndan \u00fccret al\u0131nmamas\u0131yla ilgili komisyonlardan oybirli\u011fi gelen teklif, yine meclis \u00fcyelerinin oybirli\u011fi ile kabul edildi.<\/p>\n<p>Ba\u015fkan G\u00fcltak; \u201cKad\u0131n Eme\u011fi Diyar\u0131 \u00fcretmeye devam ediyor\u201d<\/p>\n<p>Meclis \u00fcyelerinin sorular\u0131 \u00fczerine, g\u00f6reve gelir gelmez belediye b\u00fcnyesinde 3 tane kad\u0131n kooperatifi kuruldu\u011funa dikkat \u00e7eken Ba\u015fkan G\u00fcltak, \u201cSon bir ayd\u0131r Akdeniz Belediyesi\u2019nin yetkisi alt\u0131nda olan Kad\u0131n Eme\u011fi Diyar\u0131\u2019n\u0131 3 kooperatife verdik. \u015eu an oras\u0131 \u015fenlik havas\u0131nda. Kad\u0131nlar\u0131m\u0131z s\u00fcrekli \u00fcretiyorlar ve sat\u0131\u015f yap\u0131yorlar. Ciddi manada gelir elde etmeye ba\u015flad\u0131lar. Yak\u0131n tarihte oradaki park ile ilgili ihaleye \u00e7\u0131k\u0131lacak. Park, kad\u0131n\u0131 an\u0131msatan bir mimari ile kad\u0131n fig\u00fcrlerinin oldu\u011fu bir yer haline gelecek\u201d dedi.<\/p>\n<p>\u201cKad\u0131na \u015fiddet kabul edilemez\u201d<\/p>\n<p>D\u00fcnya Kad\u0131nlar G\u00fcn\u00fc dolay\u0131s\u0131yla s\u00f6z alan Ba\u015fkan Mustafa G\u00fcltak, 365 g\u00fcn\u00fcn kad\u0131nlar g\u00fcn\u00fc olmas\u0131 gerekti\u011fine vurgu yaparak, \u201cKad\u0131nlar bizim kutsallar\u0131m\u0131zd\u0131r. Dolay\u0131s\u0131yla bir g\u00fcn de\u011fil her g\u00fcn sahip \u00e7\u0131kmal\u0131y\u0131z. Kad\u0131na \u015fiddeti de asla kabul edemeyiz. Kad\u0131na \u015fiddet g\u00f6sterenlere en b\u00fcy\u00fck ve en a\u011f\u0131r cezalar\u0131n verilmesi gerekti\u011fini vurguluyor, t\u00fcm kad\u0131nlar\u0131m\u0131z\u0131n 8 Mart Kad\u0131nlar G\u00fcn\u00fcn\u00fc kutluyorum\u201d \u015feklinde konu\u015ftu. <\/p>\n<p>\u00d6te yandan Ba\u015fkan Mustafa G\u00fcltak\u2019\u0131n talimat\u0131 ile toplant\u0131 \u00f6ncesinde g\u00fcn\u00fcn anlam\u0131na binaen kad\u0131n meclis \u00fcyelerine, Kad\u0131n Eme\u011fi Diyar\u0131\u2019nda \u00fcretilen \u00fcr\u00fcnlerden olu\u015fan bir paket hediye edildi. Bir sonraki toplant\u0131n\u0131n, 5 Nisan 2021 Cuma g\u00fcn\u00fc saat 10:00\u2019da yap\u0131lmas\u0131n\u0131n a\u00e7\u0131klanmas\u0131ndan sonra meclis toplant\u0131s\u0131 sona erdi.<\/p>\n","protected":false},"excerpt":{"rendered":"<p>Akdeniz Belediye Meclisi, Mart ay\u0131 ikinci birle\u015fimini; M. Mustafa G\u00fcltak Ba\u015fkanl\u0131\u011f\u0131\u2019nda ger\u00e7ekle\u015ftirdi. Akdeniz Belediyesi konferans salonunda yoklama ile ba\u015flayan toplant\u0131, Sayg\u0131 Duru\u015fu ve \u0130stiklal Mar\u015f\u0131 ile devam etti. Meclis\u2019te; Akdeniz &hellip; <a href=\"https:\/\/akdenizolaygazetesi.com\/?p=11145\" class=\"more-link\">Devam\u0131n\u0131 Oku&#8230;<\/a><\/p>\n","protected":false},"author":2,"featured_media":11146,"comment_status":"open","ping_status":"open","sticky":false,"template":"","format":"standard","meta":[],"categories":[34,1,2,3,5,6],"tags":[],"_links":{"self":[{"href":"https:\/\/akdenizolaygazetesi.com\/index.php?rest_route=\/wp\/v2\/posts\/11145"}],"collection":[{"href":"https:\/\/akdenizolaygazetesi.com\/index.php?rest_route=\/wp\/v2\/posts"}],"about":[{"href":"https:\/\/akdenizolaygazetesi.com\/index.php?rest_route=\/wp\/v2\/types\/post"}],"author":[{"embeddable":true,"href":"https:\/\/akdenizolaygazetesi.com\/index.php?rest_route=\/wp\/v2\/users\/2"}],"replies":[{"embeddable":true,"href":"https:\/\/akdenizolaygazetesi.com\/index.php?rest_route=%2Fwp%2Fv2%2Fcomments&post=11145"}],"version-history":[{"count":1,"href":"https:\/\/akdenizolaygazetesi.com\/index.php?rest_route=\/wp\/v2\/posts\/11145\/revisions"}],"predecessor-version":[{"id":11147,"href":"https:\/\/akdenizolaygazetesi.com\/index.php?rest_route=\/wp\/v2\/posts\/11145\/revisions\/11147"}],"wp:featuredmedia":[{"embeddable":true,"href":"https:\/\/akdenizolaygazetesi.com\/index.php?rest_route=\/wp\/v2\/media\/11146"}],"wp:attachment":[{"href":"https:\/\/akdenizolaygazetesi.com\/index.php?rest_route=%2Fwp%2Fv2%2Fmedia&parent=11145"}],"wp:term":[{"taxonomy":"category","embeddable":true,"href":"https:\/\/akdenizolaygazetesi.com\/index.php?rest_route=%2Fwp%2Fv2%2Fcategories&post=11145"},{"taxonomy":"post_tag","embeddable":true,"href":"https:\/\/akdenizolaygazetesi.com\/index.php?rest_route=%2Fwp%2Fv2%2Ftags&post=11145"}],"curies":[{"name":"wp","href":"https:\/\/api.w.org\/{rel}","templated":true}]}}