{"id":11148,"date":"2021-03-06T14:21:29","date_gmt":"2021-03-06T11:21:29","guid":{"rendered":"http:\/\/akdenizolaygazetesi.com\/?p=11148"},"modified":"2021-03-06T14:21:29","modified_gmt":"2021-03-06T11:21:29","slug":"buyuksehir-ilk-yardim-egitim-merkezi-ile-personeli-acil-durumlara-hazirliyor","status":"publish","type":"post","link":"https:\/\/akdenizolaygazetesi.com\/?p=11148","title":{"rendered":"B\u00dcY\u00dcK\u015eEH\u0130R, \u2018\u0130LK YARDIM E\u011e\u0130T\u0130M MERKEZ\u0130\u2019 \u0130LE PERSONEL\u0130 AC\u0130L DURUMLARA HAZIRLIYOR"},"content":{"rendered":"<p>Mersin B\u00fcy\u00fck\u015fehir Belediyesi, bir y\u0131l \u00f6nce hizmete a\u00e7t\u0131\u011f\u0131 \u2018\u0130lk Yard\u0131m E\u011fitim Merkezi\u2019 ile personelini acil durumlara kar\u015f\u0131 haz\u0131rl\u0131yor. E\u011fitimlerle, personelin temel sa\u011fl\u0131k bilgisinin artmas\u0131, ilk yard\u0131m bilgi ve becerisini kazanarak do\u011fru ve bilin\u00e7li ilk yard\u0131m yapabilmesi ama\u00e7lan\u0131yor.<\/p>\n<p>MERS\u0130N\/(FOTO\u011eRAFLI-G\u00d6R\u00dcNT\u00dcL\u00dc)<\/p>\n<p>Mersin B\u00fcy\u00fck\u015fehir Belediyesi, ge\u00e7ti\u011fimiz y\u0131l Mart ay\u0131nda hizmete a\u00e7t\u0131\u011f\u0131 \u2018\u0130lk Yard\u0131m E\u011fitim Merkezi\u2019 ile personelini acil durumlara kar\u015f\u0131 haz\u0131rl\u0131yor. Engelliler ve Sa\u011fl\u0131k Hizmetleri Dairesi Ba\u015fkanl\u0131\u011f\u0131 b\u00fcnyesinde, \u0130l Sa\u011fl\u0131k M\u00fcd\u00fcrl\u00fc\u011f\u00fc\u2019nden ruhsatl\u0131 bir \u015fekilde a\u00e7\u0131lan \u0130lk Yard\u0131m E\u011fitim Merkezi ile personel e\u011fitim almaya ve acil durumlar i\u00e7in bilin\u00e7lenmeye devam ediyor.<\/p>\n<p>Mersin B\u00fcy\u00fck\u015fehir Belediyesi\u2019nin ek hizmet binas\u0131nda yer alan, 6 e\u011fitmen ve bir mesul m\u00fcd\u00fcr\u00fcn bulundu\u011fu \u0130lk Yard\u0131m E\u011fitim Merkezi\u2019nde personele verilecek e\u011fitim plan\u0131 haz\u0131rlan\u0131yor.<\/p>\n<p>E\u011fitimi tamamlayanlar onayl\u0131 ilk yard\u0131m sertifikas\u0131 al\u0131yor<\/p>\n<p>Olu\u015fabilecek kazalarda \u00f6l\u00fcm ve sakatl\u0131k riskinin azalmas\u0131 i\u00e7in ilk yard\u0131m e\u011fitimine \u00f6nem veren Mersin B\u00fcy\u00fck\u015fehir Belediyesi, her ge\u00e7en g\u00fcn e\u011fitim alan personel say\u0131s\u0131n\u0131 art\u0131r\u0131yor. E\u011fitimler 16 saat s\u00fcr\u00fcyor ve e\u011fitimi ba\u015far\u0131yla tamamlayanlar Sa\u011fl\u0131k Bakanl\u0131\u011f\u0131\u2019ndan onayl\u0131 ilk yard\u0131m sertifikas\u0131 al\u0131yor.<\/p>\n<p>\u0130lk Yard\u0131m E\u011fitim Merkezi\u2019nde personele; temel ilk yard\u0131m uygulamalar\u0131, hasta, yaral\u0131 ve olay yerinin de\u011ferlendirilmesi, temel ya\u015fam deste\u011fi, kanamalar, yaralanmalar, yan\u0131k, s\u0131cak \u00e7arpmas\u0131 ve donma durumlar\u0131nda ilk yard\u0131m, k\u0131r\u0131k, \u00e7\u0131k\u0131k ve burkulmalar, bilin\u00e7 bozukluklar\u0131, zehirlenmeler, hayvan \u0131s\u0131r\u0131klar\u0131, g\u00f6z, kulak ve buruna yabanc\u0131 cisim ka\u00e7mas\u0131, bo\u011fulma ve hasta ta\u015f\u0131ma teknikleri konular\u0131nda ilk yard\u0131m e\u011fitimleri veriliyor.<\/p>\n<p>\u201cAmac\u0131m\u0131z halka dokundu\u011fumuz her noktada bilgi, beceri ve tecr\u00fcbesi olan bir ekip kurmak\u201d<\/p>\n<p>Engelliler ve Sa\u011fl\u0131k Hizmetleri Dairesi\u2019nde \u0130lk Yard\u0131m E\u011fitmeni olarak g\u00f6rev yapan Sonay K\u0131l\u0131\u00e7, olas\u0131 kazalarda sa\u011fl\u0131k ekipleri gelene kadar yap\u0131lan ilk yard\u0131m\u0131n hayati \u00f6nem ta\u015f\u0131d\u0131\u011f\u0131n\u0131 vurgulad\u0131. Ama\u00e7lar\u0131n\u0131n personelin acil durumlarda m\u00fcdahale bilgi ve becerisini art\u0131rmak oldu\u011funu vurgulayan K\u0131l\u0131\u00e7, \u201c\u0130lk yard\u0131mda temel nokta e\u011fitim alm\u0131\u015f ki\u015filer taraf\u0131ndan yap\u0131lmas\u0131. Bizim de amac\u0131m\u0131z t\u00fcm personelimize ilk yard\u0131m e\u011fitimleri vererek halka dokundu\u011fumuz her noktada bilgi, beceri ve tecr\u00fcbesi olan bir ekip kurmak. Parkta, okulda, sokakta, i\u015f yerlerinde, otob\u00fcste olu\u015fabilecek istenmeyen kazalarda acil sa\u011fl\u0131k hizmetlerine ula\u015fana kadar etkili ve do\u011fru m\u00fcdahalelerle insanlar\u0131n hayata tutunmalar\u0131na yard\u0131mc\u0131 olmak\u201d dedi.<\/p>\n","protected":false},"excerpt":{"rendered":"<p>Mersin B\u00fcy\u00fck\u015fehir Belediyesi, bir y\u0131l \u00f6nce hizmete a\u00e7t\u0131\u011f\u0131 \u2018\u0130lk Yard\u0131m E\u011fitim Merkezi\u2019 ile personelini acil durumlara kar\u015f\u0131 haz\u0131rl\u0131yor. E\u011fitimlerle, personelin temel sa\u011fl\u0131k bilgisinin artmas\u0131, ilk yard\u0131m bilgi ve becerisini kazanarak &hellip; <a href=\"https:\/\/akdenizolaygazetesi.com\/?p=11148\" class=\"more-link\">Devam\u0131n\u0131 Oku&#8230;<\/a><\/p>\n","protected":false},"author":2,"featured_media":11149,"comment_status":"open","ping_status":"open","sticky":false,"template":"","format":"standard","meta":[],"categories":[34,1,2,3,5],"tags":[],"_links":{"self":[{"href":"https:\/\/akdenizolaygazetesi.com\/index.php?rest_route=\/wp\/v2\/posts\/11148"}],"collection":[{"href":"https:\/\/akdenizolaygazetesi.com\/index.php?rest_route=\/wp\/v2\/posts"}],"about":[{"href":"https:\/\/akdenizolaygazetesi.com\/index.php?rest_route=\/wp\/v2\/types\/post"}],"author":[{"embeddable":true,"href":"https:\/\/akdenizolaygazetesi.com\/index.php?rest_route=\/wp\/v2\/users\/2"}],"replies":[{"embeddable":true,"href":"https:\/\/akdenizolaygazetesi.com\/index.php?rest_route=%2Fwp%2Fv2%2Fcomments&post=11148"}],"version-history":[{"count":1,"href":"https:\/\/akdenizolaygazetesi.com\/index.php?rest_route=\/wp\/v2\/posts\/11148\/revisions"}],"predecessor-version":[{"id":11150,"href":"https:\/\/akdenizolaygazetesi.com\/index.php?rest_route=\/wp\/v2\/posts\/11148\/revisions\/11150"}],"wp:featuredmedia":[{"embeddable":true,"href":"https:\/\/akdenizolaygazetesi.com\/index.php?rest_route=\/wp\/v2\/media\/11149"}],"wp:attachment":[{"href":"https:\/\/akdenizolaygazetesi.com\/index.php?rest_route=%2Fwp%2Fv2%2Fmedia&parent=11148"}],"wp:term":[{"taxonomy":"category","embeddable":true,"href":"https:\/\/akdenizolaygazetesi.com\/index.php?rest_route=%2Fwp%2Fv2%2Fcategories&post=11148"},{"taxonomy":"post_tag","embeddable":true,"href":"https:\/\/akdenizolaygazetesi.com\/index.php?rest_route=%2Fwp%2Fv2%2Ftags&post=11148"}],"curies":[{"name":"wp","href":"https:\/\/api.w.org\/{rel}","templated":true}]}}