{"id":1115,"date":"2020-11-04T18:21:42","date_gmt":"2020-11-04T15:21:42","guid":{"rendered":"http:\/\/mersinekonomipolitikagazetesi.com\/?p=1115"},"modified":"2020-11-04T18:21:42","modified_gmt":"2020-11-04T15:21:42","slug":"temsili-askerlik-yapan-engelli-gencler-terhis-belgelerini-aldi","status":"publish","type":"post","link":"https:\/\/akdenizolaygazetesi.com\/?p=1115","title":{"rendered":"Temsili askerlik yapan engelli gen\u00e7ler terhis belgelerini ald\u0131"},"content":{"rendered":"<p>Mersin&#8217;de temsili askerlik g\u00f6revini ba\u015far\u0131 ile yerine getiren engelli gen\u00e7ler, terhis belgelerini t\u00f6renle ald\u0131.<br \/>\nMersin Valisi \u00d6zdemir \u00c7akacak, Engelliler Haftas\u0131 m\u00fcnasebetiyle Akdeniz B\u00f6lge ve Garnizon Komutanl\u0131\u011f\u0131 taraf\u0131ndan organize edilen \u2018Temsili Askerlik Yemin ve Terhis T\u00f6reni\u2019ne kat\u0131larak, bir g\u00fcnl\u00fc\u011f\u00fcne dahi olsa askerlik vazifesinin onurunu ve gururunu ya\u015fayan engellilere terhis belgelerini verdi.<\/p>\n<p>T\u00f6rende konu\u015fan Akdeniz B\u00f6lge ve Garnizon Komutan\u0131 Tu\u011famiral Kadir Y\u0131ld\u0131z, T\u00fcrk milletinin vatan sevgisinin bir g\u00f6stergesi olarak nitelendirdi\u011fi temsili askerlik uygulamas\u0131n\u0131n, d\u00fcnyada ilk ve tek olma \u00f6zelli\u011fine sahip oldu\u011funu belirterek, &#8220;Temsili askerlik uygulamas\u0131 kapsam\u0131nda engelli vatanda\u015flar\u0131m\u0131z\u0131n ve ailelerinin 1 g\u00fcn s\u00fcresince askeri ortam\u0131 ya\u015fama ve bu hazz\u0131 tatmalar\u0131na imkan sa\u011flamaya \u00e7al\u0131\u015ft\u0131k. Aram\u0131za kat\u0131lan silah arkada\u015flar\u0131m\u0131z\u0131n ve ailelerinin duygu ve d\u00fc\u015f\u00fcncelerini payla\u015fmak bizlere manevi bir g\u00fc\u00e7 vermi\u015ftir. T\u00fcrk Silahl\u0131 Kuvvetlerine kat\u0131lan silah arkada\u015flar\u0131m\u0131z\u0131n bug\u00fcn burada edecekleri yemin, \u00f6m\u00fcrleri boyunca hakl\u0131 gururlar\u0131 olacakt\u0131r\u201d dedi.<br \/>\nY\u0131ld\u0131z, konu\u015fmas\u0131n\u0131n son b\u00f6l\u00fcm\u00fcnde engellilere seslenerek, &#8220;Sizlerin sevgisinde, d\u00fc\u015f\u00fcncelerinde ve ba\u015far\u0131lar\u0131nda engel yoktur. T\u00fcm engelli vatanda\u015flar\u0131m\u0131za, ailelerine ve kat\u0131l\u0131mc\u0131lara te\u015fekk\u00fcr ediyorum\u201d diye konu\u015ftu.<br \/>\nKonu\u015fmalar\u0131n ard\u0131ndan d\u00fczenlenen yemin t\u00f6reninde denizci er olarak temsili askerlik yapan 26 engellinin terhis heyecan\u0131na ortak olan Vali \u00d6zdemir \u00c7akacak, omuz omuza silah ve bayrak \u00fczerine el basarak yemin eden engelli gen\u00e7lere terhis belgelerini verdi. Duygu dolu anlara sahne olan yemin t\u00f6reninde, engelliler ve aileleri b\u00fcy\u00fck gurur ya\u015fad\u0131.<br \/>\n\u201cArt\u0131k bizim de anlatabilecek askerlik an\u0131lar\u0131m\u0131z oldu\u201d<br \/>\nYemin t\u00f6reni sonras\u0131nda k\u00fcrs\u00fcye \u00e7\u0131kan engelli erlerden Ramazan Bar\u0131\u015f, vatani g\u00f6revi yapman\u0131n onurunu bir g\u00fcnl\u00fc\u011f\u00fcne dahi olsa en \u00fcst seviyede ya\u015fad\u0131\u011f\u0131n\u0131 ifade ederek, \u201cArt\u0131k bizim de anlatabilecek askerlik an\u0131lar\u0131m\u0131z oldu\u201d \u015feklinde konu\u015ftu.<br \/>\nT\u00f6ren, Vali \u00c7akacak, protokol \u00fcyeleri ve engelli vatanda\u015flar\u0131m\u0131zla birlikte terhis pastas\u0131n\u0131n kesilmesiyle devam etti. T\u00f6ren sonunda verilen kokteylde masalar\u0131 tek tek dola\u015fan Vali \u00d6zdemir \u00c7akacak, engelli erlerle ve aileleriyle yak\u0131ndan ilgilenerek, bol bol hat\u0131ra foto\u011fraf\u0131 \u00e7ektirdi.<\/p>\n","protected":false},"excerpt":{"rendered":"<p>Mersin&#8217;de temsili askerlik g\u00f6revini ba\u015far\u0131 ile yerine getiren engelli gen\u00e7ler, terhis belgelerini t\u00f6renle ald\u0131. Mersin Valisi \u00d6zdemir \u00c7akacak, Engelliler Haftas\u0131 m\u00fcnasebetiyle Akdeniz B\u00f6lge ve Garnizon Komutanl\u0131\u011f\u0131 taraf\u0131ndan organize edilen \u2018Temsili &hellip; <a href=\"https:\/\/akdenizolaygazetesi.com\/?p=1115\" class=\"more-link\">Devam\u0131n\u0131 Oku&#8230;<\/a><\/p>\n","protected":false},"author":1,"featured_media":0,"comment_status":"open","ping_status":"open","sticky":false,"template":"","format":"standard","meta":[],"categories":[],"tags":[],"_links":{"self":[{"href":"https:\/\/akdenizolaygazetesi.com\/index.php?rest_route=\/wp\/v2\/posts\/1115"}],"collection":[{"href":"https:\/\/akdenizolaygazetesi.com\/index.php?rest_route=\/wp\/v2\/posts"}],"about":[{"href":"https:\/\/akdenizolaygazetesi.com\/index.php?rest_route=\/wp\/v2\/types\/post"}],"author":[{"embeddable":true,"href":"https:\/\/akdenizolaygazetesi.com\/index.php?rest_route=\/wp\/v2\/users\/1"}],"replies":[{"embeddable":true,"href":"https:\/\/akdenizolaygazetesi.com\/index.php?rest_route=%2Fwp%2Fv2%2Fcomments&post=1115"}],"version-history":[{"count":0,"href":"https:\/\/akdenizolaygazetesi.com\/index.php?rest_route=\/wp\/v2\/posts\/1115\/revisions"}],"wp:attachment":[{"href":"https:\/\/akdenizolaygazetesi.com\/index.php?rest_route=%2Fwp%2Fv2%2Fmedia&parent=1115"}],"wp:term":[{"taxonomy":"category","embeddable":true,"href":"https:\/\/akdenizolaygazetesi.com\/index.php?rest_route=%2Fwp%2Fv2%2Fcategories&post=1115"},{"taxonomy":"post_tag","embeddable":true,"href":"https:\/\/akdenizolaygazetesi.com\/index.php?rest_route=%2Fwp%2Fv2%2Ftags&post=1115"}],"curies":[{"name":"wp","href":"https:\/\/api.w.org\/{rel}","templated":true}]}}