{"id":11151,"date":"2021-03-06T14:24:03","date_gmt":"2021-03-06T11:24:03","guid":{"rendered":"http:\/\/akdenizolaygazetesi.com\/?p=11151"},"modified":"2021-03-06T14:24:03","modified_gmt":"2021-03-06T11:24:03","slug":"buyuksehirin-marangozhanesi-kadinlar-icin-uretiyor","status":"publish","type":"post","link":"https:\/\/akdenizolaygazetesi.com\/?p=11151","title":{"rendered":"B\u00dcY\u00dcK\u015eEH\u0130R\u2019\u0130N MARANGOZHANES\u0130 KADINLAR \u0130\u00c7\u0130N \u00dcRET\u0130YOR"},"content":{"rendered":"<p>B\u00fcy\u00fck\u015fehir Belediyesi Park ve Bah\u00e7eler Dairesi\u2019ne ba\u011fl\u0131 marangozhanede, 8 Mart D\u00fcnya Kad\u0131nlar G\u00fcn\u00fc\u2019ne \u00f6zel fig\u00fcrler haz\u0131rlan\u0131yor. 8 Mart\u2019ta kad\u0131nlar, usta eller taraf\u0131ndan ortaya \u00e7\u0131kar\u0131lan kelebek, melek kanad\u0131, sal\u0131ncak gibi fig\u00fcrlerden olu\u015fturulan hat\u0131ra k\u00f6\u015felerinde diledi\u011fi gibi foto\u011fraf \u00e7ektirebilecek.<\/p>\n<p>MERS\u0130N\/ (FOTO\u011eRAFLI-G\u00d6R\u00dcNT\u00dcL\u00dc)<\/p>\n<p>Mersin B\u00fcy\u00fck\u015fehir Belediyesi Park ve Bah\u00e7eler Dairesi\u2019ne ba\u011fl\u0131 marangozhanede bu kez kad\u0131nlar i\u00e7in \u00f6zel fig\u00fcrler \u00fcretiliyor. B\u00fcy\u00fck\u015fehir Belediyesi, kentteki farkl\u0131 alanlar\u0131 \u20188 Mart D\u00fcnya Kad\u0131nlar G\u00fcn\u00fc\u2019ne \u00f6zel haz\u0131rlad\u0131\u011f\u0131 fig\u00fcrlerle s\u00fcsleyecek. Kad\u0131nlar, usta eller taraf\u0131ndan ortaya \u00e7\u0131kar\u0131lan kelebek, melek kanad\u0131, sal\u0131ncak gibi fig\u00fcrlerden olu\u015fturulan hat\u0131ra k\u00f6\u015felerinde diledi\u011fi gibi foto\u011fraf \u00e7ektirebilecek.<\/p>\n<p>Fig\u00fcrler, 8 Mart i\u00e7in itinayla haz\u0131rlan\u0131yor<\/p>\n<p>Park ve Bah\u00e7eler Dairesi Ba\u015fkanl\u0131\u011f\u0131 Marangoz At\u00f6lyesi\u2019nde \u00fcretilen fig\u00fcrler, \u20188 Mart D\u00fcnya Kad\u0131nlar G\u00fcn\u00fc\u2019nde meydanlar\u0131 s\u00fcsleyecek. Fig\u00fcrler, usta eller taraf\u0131ndan pembe ve mor a\u011f\u0131rl\u0131kl\u0131 renkler kullan\u0131larak boyan\u0131yor. Fig\u00fcrlerden 1 melek kanatl\u0131 pano, 1 sal\u0131ncak ve 1 tane de minik kelebeklerden olu\u015fan kalp fig\u00fcr\u00fc Mersin merkezde \u00d6zgecan Aslan Bar\u0131\u015f Meydan\u0131\u2019nda yer alacak. Haz\u0131rlanan sal\u0131ncaklardan 1 tanesi Mut il\u00e7esine, melek kanatl\u0131 panolardan 1 tanesi de Tarsus il\u00e7esine yerle\u015ftirilecek.<\/p>\n<p>Apak: \u201cEmek\u00e7i kad\u0131nlara foto\u011fraf k\u00f6\u015feleri yap\u0131yoruz\u201d<\/p>\n<p>Park ve Bah\u00e7eler Dairesi Ba\u015fkanl\u0131\u011f\u0131\u2019nda g\u00f6revli heykelt\u0131ra\u015f Okan Apak, \u201cMarangozhanemizde ah\u015faptan baz\u0131 g\u00f6rsellerimiz var. Kad\u0131nlar\u0131n daha g\u00fczel hat\u0131rlanmas\u0131 i\u00e7in emek\u00e7i kad\u0131nlara foto\u011fraf k\u00f6\u015feleri yap\u0131yoruz. Mesela bir sal\u0131ncak g\u00f6rselimiz, melek kanatl\u0131 fig\u00fcr\u00fcm\u00fcz gibi baz\u0131 g\u00f6rsellerimiz olacak\u201d dedi.<\/p>\n<p>Y\u0131ld\u0131r\u0131m: \u201c\u00d6zel g\u00fcnlerde \u00f6zel \u00e7al\u0131\u015fmalar yap\u0131yoruz\u201d<\/p>\n<p>Marangozhane sorumlusu Murat Y\u0131ld\u0131r\u0131m, yapt\u0131klar\u0131 \u00e7al\u0131\u015fmalar hakk\u0131nda bilgi verirken, \u201cDaha \u00f6nceki \u00e7al\u0131\u015fmalar\u0131m\u0131zda oldu\u011fu gibi 8 Mart\u2019\u0131n an\u0131s\u0131na da foto\u011fraf \u00e7ekimi i\u00e7in yer yap\u0131yoruz. G\u00fczel bir \u00e7al\u0131\u015fma oluyor. Normalde zaten bank, kamelya, piknik masas\u0131 yap\u0131m\u0131, bunlar standart i\u015flerimiz. Ama b\u00f6yle \u00f6zel g\u00fcnlerde de \u00f6zel \u00e7al\u0131\u015fmalar yap\u0131yoruz\u201d diye konu\u015ftu.<\/p>\n","protected":false},"excerpt":{"rendered":"<p>B\u00fcy\u00fck\u015fehir Belediyesi Park ve Bah\u00e7eler Dairesi\u2019ne ba\u011fl\u0131 marangozhanede, 8 Mart D\u00fcnya Kad\u0131nlar G\u00fcn\u00fc\u2019ne \u00f6zel fig\u00fcrler haz\u0131rlan\u0131yor. 8 Mart\u2019ta kad\u0131nlar, usta eller taraf\u0131ndan ortaya \u00e7\u0131kar\u0131lan kelebek, melek kanad\u0131, sal\u0131ncak gibi fig\u00fcrlerden &hellip; <a href=\"https:\/\/akdenizolaygazetesi.com\/?p=11151\" class=\"more-link\">Devam\u0131n\u0131 Oku&#8230;<\/a><\/p>\n","protected":false},"author":2,"featured_media":11152,"comment_status":"open","ping_status":"open","sticky":false,"template":"","format":"standard","meta":[],"categories":[34,1,2,3,5],"tags":[],"_links":{"self":[{"href":"https:\/\/akdenizolaygazetesi.com\/index.php?rest_route=\/wp\/v2\/posts\/11151"}],"collection":[{"href":"https:\/\/akdenizolaygazetesi.com\/index.php?rest_route=\/wp\/v2\/posts"}],"about":[{"href":"https:\/\/akdenizolaygazetesi.com\/index.php?rest_route=\/wp\/v2\/types\/post"}],"author":[{"embeddable":true,"href":"https:\/\/akdenizolaygazetesi.com\/index.php?rest_route=\/wp\/v2\/users\/2"}],"replies":[{"embeddable":true,"href":"https:\/\/akdenizolaygazetesi.com\/index.php?rest_route=%2Fwp%2Fv2%2Fcomments&post=11151"}],"version-history":[{"count":1,"href":"https:\/\/akdenizolaygazetesi.com\/index.php?rest_route=\/wp\/v2\/posts\/11151\/revisions"}],"predecessor-version":[{"id":11153,"href":"https:\/\/akdenizolaygazetesi.com\/index.php?rest_route=\/wp\/v2\/posts\/11151\/revisions\/11153"}],"wp:featuredmedia":[{"embeddable":true,"href":"https:\/\/akdenizolaygazetesi.com\/index.php?rest_route=\/wp\/v2\/media\/11152"}],"wp:attachment":[{"href":"https:\/\/akdenizolaygazetesi.com\/index.php?rest_route=%2Fwp%2Fv2%2Fmedia&parent=11151"}],"wp:term":[{"taxonomy":"category","embeddable":true,"href":"https:\/\/akdenizolaygazetesi.com\/index.php?rest_route=%2Fwp%2Fv2%2Fcategories&post=11151"},{"taxonomy":"post_tag","embeddable":true,"href":"https:\/\/akdenizolaygazetesi.com\/index.php?rest_route=%2Fwp%2Fv2%2Ftags&post=11151"}],"curies":[{"name":"wp","href":"https:\/\/api.w.org\/{rel}","templated":true}]}}