{"id":11154,"date":"2021-03-06T14:26:36","date_gmt":"2021-03-06T11:26:36","guid":{"rendered":"http:\/\/akdenizolaygazetesi.com\/?p=11154"},"modified":"2021-03-06T14:26:36","modified_gmt":"2021-03-06T11:26:36","slug":"baskan-yilmaz-kadinlarin-her-alanda-daha-guclu-oldugu-bir-toplum-icin-calisiyoruz","status":"publish","type":"post","link":"https:\/\/akdenizolaygazetesi.com\/?p=11154","title":{"rendered":"BA\u015eKAN YILMAZ; &#8220;KADINLARIN HER ALANDA DAHA G\u00dc\u00c7L\u00dc OLDU\u011eU B\u0130R TOPLUM \u0130\u00c7\u0130N \u00c7ALI\u015eIYORUZ&#8221;"},"content":{"rendered":"<p>Toroslar Belediye Ba\u015fkan\u0131 Ats\u0131z Af\u015f\u0131n Y\u0131lmaz, 8 Mart D\u00fcnya Kad\u0131nlar G\u00fcn\u00fc dolay\u0131s\u0131yla bir mesaj yay\u0131nlad\u0131.<\/p>\n<p>Mesaj\u0131nda kad\u0131n\u0131n, toplumun en birle\u015ftirici ve koruyucu unsuru oldu\u011funa dikkat \u00e7eken Ba\u015fkan Y\u0131lmaz; &#8220;Kad\u0131n, ailedir, annedir, vatand\u0131r, \u00fclkedir, gelecektir, gelecek nesillerin teminat\u0131d\u0131r&#8221; dedi.<\/p>\n<p>&#8220;Kad\u0131n\u0131n elinin de\u011fdi\u011fi ve eme\u011finin ge\u00e7ti\u011fi her yerde bir g\u00fczellik ve ba\u015far\u0131 vard\u0131r&#8221; diyen Ba\u015fkan Y\u0131lmaz; &#8220;Kad\u0131nlar\u0131n sosyal ve ekonomik hayatta daha aktif olmalar\u0131n\u0131 sa\u011flamak amac\u0131yla 41 bran\u015fta a\u00e7t\u0131\u011f\u0131m\u0131z mesleki e\u011fitim kurslar\u0131m\u0131za kat\u0131lan ve \u00fcreterek ekonomiye katk\u0131 sunan t\u00fcm kad\u0131nlara te\u015fekk\u00fcr ederim. Toroslar Belediyesi olarak kad\u0131nlar\u0131n her zaman yanlar\u0131nda olmaya ve desteklemeye devam edece\u011fiz&#8221; dedi.<\/p>\n<p>&#8220;B\u0130Z, B\u00dcY\u00dcK B\u0130R A\u0130LEY\u0130Z&#8221;<\/p>\n<p>T\u00fcrk toplumunda ailenin, ailenin i\u00e7inde de kad\u0131n\u0131n yeri ve \u00f6neminin b\u00fcy\u00fck oldu\u011funu s\u00f6yleyen Ba\u015fkan Y\u0131lmaz; \u201cHayatta kar\u015f\u0131la\u015ft\u0131\u011f\u0131m\u0131z t\u00fcm g\u00fc\u00e7l\u00fckleri yenmek i\u00e7in mutlu aile ortam\u0131 her ya\u015ftan insan i\u00e7in \u00f6nemli. Biz de sosyal belediyecilik anlay\u0131\u015f\u0131m\u0131z gere\u011fi bu konu \u00fczerinde duruyoruz. Bu anlay\u0131\u015fla kad\u0131n haklar\u0131n\u0131n korunmas\u0131, kad\u0131na kar\u015f\u0131 \u015fiddetin \u00f6nlenmesi ve kad\u0131nlar\u0131n istihdam\u0131yla ilgili \u00f6nemli \u00e7al\u0131\u015fmalar yap\u0131yoruz. Avrupa Belediyeler ve B\u00f6lgeler Konseyi (CEMR) taraf\u0131ndan haz\u0131rlanan Avrupa Yerel Ya\u015famda Kad\u0131n Erkek E\u015fitli\u011fi \u015eart\u0131\u2019n\u0131 imzalayarak \u00f6nemli bir ad\u0131m att\u0131k. Belediyemiz b\u00fcnyesinde faaliyet g\u00f6steren Toroslar Kad\u0131n ve \u00c7ocuk Dan\u0131\u015fma Merkezimiz ile kad\u0131nlara psikolojik ve sosyal dan\u0131\u015fmanl\u0131k hizmeti vererek fark\u0131ndal\u0131k \u00e7al\u0131\u015fmalar\u0131 yap\u0131yoruz. \u00c7ocuklar\u0131m\u0131z\u0131n ya\u015fad\u0131klar\u0131 duygusal, geli\u015fimsel ve davran\u0131\u015fsal sorunlar\u0131n \u00fcstesinden gelmeleri, geli\u015fimlerinin sa\u011fl\u0131kl\u0131 bir \u015fekilde desteklenmesi i\u00e7in yanlar\u0131nda oluyoruz. Bug\u00fcn bizler sa\u011fl\u0131kl\u0131 ve mutlu bir gelece\u011fe umutla bakabiliyorsak, hayat\u0131m\u0131z\u0131n her alan\u0131nda b\u00fcy\u00fck fedakarl\u0131k g\u00f6steren ve rol \u00fcstlenen kad\u0131nlar\u0131n sayesindedir. Kad\u0131nlar i\u00e7in yap\u0131lacak her t\u00fcrl\u00fc \u00e7al\u0131\u015fman\u0131n \u00f6nemine y\u00fcrekten inan\u0131yorum.  Daha fazla giri\u015fimcilik ruhu kazanmalar\u0131, \u00fcretmeleri, sosyal ve ekonomik hayata daha fazla kat\u0131lan bireyler olmalar\u0131 i\u00e7in yanlar\u0131nda olmaya devam edece\u011fiz. Halk ozan\u0131m\u0131z merhum Ne\u015fet Erta\u015f\u2019\u0131n \u201cKad\u0131nlar insand\u0131r, biz insano\u011flu\u201d diyerek ifade etti\u011fi \u00fczere ya\u015fam\u0131m\u0131z\u0131n t\u00fcm alanlar\u0131nda ba\u015far\u0131lar\u0131 ve fedakarl\u0131klar\u0131yla bizleri gururland\u0131ran, ba\u015f\u0131m\u0131z\u0131n tac\u0131 t\u00fcm kad\u0131nlar\u0131n 8 Mart D\u00fcnya Kad\u0131nlar G\u00fcn\u00fc\u2019n\u00fc kutluyor, sevgi ve sayg\u0131lar\u0131m\u0131 sunuyorum\u201d diye konu\u015ftu.<\/p>\n","protected":false},"excerpt":{"rendered":"<p>Toroslar Belediye Ba\u015fkan\u0131 Ats\u0131z Af\u015f\u0131n Y\u0131lmaz, 8 Mart D\u00fcnya Kad\u0131nlar G\u00fcn\u00fc dolay\u0131s\u0131yla bir mesaj yay\u0131nlad\u0131. Mesaj\u0131nda kad\u0131n\u0131n, toplumun en birle\u015ftirici ve koruyucu unsuru oldu\u011funa dikkat \u00e7eken Ba\u015fkan Y\u0131lmaz; &#8220;Kad\u0131n, ailedir, &hellip; <a href=\"https:\/\/akdenizolaygazetesi.com\/?p=11154\" class=\"more-link\">Devam\u0131n\u0131 Oku&#8230;<\/a><\/p>\n","protected":false},"author":2,"featured_media":11155,"comment_status":"open","ping_status":"open","sticky":false,"template":"","format":"standard","meta":[],"categories":[34,1,2,3,5],"tags":[],"_links":{"self":[{"href":"https:\/\/akdenizolaygazetesi.com\/index.php?rest_route=\/wp\/v2\/posts\/11154"}],"collection":[{"href":"https:\/\/akdenizolaygazetesi.com\/index.php?rest_route=\/wp\/v2\/posts"}],"about":[{"href":"https:\/\/akdenizolaygazetesi.com\/index.php?rest_route=\/wp\/v2\/types\/post"}],"author":[{"embeddable":true,"href":"https:\/\/akdenizolaygazetesi.com\/index.php?rest_route=\/wp\/v2\/users\/2"}],"replies":[{"embeddable":true,"href":"https:\/\/akdenizolaygazetesi.com\/index.php?rest_route=%2Fwp%2Fv2%2Fcomments&post=11154"}],"version-history":[{"count":1,"href":"https:\/\/akdenizolaygazetesi.com\/index.php?rest_route=\/wp\/v2\/posts\/11154\/revisions"}],"predecessor-version":[{"id":11156,"href":"https:\/\/akdenizolaygazetesi.com\/index.php?rest_route=\/wp\/v2\/posts\/11154\/revisions\/11156"}],"wp:featuredmedia":[{"embeddable":true,"href":"https:\/\/akdenizolaygazetesi.com\/index.php?rest_route=\/wp\/v2\/media\/11155"}],"wp:attachment":[{"href":"https:\/\/akdenizolaygazetesi.com\/index.php?rest_route=%2Fwp%2Fv2%2Fmedia&parent=11154"}],"wp:term":[{"taxonomy":"category","embeddable":true,"href":"https:\/\/akdenizolaygazetesi.com\/index.php?rest_route=%2Fwp%2Fv2%2Fcategories&post=11154"},{"taxonomy":"post_tag","embeddable":true,"href":"https:\/\/akdenizolaygazetesi.com\/index.php?rest_route=%2Fwp%2Fv2%2Ftags&post=11154"}],"curies":[{"name":"wp","href":"https:\/\/api.w.org\/{rel}","templated":true}]}}