{"id":1116,"date":"2020-11-04T18:21:42","date_gmt":"2020-11-04T15:21:42","guid":{"rendered":"http:\/\/mersinekonomipolitikagazetesi.com\/?p=1116"},"modified":"2020-11-04T18:21:42","modified_gmt":"2020-11-04T15:21:42","slug":"erdemlide-turkmen-soleni-heyecani","status":"publish","type":"post","link":"https:\/\/akdenizolaygazetesi.com\/?p=1116","title":{"rendered":"Erdemli&#8217;de T\u00fcrkmen \u015e\u00f6leni heyecan\u0131"},"content":{"rendered":"<p>Erdemli Belediyesi y\u0131llard\u0131r geleneksel olarak d\u00fczenlenen T\u00fcrkmen \u015e\u00f6leninin haz\u0131rl\u0131klar\u0131na ba\u015flad\u0131.<\/p>\n<p>1978 y\u0131l\u0131ndan bu yana Erdemli\u2019de ger\u00e7ekle\u015ftirilen ve t\u00fcm T\u00fcrkiye\u2019de \u015f\u00f6lenlerin atas\u0131 olarak kabul edilen, geleneksel T\u00fcrkmen \u015e\u00f6leninin bu y\u0131l 28.&#8217;si d\u00fczenlenecek. Erdemli Belediyesince d\u00fczenlenen ve Y\u00f6r\u00fck ya\u015fam\u0131ndan kesitlerin sunuldu\u011fu \u015f\u00f6lene, \u00e7evre il ve il\u00e7elerden belediye ve sivil toplum kurulu\u015flar\u0131n\u0131n \u00e7ad\u0131r kurarak kat\u0131lam sa\u011flayaca\u011f\u0131 belirtildi. T\u00fcrk Sanat M\u00fczi\u011fi Sanat\u00e7\u0131s\u0131 Muazzez Ersoy ve T\u00fcrk M\u00fczi\u011finin g\u00fc\u00e7l\u00fc sesi Atilla Y\u0131lmaz\u2019\u0131n sahne alaca\u011f\u0131 programla ilgili Erdemli Belediyesi \u00e7al\u0131\u015fmalar\u0131n\u0131 s\u00fcrd\u00fcr\u00fcyor.<br \/>\n21 May\u0131s 2017 Pazar g\u00fcn\u00fc saat 13.00\u2019de yap\u0131lacak olan \u015f\u00f6lenle ilgili tan\u0131t\u0131m toplant\u0131lar\u0131 yap\u0131ld\u0131. Erdemli Belediye Ba\u015fkan\u0131 M\u00fckerrem Tollu, yapt\u0131klar\u0131 giri\u015fimler neticesinde \u00f6n\u00fcm\u00fczdeki y\u0131ldan itibaren T\u00fcrkmen \u015e\u00f6leninin uluslararas\u0131 bir etkinlik olarak kutlanaca\u011f\u0131n\u0131, bu sayede Erdemli\u2019nin isminin uluslararas\u0131 arenada tan\u0131naca\u011f\u0131n\u0131 s\u00f6yledi. Bu \u015f\u00f6lenin Erdemli\u2019nin ortak paydas\u0131 oldu\u011funa de\u011finen Tollu, herkesin elini ta\u015f\u0131n alt\u0131na koymas\u0131 gerekti\u011fini belirtti. Bu t\u00fcr etkinliklerin toplumu birle\u015ftirdi\u011fine dikkat \u00e7eken Tollu, birlik ve beraberli\u011fi tesis etmek i\u00e7in T\u00fcrkmen \u015e\u00f6leninin \u00f6nemli bir f\u0131rsat oldu\u011funu, herkesin sahiplenmesi gerekti\u011fini kaydetti.<\/p>\n","protected":false},"excerpt":{"rendered":"<p>Erdemli Belediyesi y\u0131llard\u0131r geleneksel olarak d\u00fczenlenen T\u00fcrkmen \u015e\u00f6leninin haz\u0131rl\u0131klar\u0131na ba\u015flad\u0131. 1978 y\u0131l\u0131ndan bu yana Erdemli\u2019de ger\u00e7ekle\u015ftirilen ve t\u00fcm T\u00fcrkiye\u2019de \u015f\u00f6lenlerin atas\u0131 olarak kabul edilen, geleneksel T\u00fcrkmen \u015e\u00f6leninin bu y\u0131l 28.&#8217;si &hellip; <a href=\"https:\/\/akdenizolaygazetesi.com\/?p=1116\" class=\"more-link\">Devam\u0131n\u0131 Oku&#8230;<\/a><\/p>\n","protected":false},"author":1,"featured_media":0,"comment_status":"open","ping_status":"open","sticky":false,"template":"","format":"standard","meta":[],"categories":[],"tags":[],"_links":{"self":[{"href":"https:\/\/akdenizolaygazetesi.com\/index.php?rest_route=\/wp\/v2\/posts\/1116"}],"collection":[{"href":"https:\/\/akdenizolaygazetesi.com\/index.php?rest_route=\/wp\/v2\/posts"}],"about":[{"href":"https:\/\/akdenizolaygazetesi.com\/index.php?rest_route=\/wp\/v2\/types\/post"}],"author":[{"embeddable":true,"href":"https:\/\/akdenizolaygazetesi.com\/index.php?rest_route=\/wp\/v2\/users\/1"}],"replies":[{"embeddable":true,"href":"https:\/\/akdenizolaygazetesi.com\/index.php?rest_route=%2Fwp%2Fv2%2Fcomments&post=1116"}],"version-history":[{"count":0,"href":"https:\/\/akdenizolaygazetesi.com\/index.php?rest_route=\/wp\/v2\/posts\/1116\/revisions"}],"wp:attachment":[{"href":"https:\/\/akdenizolaygazetesi.com\/index.php?rest_route=%2Fwp%2Fv2%2Fmedia&parent=1116"}],"wp:term":[{"taxonomy":"category","embeddable":true,"href":"https:\/\/akdenizolaygazetesi.com\/index.php?rest_route=%2Fwp%2Fv2%2Fcategories&post=1116"},{"taxonomy":"post_tag","embeddable":true,"href":"https:\/\/akdenizolaygazetesi.com\/index.php?rest_route=%2Fwp%2Fv2%2Ftags&post=1116"}],"curies":[{"name":"wp","href":"https:\/\/api.w.org\/{rel}","templated":true}]}}