{"id":11160,"date":"2021-03-07T16:44:19","date_gmt":"2021-03-07T13:44:19","guid":{"rendered":"http:\/\/akdenizolaygazetesi.com\/?p=11160"},"modified":"2021-03-07T16:44:19","modified_gmt":"2021-03-07T13:44:19","slug":"sabah-otobusunu-suruyor-aksam-sanatla-ugrasiyor","status":"publish","type":"post","link":"https:\/\/akdenizolaygazetesi.com\/?p=11160","title":{"rendered":"SABAH OTOB\u00dcS\u00dcN\u00dc S\u00dcR\u00dcYOR, AK\u015eAM SANATLA U\u011eRA\u015eIYOR"},"content":{"rendered":"<p>Mersin B\u00fcy\u00fck\u015fehir Belediyesi\u2019nde son 22 ayda kad\u0131n istihdam oran\u0131 Ba\u015fkan Se\u00e7er\u2019in pozitif ayr\u0131mc\u0131l\u0131\u011f\u0131yla y\u00fczde 23.6\u2019ya ula\u015ft\u0131. Bu s\u00fcre\u00e7te istihdam sa\u011flanan kad\u0131nlardan birisi de resim \u00f6\u011fretmenli\u011fi mezunu Merve Sa\u011f oldu. K\u00fc\u00e7\u00fckl\u00fck hayalinin pe\u015finden gidip belediyede otob\u00fcs \u015fof\u00f6r\u00fc olarak i\u015fe ba\u015flayan Sa\u011f, kendisine \u2018olmaz, yapamazs\u0131n\u2019 denileni ba\u015fard\u0131. Sanatla u\u011fra\u015f\u0131ndan da vazge\u00e7meyen ve yapt\u0131\u011f\u0131 Atat\u00fcrk b\u00fcst\u00fcn\u00fc \u00e7al\u0131\u015ft\u0131\u011f\u0131 birime kazand\u0131ran Sa\u011f, \u201cKad\u0131n istedikten sonra her \u015feyi yapabilir. Hem otob\u00fcs\u00fc s\u00fcr\u00fcyorum hem de heykel \u00e7al\u0131\u015fmam\u0131 yapabiliyorum\u201d dedi.<\/p>\n<p>MERS\u0130N\/ (FOTO\u011eRAFLI-G\u00d6R\u00dcNT\u00dcL\u00dc)<\/p>\n<p>Mersin B\u00fcy\u00fck\u015fehir Belediye Ba\u015fkan\u0131 Vahap Se\u00e7er, g\u00f6reve ba\u015flad\u0131\u011f\u0131 g\u00fcnden bu yana kad\u0131nlara sa\u011flad\u0131\u011f\u0131 pozitif ayr\u0131mc\u0131l\u0131kla belediyedeki kad\u0131n istihdam oran\u0131n\u0131 y\u00fczde 18,3\u2019ten 23,6\u2019ya y\u00fckseltti. \u0130stihdam sa\u011flanan kad\u0131nlardan birisi de bir y\u0131l \u00f6nce otob\u00fcs \u015fof\u00f6r\u00fc olarak i\u015fe ba\u015flayan resim \u00f6\u011fretmenli\u011fi mezunu Merve Sa\u011f oldu. 30 ya\u015f\u0131ndaki Sa\u011f, k\u00fc\u00e7\u00fckl\u00fck hayalinin \u015fof\u00f6rl\u00fck oldu\u011funu belirtti. Kendisine \u2018olmaz, yapamazs\u0131n\u2019 denileni ba\u015faran Sa\u011f, sanatla aras\u0131ndaki ba\u011f\u0131 da koparmad\u0131. Yapt\u0131\u011f\u0131 Atat\u00fcrk b\u00fcst\u00fcn\u00fc \u00e7al\u0131\u015ft\u0131\u011f\u0131 birime kazand\u0131ran Sa\u011f, \u201cKad\u0131n istedikten sonra her \u015feyi yapabilir\u201d dedi.<\/p>\n<p>1 y\u0131l \u00f6nce belediyenin \u015fof\u00f6rl\u00fck s\u0131navlar\u0131na girmi\u015fti<\/p>\n<p>B\u00fcy\u00fck\u015fehir Belediyesi, 10 \u015eubat 2019\u2019da 184 otob\u00fcs \u015fof\u00f6r\u00fc al\u0131m\u0131 i\u00e7in ilana \u00e7\u0131kt\u0131. 744 aday\u0131n kat\u0131l\u0131m\u0131yla ger\u00e7ekle\u015ftirilen m\u00fclakatlar\u0131n sonucunda 450 aday son a\u015fama olan direksiyon s\u0131nav\u0131na girmeye hak kazand\u0131. S\u0131nava girenlerden birisi de Merve Sa\u011f oldu. Sa\u011f, bir y\u0131l \u00f6nce s\u0131nav i\u00e7in oturdu\u011fu \u015fof\u00f6r koltu\u011funda \u015funlar\u0131 s\u00f6ylemi\u015fti;<\/p>\n<p>\u201cBen bu i\u015fi erkek i\u015fi olarak g\u00f6rm\u00fcyorum ve ba\u015faraca\u011f\u0131ma inan\u0131yorum. Bence art\u0131k e\u015fitli\u011fin olu\u015fmas\u0131 gerekiyordu ve Ba\u015fkan\u0131m\u0131z kentimizde bunu sa\u011flamaya ba\u015flad\u0131. Ben de erkek i\u015fi olarak g\u00f6r\u00fclen bu i\u015fi ba\u015fararak, devaml\u0131l\u0131\u011f\u0131 sa\u011flamak istiyorum.\u201d<\/p>\n<p>\u2018Olmaz, yapamazs\u0131n\u2019 denileni ba\u015fard\u0131<\/p>\n<p>Merve Sa\u011f, i\u015fe al\u0131nmaya hak kazanarak B\u00fcy\u00fck\u015fehir Belediyesi\u2019nde otob\u00fcs \u015fof\u00f6r\u00fc olarak g\u00f6reve ba\u015flayan kad\u0131nlardan birisi oldu. Sa\u011f, bir y\u0131l boyunca trafik yo\u011funlu\u011funa, zorlu yollara ve toplum bask\u0131s\u0131na ald\u0131rmadan g\u00f6revini ba\u015far\u0131yla s\u00fcrd\u00fcrd\u00fc. Kendisine \u2018olmaz, yapamazs\u0131n\u2019 diyenlere inat k\u00fc\u00e7\u00fckl\u00fck hayalinden vazge\u00e7meyerek kad\u0131nlar\u0131n da otob\u00fcs kullanabilece\u011fini herkese g\u00f6sterdi. \u015eof\u00f6r kabini Sa\u011f\u2019\u0131n yuvas\u0131 oldu.<\/p>\n<p>1 y\u0131l\u0131n sonunda \u201ckentin yollar\u0131 bize emanet\u201d dedi<\/p>\n<p>Sa\u011f, oturdu\u011fu otob\u00fcs \u015fof\u00f6r\u00fc koltu\u011funda geride b\u0131rakt\u0131\u011f\u0131 bir y\u0131l\u0131n sonunda ise \u201cK\u00fc\u00e7\u00fck ya\u015flardan beri otob\u00fcs kullanmak hayalimdi, sonunda ger\u00e7ekle\u015ftirebildi\u011fim i\u00e7in mutluyum. B\u00fct\u00fcn kad\u0131nlar gibi ben de tepki ald\u0131m. \u2018Yapamazs\u0131n\u2019, \u2018otob\u00fcs \u00e7ok b\u00fcy\u00fck\u2019, \u2018kaza olur\u2019, \u2018beceremezsin\u2019 gibi bir s\u00fcr\u00fc tepki ald\u0131m ama yapabildi\u011fimi g\u00f6sterdi\u011fimi d\u00fc\u015f\u00fcn\u00fcyorum. Bu y\u00fczden de \u00e7ok mutluyum. Kad\u0131n\u0131n g\u00fcc\u00fcn\u00fc herkese g\u00f6stermi\u015f olduk. Sabah erken kalkt\u0131\u011f\u0131m\u0131zda da ak\u015fam da g\u00fcn i\u00e7erisinde de kentin yollar\u0131 bize emanet. Yolcular\u0131m\u0131z bize emanet. Yeri geliyor onlar\u0131n ablalar\u0131, anneleri, teyzeleri oluyoruz. Kad\u0131nlar olarak biz de bu yollarday\u0131z. Ba\u015fkan\u0131m\u0131z Vahap Se\u00e7er bize bu kap\u0131y\u0131 a\u00e7t\u0131, y\u00fcr\u00fcyebilmemizi sa\u011flad\u0131, kendisine \u00e7ok te\u015fekk\u00fcr ediyorum. Biz de bu yollarda var\u0131z\u201d ifadelerini kulland\u0131.<\/p>\n<p>\u00dcniversitede Resim \u00d6\u011fretmenli\u011fi okudu<\/p>\n<p>18 ya\u015f\u0131ndan bu yana ara\u00e7 kulland\u0131\u011f\u0131n\u0131 s\u00f6yleyen Sa\u011f, yetenek s\u0131navlar\u0131na girdi, \u00fcniversite \u00f6\u011frenimini \u00c7ukurova \u00dcniversitesi E\u011fitim Fak\u00fcltesi Resim-\u0130\u015f E\u011fitimi \u00d6\u011fretmenli\u011fi Heykel Anasanat Dal\u0131\u2019nda tamamlad\u0131. Resim ve heykelle aras\u0131ndaki ba\u011f\u0131 hi\u00e7 koparmayan Sa\u011f, arkada\u015f\u0131 Yusuf Ziyahan Marangoz\u2019un at\u00f6lyesinde bir Atat\u00fcrk b\u00fcst\u00fc yapt\u0131. Yapt\u0131\u011f\u0131 b\u00fcst, B\u00fcy\u00fck\u015fehir\u2019in toplu ta\u015f\u0131ma ara\u00e7 yerle\u015fkesindeki birimin \u00f6n\u00fcne yerle\u015ftirildi.  Merve Sa\u011f, i\u015f d\u0131\u015f\u0131ndaki zaman\u0131n\u0131n \u00f6nemli bir k\u0131sm\u0131n\u0131 arkada\u015f\u0131n\u0131n at\u00f6lyesinde ge\u00e7irdi\u011fini belirterek, \u201c\u0130kimiz de g\u00fczel sanatlar fak\u00fcltesi mezunu oldu\u011fumuz i\u00e7in \u00e7al\u0131\u015fmalar\u0131m\u0131z\u0131 burada s\u00fcrd\u00fcr\u00fcyoruz. En az\u0131ndan hobi ama\u00e7l\u0131 da olsa bunu devam ettiriyor olmak \u00e7ok keyifli. \u0130\u015fimi severek yap\u0131yorum, keyifle ara\u00e7 kullan\u0131yorum. Daha sonras\u0131nda kalan s\u00fcremi genellikle burada ge\u00e7iriyorum\u201d dedi.<\/p>\n<p>\u015eof\u00f6r arkada\u015flar\u0131 da Sa\u011f\u2019a destek verdi<\/p>\n<p>Merve Sa\u011f, yapt\u0131\u011f\u0131 Atat\u00fcrk b\u00fcst\u00fcn\u00fc \u00e7al\u0131\u015ft\u0131\u011f\u0131 birimin giri\u015fine \u00f6zenle yerle\u015ftirdi. \u0130\u015fini de sanat\u0131n\u0131 da severek icra etti\u011fini vurgulayan Sa\u011f, \u201cBir senedir de g\u00f6revimi en iyi \u015fekilde icra etmeye \u00e7al\u0131\u015f\u0131yorum. Kad\u0131n istedikten sonra her \u015feyi yapabilir. Hem otob\u00fcs\u00fc s\u00fcr\u00fcyorum hem de heykel \u00e7al\u0131\u015fmam\u0131 yapabiliyorum\u201d dedi. Sa\u011f, b\u00fcst\u00fcn yap\u0131l\u0131\u015f a\u015famas\u0131ndan birime yerle\u015ftirilme a\u015famas\u0131na kadar \u00e7al\u0131\u015fma arkada\u015flar\u0131n\u0131n da b\u00fcy\u00fck deste\u011fiyle kar\u015f\u0131la\u015ft\u0131\u011f\u0131n\u0131 s\u00f6zlerine ekleyerek, \u201cAtat\u00fcrk zaten her zaman kalbimizde. \u015eof\u00f6r abilerimiz, ablalar\u0131m\u0131z da sa\u011f olsunlar \u00e7ok yard\u0131mc\u0131 oldular. Kaideyi beraber haz\u0131rlad\u0131k. Sadece Atat\u00fcrk b\u00fcst\u00fcn\u00fc ben tasarlam\u0131\u015f oldum. Ama g\u00fczel bir sonu\u00e7 ortaya \u00e7\u0131kt\u0131\u201d diye konu\u015ftu.<\/p>\n<p>Kaidenin haz\u0131rlanmas\u0131nda yard\u0131mc\u0131 olan \u015fof\u00f6rlerden B\u00fclent Mavi ise \u201cMerve Han\u0131m yapt\u0131, eline sa\u011fl\u0131k. \u00c7ok da g\u00fczel oldu. Amirli\u011fimize b\u00f6yle bir b\u00fcst gerekiyordu. Etraf\u0131yla ilgili biz kendisine yard\u0131mc\u0131 olduk. Hep beraber buralar\u0131 d\u00fczelttik yapt\u0131k\u201d dedi.<\/p>\n<p>\u201cKad\u0131n \u015fof\u00f6rlerimizin b\u00f6yle eserlere imza atmas\u0131 belediyemizi onurland\u0131r\u0131yor\u201d<\/p>\n<p>Toplu Ta\u015f\u0131ma \u015eube M\u00fcd\u00fcrl\u00fc\u011f\u00fc Toplu Ta\u015f\u0131ma \u015eefi Serta\u00e7 A\u00e7\u0131kba\u015f da g\u00fczel bir \u00e7al\u0131\u015fman\u0131n ortaya konuldu\u011funu vurgulayarak, \u015funlar\u0131 s\u00f6yledi:<\/p>\n<p>\u201c\u00d6zellikle kad\u0131n \u015fof\u00f6rlerimizin ve bu tarz yetenekli arkada\u015flar\u0131m\u0131z\u0131n b\u00f6yle eserlere imza atmas\u0131 Mersin B\u00fcy\u00fck\u015fehir Belediyesi olarak bizi onurland\u0131r\u0131yor, gururland\u0131r\u0131yor. Personellerimiz de malzemelerin buraya ta\u015f\u0131nmas\u0131ndan yap\u0131m\u0131na kadar olan b\u00f6l\u00fcmde ciddi bir \u015fekilde emek sarf etti, al\u0131n teri d\u00f6kt\u00fc.\u201d<\/p>\n","protected":false},"excerpt":{"rendered":"<p>Mersin B\u00fcy\u00fck\u015fehir Belediyesi\u2019nde son 22 ayda kad\u0131n istihdam oran\u0131 Ba\u015fkan Se\u00e7er\u2019in pozitif ayr\u0131mc\u0131l\u0131\u011f\u0131yla y\u00fczde 23.6\u2019ya ula\u015ft\u0131. Bu s\u00fcre\u00e7te istihdam sa\u011flanan kad\u0131nlardan birisi de resim \u00f6\u011fretmenli\u011fi mezunu Merve Sa\u011f oldu. K\u00fc\u00e7\u00fckl\u00fck &hellip; <a href=\"https:\/\/akdenizolaygazetesi.com\/?p=11160\" class=\"more-link\">Devam\u0131n\u0131 Oku&#8230;<\/a><\/p>\n","protected":false},"author":2,"featured_media":11161,"comment_status":"open","ping_status":"open","sticky":false,"template":"","format":"standard","meta":[],"categories":[34,1,2,3,5],"tags":[],"_links":{"self":[{"href":"https:\/\/akdenizolaygazetesi.com\/index.php?rest_route=\/wp\/v2\/posts\/11160"}],"collection":[{"href":"https:\/\/akdenizolaygazetesi.com\/index.php?rest_route=\/wp\/v2\/posts"}],"about":[{"href":"https:\/\/akdenizolaygazetesi.com\/index.php?rest_route=\/wp\/v2\/types\/post"}],"author":[{"embeddable":true,"href":"https:\/\/akdenizolaygazetesi.com\/index.php?rest_route=\/wp\/v2\/users\/2"}],"replies":[{"embeddable":true,"href":"https:\/\/akdenizolaygazetesi.com\/index.php?rest_route=%2Fwp%2Fv2%2Fcomments&post=11160"}],"version-history":[{"count":1,"href":"https:\/\/akdenizolaygazetesi.com\/index.php?rest_route=\/wp\/v2\/posts\/11160\/revisions"}],"predecessor-version":[{"id":11162,"href":"https:\/\/akdenizolaygazetesi.com\/index.php?rest_route=\/wp\/v2\/posts\/11160\/revisions\/11162"}],"wp:featuredmedia":[{"embeddable":true,"href":"https:\/\/akdenizolaygazetesi.com\/index.php?rest_route=\/wp\/v2\/media\/11161"}],"wp:attachment":[{"href":"https:\/\/akdenizolaygazetesi.com\/index.php?rest_route=%2Fwp%2Fv2%2Fmedia&parent=11160"}],"wp:term":[{"taxonomy":"category","embeddable":true,"href":"https:\/\/akdenizolaygazetesi.com\/index.php?rest_route=%2Fwp%2Fv2%2Fcategories&post=11160"},{"taxonomy":"post_tag","embeddable":true,"href":"https:\/\/akdenizolaygazetesi.com\/index.php?rest_route=%2Fwp%2Fv2%2Ftags&post=11160"}],"curies":[{"name":"wp","href":"https:\/\/api.w.org\/{rel}","templated":true}]}}