{"id":11163,"date":"2021-03-07T16:46:33","date_gmt":"2021-03-07T13:46:33","guid":{"rendered":"http:\/\/akdenizolaygazetesi.com\/?p=11163"},"modified":"2021-03-07T16:46:33","modified_gmt":"2021-03-07T13:46:33","slug":"buyuksehir-ozgecan-aslan-meydaninda-8-marti-kutlayacak","status":"publish","type":"post","link":"https:\/\/akdenizolaygazetesi.com\/?p=11163","title":{"rendered":"B\u00dcY\u00dcK\u015eEH\u0130R, \u00d6ZGECAN ASLAN MEYDANI\u2019NDA 8 MART\u2019I KUTLAYACAK"},"content":{"rendered":"<p>Mersin B\u00fcy\u00fck\u015fehir Belediyesi, \u00d6zgecan Aslan Bar\u0131\u015f Meydan\u0131\u2019nda 8 Mart D\u00fcnya Kad\u0131nlar G\u00fcn\u00fc\u2019n\u00fc kutlayacak. Meydanda dinletiler, sergiler ve g\u00f6steriler ger\u00e7ekle\u015ftirilecek, stantlar kurulacak. Sabah 09.00\u2019da ba\u015flayacak program 20.15\u2019e kadar s\u00fcrecek.<\/p>\n<p>MERS\u0130N\/ (FOTO\u011eRAFLI)<\/p>\n<p>Mersin B\u00fcy\u00fck\u015fehir Belediyesi Kad\u0131n ve Aile Hizmetleri Dairesi\u2019nin \u00f6nc\u00fcl\u00fc\u011f\u00fcnde 8 Mart D\u00fcnya Kad\u0131nlar G\u00fcn\u00fc dolay\u0131s\u0131yla \u00d6zgecan Aslan Bar\u0131\u015f Meydan\u0131\u2019nda bir kutlama program\u0131 yap\u0131lacak. Sabah 09.00\u2019da ba\u015flayacak program 20.15\u2019e kadar devam edecek. B\u00fcy\u00fck\u015fehir, program\u0131n i\u00e7erik ve saatlerini sosyal medya hesaplar\u0131nda ayr\u0131nt\u0131l\u0131 bir \u015fekilde payla\u015ft\u0131.<\/p>\n<p>Meydandaki sahnede performanslar sergilenecek<\/p>\n<p>\u00d6zgecan Aslan Bar\u0131\u015f Meydan\u0131\u2019nda bir sahne kurulacak. Sahnede dinletiler, danslar, foto\u011fraf g\u00f6sterimi ve DJ performans\u0131 ger\u00e7ekle\u015fecek. 12.00\u2019de ba\u015flayacak sahne performanslar\u0131 20.15\u2019te son bulacak. Kad\u0131n ve Aile Hizmetleri Dairesi ile K\u00fclt\u00fcr ve Sosyal \u0130\u015fler Dairesi\u2019nin organize etti\u011fi toplam 6 dinleti farkl\u0131 zaman dilimlerinde dinleyicilere sunulacak. Programda, Mersin \u00dcniversitesi Konservatuar sanat\u00e7\u0131lar\u0131 da sahne alacak.<\/p>\n<p>Meydandaki di\u011fer alanlarda da etkinlikler yap\u0131lacak<\/p>\n<p>Meydandaki farkl\u0131 bir\u00e7ok alan etkinliklere ev sahipli\u011fi yapacak. Saat 09.00-20.00 aras\u0131nda Kad\u0131n Sanat\u00e7\u0131lar Sergisi, hat\u0131ra k\u00f6\u015fesi foto\u011fraf \u00e7ekimi ve \u00fcretici kad\u0131n stantlar\u0131 yer alacak. Saat 13.00-16.00 aras\u0131nda \u00e7ocuk etkinlikleri, 17.30-18.00 aras\u0131nda Capoeira G\u00f6sterisi ve 11.00-20.00 aras\u0131nda kad\u0131n spor etkinlikleri ile kad\u0131n spor tak\u0131mlar\u0131 bulunacak.<\/p>\n<p>Etkinliklerin bir dura\u011f\u0131 daha var<\/p>\n<p>\u00d6zgecan Aslan Bar\u0131\u015f Meydan\u0131\u2019n\u0131n yan\u0131 s\u0131ra K\u00fclt\u00fcr Park\u2019taki Etkinlik ve Sanat Merkezi\u2019nde 09.00-17.00 aras\u0131 Kad\u0131nlar G\u00fcn\u00fc K\u0131rkyama Sergisi, 10.00-11.00 aras\u0131nda ise \u2018Kad\u0131n Eme\u011fi\u2019 konulu s\u00f6yle\u015fi yap\u0131lacak.<\/p>\n<p>\u2018Gezici Etkinlik Otob\u00fcs\u00fc\u2019n\u00fcn ise \u00e7ok dura\u011f\u0131 var<\/p>\n<p>8 Mart kapsam\u0131nda yollara \u00e7\u0131kan Gezici Etkinlik Otob\u00fcs\u00fc de 3, 4 ve 5 Mart\u2019ta gitti\u011fi her yerde kad\u0131n sa\u011fl\u0131\u011f\u0131ndan dan\u0131\u015fmanl\u0131\u011fa kadar bir\u00e7ok etkinlik ger\u00e7ekle\u015ftirdi. Etkinlikler, 9, 10, 11 ve 12 Mart tarihlerinde de devam edecek. Etkinlik Otob\u00fcs\u00fc ile \u00e7ocuklar i\u00e7in de zumba ve mahremiyet e\u011fitimleri veriliyor.<\/p>\n<p>Ta\u015fhan\u2019da her g\u00fcn kad\u0131nlar g\u00fcn\u00fc!<\/p>\n<p>Mut Ta\u015fhan Kad\u0131n \u00dcretici Pazar\u0131\u2019nda ise 5 Mart\u2019ta bir etkinlik yap\u0131ld\u0131. 7 saat s\u00fcren etkinlikte bando g\u00f6sterisi, dans, canl\u0131 m\u00fczik, Ta\u015fhan Kad\u0131n Korosu M\u00fczik Dinletisi, yerel sanat\u00e7\u0131 performans\u0131 ve \u00e7ocuklar\u0131n \u015fiir dinletisi yer ald\u0131.<\/p>\n","protected":false},"excerpt":{"rendered":"<p>Mersin B\u00fcy\u00fck\u015fehir Belediyesi, \u00d6zgecan Aslan Bar\u0131\u015f Meydan\u0131\u2019nda 8 Mart D\u00fcnya Kad\u0131nlar G\u00fcn\u00fc\u2019n\u00fc kutlayacak. Meydanda dinletiler, sergiler ve g\u00f6steriler ger\u00e7ekle\u015ftirilecek, stantlar kurulacak. Sabah 09.00\u2019da ba\u015flayacak program 20.15\u2019e kadar s\u00fcrecek. MERS\u0130N\/ (FOTO\u011eRAFLI) &hellip; <a href=\"https:\/\/akdenizolaygazetesi.com\/?p=11163\" class=\"more-link\">Devam\u0131n\u0131 Oku&#8230;<\/a><\/p>\n","protected":false},"author":2,"featured_media":11164,"comment_status":"open","ping_status":"open","sticky":false,"template":"","format":"standard","meta":[],"categories":[34,1,2,3,5],"tags":[],"_links":{"self":[{"href":"https:\/\/akdenizolaygazetesi.com\/index.php?rest_route=\/wp\/v2\/posts\/11163"}],"collection":[{"href":"https:\/\/akdenizolaygazetesi.com\/index.php?rest_route=\/wp\/v2\/posts"}],"about":[{"href":"https:\/\/akdenizolaygazetesi.com\/index.php?rest_route=\/wp\/v2\/types\/post"}],"author":[{"embeddable":true,"href":"https:\/\/akdenizolaygazetesi.com\/index.php?rest_route=\/wp\/v2\/users\/2"}],"replies":[{"embeddable":true,"href":"https:\/\/akdenizolaygazetesi.com\/index.php?rest_route=%2Fwp%2Fv2%2Fcomments&post=11163"}],"version-history":[{"count":1,"href":"https:\/\/akdenizolaygazetesi.com\/index.php?rest_route=\/wp\/v2\/posts\/11163\/revisions"}],"predecessor-version":[{"id":11165,"href":"https:\/\/akdenizolaygazetesi.com\/index.php?rest_route=\/wp\/v2\/posts\/11163\/revisions\/11165"}],"wp:featuredmedia":[{"embeddable":true,"href":"https:\/\/akdenizolaygazetesi.com\/index.php?rest_route=\/wp\/v2\/media\/11164"}],"wp:attachment":[{"href":"https:\/\/akdenizolaygazetesi.com\/index.php?rest_route=%2Fwp%2Fv2%2Fmedia&parent=11163"}],"wp:term":[{"taxonomy":"category","embeddable":true,"href":"https:\/\/akdenizolaygazetesi.com\/index.php?rest_route=%2Fwp%2Fv2%2Fcategories&post=11163"},{"taxonomy":"post_tag","embeddable":true,"href":"https:\/\/akdenizolaygazetesi.com\/index.php?rest_route=%2Fwp%2Fv2%2Ftags&post=11163"}],"curies":[{"name":"wp","href":"https:\/\/api.w.org\/{rel}","templated":true}]}}