{"id":11166,"date":"2021-03-07T16:50:43","date_gmt":"2021-03-07T13:50:43","guid":{"rendered":"http:\/\/akdenizolaygazetesi.com\/?p=11166"},"modified":"2021-03-07T16:50:43","modified_gmt":"2021-03-07T13:50:43","slug":"meski-evsel-kati-atik-ucretleri-hakkinda-bir-aciklama-yapti","status":"publish","type":"post","link":"https:\/\/akdenizolaygazetesi.com\/?p=11166","title":{"rendered":"MESK\u0130, \u201cEVSEL KATI ATIK \u00dcCRETLER\u0130\u201d HAKKINDA B\u0130R A\u00c7IKLAMA YAPTI"},"content":{"rendered":"<p>Vatanda\u015flara kesintisiz i\u00e7mesuyu temini sa\u011flayan ve 7\/24 \u00e7al\u0131\u015fma prensibiyle hizmet veren MESK\u0130 Genel M\u00fcd\u00fcrl\u00fc\u011f\u00fc, \u201cEvsel Kat\u0131 At\u0131k Bedelleri\u201d ile ilgili bir a\u00e7\u0131klama yapt\u0131. A\u00e7\u0131klamada, \u201c\u0130l\u00e7e belediyelerince talep edilen evsel kat\u0131 at\u0131k bedelleri Mart ay\u0131ndan itibaren su faturalar\u0131 arac\u0131l\u0131\u011f\u0131 ile tahsil edilecek ve bedelin tamam\u0131 ilgili il\u00e7e belediyesine aktar\u0131lacakt\u0131r. Su \u00fccretlerinde herhangi bir art\u0131\u015f s\u00f6z konusu de\u011fildir\u201d denildi.<\/p>\n<p>Mersin B\u00fcy\u00fck\u015fehir Belediyesi Mersin Su ve Kanalizasyon \u0130daresi (MESK\u0130) Genel M\u00fcd\u00fcrl\u00fc\u011f\u00fc, su faturalar\u0131na ayr\u0131 bir b\u00f6l\u00fcm olarak ilave edilen evsel kat\u0131 at\u0131k \u00fccretleriyle ilgili bir a\u00e7\u0131klama yapt\u0131.<\/p>\n<p>S\u00f6z konusu a\u00e7\u0131klamaya g\u00f6re, Mart ay\u0131 itibariyle \u201cEvsel Kat\u0131 At\u0131k Bedellerinin\u201d  tahakkuku ve tahsilat\u0131 su faturalar\u0131 arac\u0131l\u0131\u011f\u0131 ile yap\u0131lacak. Su faturalar\u0131 \u00fczerinden al\u0131nan bedeller ise ilgili il\u00e7e belediyelerine aktar\u0131lacak. A\u00e7\u0131klamada, \u201cSu \u00fccretlerinde herhangi bir art\u0131\u015f s\u00f6z konusu de\u011fildir\u201d denildi. A\u00e7\u0131klamada \u015fu ifadelere yer verildi:<\/p>\n<p>\u201c2872 Say\u0131l\u0131 \u00c7evre Kanunu\u2019nun 11. Maddesinde; \u2018B\u00fcy\u00fck\u015fehir belediyeleri ve belediyeler evsel kat\u0131 at\u0131k bertaraf tesislerini kurmak, kurdurmak, i\u015fletmek veya i\u015flettirmekle y\u00fck\u00fcml\u00fcd\u00fcr. Bu hizmetten yararlanan ve\/veya yararlanacaklar, sorumlu y\u00f6netimlerin yapaca\u011f\u0131 yat\u0131r\u0131m, i\u015fletme, bak\u0131m, onar\u0131m ve \u0131slah harcamalar\u0131na kat\u0131lmakla y\u00fck\u00fcml\u00fcd\u00fcr. Bu hizmetten yararlananlardan, Belediye Meclisince belirlenecek tarifeye g\u00f6re kat\u0131 at\u0131k toplama, ta\u015f\u0131ma ve bertaraf \u00fccreti al\u0131n\u0131r. Bu f\u0131kra uyar\u0131nca tahsil edilen \u00fccretler, kat\u0131 at\u0131kla ilgili hizmetler d\u0131\u015f\u0131nda kullan\u0131lamaz\u2019 denilmektedir.<\/p>\n<p>Ayr\u0131ca, 27\/10\/2010 tarih 27742 say\u0131l\u0131 Resmi Gazete\u2019de yay\u0131mlanan \u2018At\u0131ksu Altyap\u0131 ve Evsel Kat\u0131 At\u0131k Bertaraf Tesisleri Tarifelerinin Belirlenmesinde Uyulacak Usul ve Esaslara \u0130li\u015fkin Y\u00f6netmelik\u2019 ile her belediyeye evsel kat\u0131 at\u0131k toplama ve varsa bertaraf maliyetlerinin evsel kat\u0131 at\u0131k bedeli olarak m\u00fckelleflerden alma imkan\u0131 getirilmi\u015f olup; ayn\u0131 y\u00f6netmeli\u011fin faturaland\u0131rma ba\u015fl\u0131kl\u0131 22-(1) maddesinde; \u2018At\u0131ksu ve evsel kat\u0131 at\u0131k hizmetlerine ait \u00fccretlendirme yap\u0131lan hizmetin kar\u015f\u0131l\u0131\u011f\u0131 olarak m\u00fcstakilen, d\u00fczenli aral\u0131klarla su faturalar\u0131 \u00fczerinden yap\u0131l\u0131r\u2019 denilmektedir.<\/p>\n<p>S\u00f6z konusu mevzuat kapsam\u0131nda, evsel kat\u0131 at\u0131k bedelleri \u0130l\u00e7e Belediye Meclisleri\u2019nce onaylanarak tahsil edilmek \u00fczere MESK\u0130\u2019ye bildirilmi\u015ftir. Bu h\u00fck\u00fcmler do\u011frultusunda, \u2018Evsel Kat\u0131 At\u0131k Bedelleri\u2019 Mart ay\u0131ndan itibaren su faturalar\u0131 arac\u0131l\u0131\u011f\u0131 ile MESK\u0130 taraf\u0131ndan tahakkuk olu\u015fturularak tahsil edilecektir. Tahsil edilen bedellerin tamam\u0131 ise ilgili il\u00e7e belediyelerine aktar\u0131lacakt\u0131r.\u201d<\/p>\n","protected":false},"excerpt":{"rendered":"<p>Vatanda\u015flara kesintisiz i\u00e7mesuyu temini sa\u011flayan ve 7\/24 \u00e7al\u0131\u015fma prensibiyle hizmet veren MESK\u0130 Genel M\u00fcd\u00fcrl\u00fc\u011f\u00fc, \u201cEvsel Kat\u0131 At\u0131k Bedelleri\u201d ile ilgili bir a\u00e7\u0131klama yapt\u0131. A\u00e7\u0131klamada, \u201c\u0130l\u00e7e belediyelerince talep edilen evsel kat\u0131 &hellip; <a href=\"https:\/\/akdenizolaygazetesi.com\/?p=11166\" class=\"more-link\">Devam\u0131n\u0131 Oku&#8230;<\/a><\/p>\n","protected":false},"author":2,"featured_media":11168,"comment_status":"open","ping_status":"open","sticky":false,"template":"","format":"standard","meta":[],"categories":[34,1,2,3,5],"tags":[],"_links":{"self":[{"href":"https:\/\/akdenizolaygazetesi.com\/index.php?rest_route=\/wp\/v2\/posts\/11166"}],"collection":[{"href":"https:\/\/akdenizolaygazetesi.com\/index.php?rest_route=\/wp\/v2\/posts"}],"about":[{"href":"https:\/\/akdenizolaygazetesi.com\/index.php?rest_route=\/wp\/v2\/types\/post"}],"author":[{"embeddable":true,"href":"https:\/\/akdenizolaygazetesi.com\/index.php?rest_route=\/wp\/v2\/users\/2"}],"replies":[{"embeddable":true,"href":"https:\/\/akdenizolaygazetesi.com\/index.php?rest_route=%2Fwp%2Fv2%2Fcomments&post=11166"}],"version-history":[{"count":1,"href":"https:\/\/akdenizolaygazetesi.com\/index.php?rest_route=\/wp\/v2\/posts\/11166\/revisions"}],"predecessor-version":[{"id":11169,"href":"https:\/\/akdenizolaygazetesi.com\/index.php?rest_route=\/wp\/v2\/posts\/11166\/revisions\/11169"}],"wp:featuredmedia":[{"embeddable":true,"href":"https:\/\/akdenizolaygazetesi.com\/index.php?rest_route=\/wp\/v2\/media\/11168"}],"wp:attachment":[{"href":"https:\/\/akdenizolaygazetesi.com\/index.php?rest_route=%2Fwp%2Fv2%2Fmedia&parent=11166"}],"wp:term":[{"taxonomy":"category","embeddable":true,"href":"https:\/\/akdenizolaygazetesi.com\/index.php?rest_route=%2Fwp%2Fv2%2Fcategories&post=11166"},{"taxonomy":"post_tag","embeddable":true,"href":"https:\/\/akdenizolaygazetesi.com\/index.php?rest_route=%2Fwp%2Fv2%2Ftags&post=11166"}],"curies":[{"name":"wp","href":"https:\/\/api.w.org\/{rel}","templated":true}]}}