{"id":11170,"date":"2021-03-07T16:56:25","date_gmt":"2021-03-07T13:56:25","guid":{"rendered":"http:\/\/akdenizolaygazetesi.com\/?p=11170"},"modified":"2021-03-07T16:56:25","modified_gmt":"2021-03-07T13:56:25","slug":"baskan-ozyigitkadin-mucadelesini-yukseltmeliyiz","status":"publish","type":"post","link":"https:\/\/akdenizolaygazetesi.com\/?p=11170","title":{"rendered":"BA\u015eKAN \u00d6ZY\u0130\u011e\u0130T:&#8221;KADIN M\u00dcCADELES\u0130N\u0130 Y\u00dcKSELTMEL\u0130Y\u0130Z&#8221;"},"content":{"rendered":"<p>Mersin Yeni\u015fehir Belediye Ba\u015fkan\u0131 Abdullah \u00d6zyi\u011fit, 8 Mart D\u00fcnya Kad\u0131nlar G\u00fcn\u00fc nedeniyle bir mesaj yay\u0131nlad\u0131. Ba\u015fkan \u00d6zyi\u011fit, mesaj\u0131nda iyi temennilerin kad\u0131n\u0131n \u00fczerindeki bask\u0131y\u0131 durdurmaya yetmedi\u011fini vurgulayarak, hayat\u0131n her alan\u0131ndaki eylem ve davran\u0131\u015flarla kad\u0131n m\u00fccadelesinin y\u00fckseltilmesi gerekti\u011fini belirtti.<\/p>\n<p>Kad\u0131na y\u00f6nelik t\u00fcm hak ihlallerinin son bulmas\u0131 dile\u011fiyle 8 Mart D\u00fcnya Kad\u0131nlar G\u00fcn\u00fc\u2019n\u00fc kutlayan Mersin Yeni\u015fehir Belediye Ba\u015fkan\u0131 Abdullah \u00d6zyi\u011fit, mesaj\u0131nda \u015fu ifadeleri kulland\u0131: \u201cKad\u0131nlara y\u00f6nelik bask\u0131ya, \u015fiddete, cinsel istismara, cinsiyet e\u015fitsizli\u011fine, cinayete ve s\u00f6m\u00fcr\u00fcye kar\u015f\u0131 kad\u0131nlar\u0131n yan\u0131nday\u0131z. D\u00fcn oldu\u011fu gibi bug\u00fcn de kad\u0131nlar\u0131n hak aray\u0131\u015f\u0131na \u015fiddetle kar\u015f\u0131l\u0131k veren zihniyetin kar\u015f\u0131s\u0131nda dimdik duraca\u011f\u0131z. Tarih boyunca u\u011frad\u0131\u011f\u0131 sistematik sald\u0131r\u0131lara kar\u015f\u0131 kad\u0131nlar\u0131n verdi\u011fi m\u00fccadeleye destek olmak ve kad\u0131nlar\u0131n gasp edilen haklar\u0131n\u0131 kazanmalar\u0131n\u0131 sa\u011flamak amac\u0131yla toplum olarak hep birlikte hareket etmeliyiz. \u0130yi temennilerin kad\u0131n\u0131n \u00fczerindeki bask\u0131y\u0131 durdurmaya yetmedi\u011fini biliyoruz. Bu nedenle ya\u015fam\u0131m\u0131z\u0131n her alan\u0131ndaki eylem ve davran\u0131\u015flar\u0131m\u0131zda kad\u0131n m\u00fccadelesini y\u00fckseltmeliyiz. Y\u00f6netim, istihdam, e\u011fitim ve politika gibi hayat\u0131n her alan\u0131nda erkeklerle ayn\u0131 oranda temsil hakk\u0131na kavu\u015fmak isteyen kad\u0131na \u00f6dettirilen bedel bizleri derinden yaralamaktad\u0131r. Bizler, T\u00fcrk kad\u0131na ilk defa se\u00e7me ve se\u00e7ilme hakk\u0131n\u0131 veren  Ulu \u00d6nderimiz Gazi Mustafa Kemal Atat\u00fcrk&#8217;\u00fcn izinden y\u00fcr\u00fcmeye devam edece\u011fiz. Sadece \u00f6zg\u00fcr ve mutlu bir \u015fekilde ya\u015famak istedi\u011fi i\u00e7in \u00f6ld\u00fcr\u00fclen t\u00fcm kad\u0131nlar\u0131 sayg\u0131yla an\u0131yorum. Kad\u0131na y\u00f6nelik t\u00fcm hak ihlallerinin son bulmas\u0131 dile\u011fiyle 8 Mart D\u00fcnya Kad\u0131nlar G\u00fcn\u00fc\u2019n\u00fc kutluyorum.\u201d<\/p>\n","protected":false},"excerpt":{"rendered":"<p>Mersin Yeni\u015fehir Belediye Ba\u015fkan\u0131 Abdullah \u00d6zyi\u011fit, 8 Mart D\u00fcnya Kad\u0131nlar G\u00fcn\u00fc nedeniyle bir mesaj yay\u0131nlad\u0131. Ba\u015fkan \u00d6zyi\u011fit, mesaj\u0131nda iyi temennilerin kad\u0131n\u0131n \u00fczerindeki bask\u0131y\u0131 durdurmaya yetmedi\u011fini vurgulayarak, hayat\u0131n her alan\u0131ndaki eylem &hellip; <a href=\"https:\/\/akdenizolaygazetesi.com\/?p=11170\" class=\"more-link\">Devam\u0131n\u0131 Oku&#8230;<\/a><\/p>\n","protected":false},"author":2,"featured_media":11171,"comment_status":"open","ping_status":"open","sticky":false,"template":"","format":"standard","meta":[],"categories":[34,1,2,3,5],"tags":[],"_links":{"self":[{"href":"https:\/\/akdenizolaygazetesi.com\/index.php?rest_route=\/wp\/v2\/posts\/11170"}],"collection":[{"href":"https:\/\/akdenizolaygazetesi.com\/index.php?rest_route=\/wp\/v2\/posts"}],"about":[{"href":"https:\/\/akdenizolaygazetesi.com\/index.php?rest_route=\/wp\/v2\/types\/post"}],"author":[{"embeddable":true,"href":"https:\/\/akdenizolaygazetesi.com\/index.php?rest_route=\/wp\/v2\/users\/2"}],"replies":[{"embeddable":true,"href":"https:\/\/akdenizolaygazetesi.com\/index.php?rest_route=%2Fwp%2Fv2%2Fcomments&post=11170"}],"version-history":[{"count":1,"href":"https:\/\/akdenizolaygazetesi.com\/index.php?rest_route=\/wp\/v2\/posts\/11170\/revisions"}],"predecessor-version":[{"id":11172,"href":"https:\/\/akdenizolaygazetesi.com\/index.php?rest_route=\/wp\/v2\/posts\/11170\/revisions\/11172"}],"wp:featuredmedia":[{"embeddable":true,"href":"https:\/\/akdenizolaygazetesi.com\/index.php?rest_route=\/wp\/v2\/media\/11171"}],"wp:attachment":[{"href":"https:\/\/akdenizolaygazetesi.com\/index.php?rest_route=%2Fwp%2Fv2%2Fmedia&parent=11170"}],"wp:term":[{"taxonomy":"category","embeddable":true,"href":"https:\/\/akdenizolaygazetesi.com\/index.php?rest_route=%2Fwp%2Fv2%2Fcategories&post=11170"},{"taxonomy":"post_tag","embeddable":true,"href":"https:\/\/akdenizolaygazetesi.com\/index.php?rest_route=%2Fwp%2Fv2%2Ftags&post=11170"}],"curies":[{"name":"wp","href":"https:\/\/api.w.org\/{rel}","templated":true}]}}