{"id":11173,"date":"2021-03-07T16:59:40","date_gmt":"2021-03-07T13:59:40","guid":{"rendered":"http:\/\/akdenizolaygazetesi.com\/?p=11173"},"modified":"2021-03-07T16:59:40","modified_gmt":"2021-03-07T13:59:40","slug":"dunya-yerinden-oynar-kadin-ritim-tutarsa","status":"publish","type":"post","link":"https:\/\/akdenizolaygazetesi.com\/?p=11173","title":{"rendered":"D\u00dcNYA YER\u0130NDEN OYNAR, KADIN R\u0130T\u0130M TUTARSA!"},"content":{"rendered":"<p>Onlar ayn\u0131 anda ritim tutuyor, d\u00fcnyaya kad\u0131n haklar\u0131 mesaj\u0131 veriyor. Mersin Erdemli \u2019de,  tarihi K\u0131zkalesi\u2019nde, otuz \u00fc\u00e7 kad\u0131n, kad\u0131n haklar\u0131 i\u00e7in ritim tuttu.<\/p>\n<p>\u2018D\u00fcnya yerinden oynar kad\u0131n ritim tutarsa\u2019 slogan\u0131yla harekete ge\u00e7en Erdemli Belediyesi, Mersin\u2019i simgeleyen ve 33 ki\u015fiden olu\u015fan kad\u0131n ritim grubu kurdu. Kalplerin ayn\u0131 anda atmas\u0131n\u0131 sembolle\u015ftiren ritim grubu, 8 Mart D\u00fcnya kad\u0131nlar g\u00fcn\u00fcne \u00f6zel s\u00f6yledikleri a\u011f\u0131t ve par\u00e7alarla bam teline dokundular.<\/p>\n<p>Tarihi K\u0131zkalesi\u2019nden Kad\u0131n Haklar\u0131 Mesaj\u0131<\/p>\n<p>Tarihe inat sapa sa\u011flam ayakta duran K\u0131zkalesi surlar\u0131na \u00e7\u0131kan 33 kad\u0131n s\u00f6yledi\u011fi a\u011f\u0131tla g\u00f6n\u00fclleri titretti. Tutulan ritimle kalpler bir at\u0131yor mesaj\u0131n\u0131n verildi\u011fi programda,  \u2018Kad\u0131na \u015eiddete Hay\u0131r\u2019 pankart\u0131n\u0131, kalenin surlar\u0131ndan Erdemli Belediye Ba\u015fkan\u0131 M\u00fckerrem Tollu a\u00e7t\u0131.<\/p>\n<p> Tarihimizde kad\u0131nlara verilen \u00f6neme dikkat \u00e7eken Erdemli Belediye Ba\u015fkan\u0131 M\u00fckerrem Tollu,  Kad\u0131nlarla birlikte hareket ettiklerini vurgulad\u0131. Ba\u015fkan Tollu, \u201cD\u00fcnya k\u00fclt\u00fcr miras\u0131nda yer alan bir yerden sesleniyoruz insanlar\u0131m\u0131za. Erdemli\u2019 den ve K\u0131zkalesi\u2019nden sesleniyoruz ve tarihe inat y\u00fcz y\u0131llard\u0131r dimdik ayakta olan, denizin ortas\u0131nda olan kalemiz ger\u00e7ekten, K\u0131zkalemizin g\u00fczelli\u011fine g\u00fczellik katan bir konumda. Fakat bunu as\u0131l g\u00fczel k\u0131lan,  K\u0131zkalesi\u2019ni bu g\u00fcn \u00f6zel k\u0131lan, kad\u0131nlar\u0131m\u0131z\u0131n burada \u00e7ok g\u00fczel bir \u00e7al\u0131\u015fmay\u0131 ifa ediyor olmalar\u0131. Kurtulu\u015f sava\u015f\u0131n\u0131n kahramanlar\u0131, ger\u00e7ekten kad\u0131nlar\u0131m\u0131z, e\u011fitimde, k\u00fclt\u00fcrde, sanatta yine en \u00f6nde olan bizim kad\u0131nlar\u0131m\u0131z. Toplumu ayakta tutan, toplumu y\u00f6nlendiren, toplumda \u00f6nderleri yeti\u015ftiren yine bizim kad\u0131nlar\u0131m\u0131z. B\u00fcy\u00fck Atat\u00fcrk\u2019\u00fc ve tarihimize alt\u0131n harflerle yazd\u0131ran nice kahramanlar yeti\u015ftiren yine bizim kad\u0131nlar\u0131m\u0131z. Kad\u0131nlar\u0131m\u0131z\u0131n d\u00fcn oldu\u011fu gibi yine bu g\u00fcnde g\u00fczelliklere imza atmaya devam ediyor. Buradan K\u0131zkalemiz\u2019den T\u00fcrkiye ve D\u00fcnya kamuoyuna sesleniyoruz. G\u00fc\u00e7l\u00fc T\u00fcrkiye\u2019nin yolu, ayd\u0131nl\u0131k T\u00fcrkiye\u2019nin yolu, ayd\u0131nl\u0131k T\u00fcrkiye\u2019mizin gelece\u011fi, kad\u0131nlar\u0131m\u0131z\u0131n eliyle \u015fekillenecek. Kad\u0131nlar\u0131m\u0131zla birlikte dimdik ayaktay\u0131z. B\u00fcy\u00fck Atat\u00fcrk\u2019\u00fcn g\u00f6sterdi\u011fi muas\u0131r medeniyet seviyesine kad\u0131nlar\u0131m\u0131zla ula\u015faca\u011f\u0131z. G\u00fc\u00e7l\u00fc T\u00fcrkiye\u2019yi kesinlikle icra edece\u011fiz. Bizim milletimiz d\u00fcn d\u00fcnyan\u0131n efendisiydi, yar\u0131nda y\u00fcce milletimizi d\u00fcnyan\u0131n efendisi yapma ad\u0131na kad\u0131nlar\u0131m\u0131zla birlikte var g\u00fcc\u00fcm\u00fczle \u00e7al\u0131\u015f\u0131yoruz\u201d diye konu\u015ftu.<\/p>\n<p>\u201cKad\u0131nlar Tarihi Surlarda\u201d<\/p>\n<p>Kad\u0131n ritim grubunun \u00fcyeleri ise durumdan olduk\u00e7a memnun. D\u00fcnya kad\u0131nlar\u0131na mesaj veren, kad\u0131n ritim grubu \u00fcyesi \u015eeyma D\u00f6lek, \u201cCumhuriyetimizin kurucusu Ulu \u00d6nder Mustafa Kemal Atat\u00fcrk, \u2018Ey T\u00fcrk Kad\u0131n\u0131, sen yerlerde s\u00fcr\u00fcnmeyi de\u011fil, omuzlarda y\u00fckselmeye lay\u0131ks\u0131n\u2019 derken, iki cihan serveri peygamber efendimiz Hz. Muhammed(s.a.v) onlar sizlere Allah\u2019\u0131n emanetidir. Diyerek, hadisi \u015feriflerinde kad\u0131n\u0131n ne kadar \u00f6nemli oldu\u011funu a\u00e7\u0131k\u00e7a ortaya koymu\u015ftur \u201ddiye konu\u015ftu.<\/p>\n<p>Kad\u0131nlar\u0131n G\u00fcc\u00fcn\u00fc ritim grubu ile g\u00f6stermeye \u00e7al\u0131\u015ft\u0131klar\u0131n\u0131 vurgulayan ritim grubu \u00fcyesi Hatice Ayan \u201c\u00c7ok Mutluyum, hakikaten \u00e7ok mutluyum,  \u00e7ok huzurluyum. Kad\u0131nlar\u0131n g\u00fcc\u00fcn\u00fc, kad\u0131nlar\u0131n simgesini bir ritim grubu kurarak \u015fu anda Erdemli Belediyemizin yapm\u0131\u015f oldu\u011fu bu etkinlikte, hakikaten bu ba\u015far\u0131y\u0131 bu y\u00fckseltiyi t\u00fcm d\u00fcnyaya duyurmak istiyoruz. Bu ba\u015far\u0131ya bizde g\u00f6n\u00fclde kat\u0131ld\u0131k. G\u00f6n\u00fclden,  y\u00fcrekten t\u00fcm han\u0131mlara sesleniyorum, biz g\u00fc\u00e7l\u00fcy\u00fcz, biz g\u00fc\u00e7l\u00fc kad\u0131nlar\u0131z. Hi\u00e7bir zamanda y\u0131k\u0131lamayaca\u011f\u0131z ayakta duraca\u011f\u0131z\u201d diye konu\u015ftu.<\/p>\n<p>Kad\u0131nlar\u0131n y\u00fcreklerinin bir att\u0131\u011f\u0131n\u0131 ifade eden ritim grubu \u00fcyesi \u015eeng\u00fcl G\u00f6ktepe \u201cMersin Erdemli\u2019 den, t\u00fcm kad\u0131nlar\u0131n, t\u00fcm T\u00fcrkiye\u2019den t\u00fcm kad\u0131nlar\u0131n y\u00fcrekleri bir at\u0131yor diyoruz.\u201ddiye konu\u015ftu.<\/p>\n<p> Kad\u0131nlar\u0131n dayan\u0131\u015fma i\u00e7erisinde olmas\u0131 gerekti\u011fini ifade eden ritim grubu \u00fcyesi T\u00fclin Erdem, \u201cBirlikte kuvvet do\u011far. Kad\u0131n kad\u0131na destek vermeli, yediden yetmi\u015f yediye etkinliklerde bulunmal\u0131lar. Bizde \u015fu anda tarihi bir yerde \u00e7ok g\u00fczel bir etkinlikteyiz\u201d diye konu\u015ftu.<\/p>\n<p> Ritim grubu ile verilen mesajla kad\u0131nlar\u0131n daha g\u00fc\u00e7l\u00fc olaca\u011f\u0131n\u0131 ifade eden ritim grup \u00fcyesi Sevgi \u00d6zaltl\u0131, \u201cBiz burada ritim grubu olarak, tabi ki g\u00fc\u00e7l\u00fc kad\u0131nlar olman\u0131n gururunu ya\u015f\u0131yoruz\u201d diye konu\u015ftu.<\/p>\n","protected":false},"excerpt":{"rendered":"<p>Onlar ayn\u0131 anda ritim tutuyor, d\u00fcnyaya kad\u0131n haklar\u0131 mesaj\u0131 veriyor. Mersin Erdemli \u2019de, tarihi K\u0131zkalesi\u2019nde, otuz \u00fc\u00e7 kad\u0131n, kad\u0131n haklar\u0131 i\u00e7in ritim tuttu. \u2018D\u00fcnya yerinden oynar kad\u0131n ritim tutarsa\u2019 slogan\u0131yla &hellip; <a href=\"https:\/\/akdenizolaygazetesi.com\/?p=11173\" class=\"more-link\">Devam\u0131n\u0131 Oku&#8230;<\/a><\/p>\n","protected":false},"author":2,"featured_media":11174,"comment_status":"open","ping_status":"open","sticky":false,"template":"","format":"standard","meta":[],"categories":[34,1,2,3,5],"tags":[],"_links":{"self":[{"href":"https:\/\/akdenizolaygazetesi.com\/index.php?rest_route=\/wp\/v2\/posts\/11173"}],"collection":[{"href":"https:\/\/akdenizolaygazetesi.com\/index.php?rest_route=\/wp\/v2\/posts"}],"about":[{"href":"https:\/\/akdenizolaygazetesi.com\/index.php?rest_route=\/wp\/v2\/types\/post"}],"author":[{"embeddable":true,"href":"https:\/\/akdenizolaygazetesi.com\/index.php?rest_route=\/wp\/v2\/users\/2"}],"replies":[{"embeddable":true,"href":"https:\/\/akdenizolaygazetesi.com\/index.php?rest_route=%2Fwp%2Fv2%2Fcomments&post=11173"}],"version-history":[{"count":1,"href":"https:\/\/akdenizolaygazetesi.com\/index.php?rest_route=\/wp\/v2\/posts\/11173\/revisions"}],"predecessor-version":[{"id":11175,"href":"https:\/\/akdenizolaygazetesi.com\/index.php?rest_route=\/wp\/v2\/posts\/11173\/revisions\/11175"}],"wp:featuredmedia":[{"embeddable":true,"href":"https:\/\/akdenizolaygazetesi.com\/index.php?rest_route=\/wp\/v2\/media\/11174"}],"wp:attachment":[{"href":"https:\/\/akdenizolaygazetesi.com\/index.php?rest_route=%2Fwp%2Fv2%2Fmedia&parent=11173"}],"wp:term":[{"taxonomy":"category","embeddable":true,"href":"https:\/\/akdenizolaygazetesi.com\/index.php?rest_route=%2Fwp%2Fv2%2Fcategories&post=11173"},{"taxonomy":"post_tag","embeddable":true,"href":"https:\/\/akdenizolaygazetesi.com\/index.php?rest_route=%2Fwp%2Fv2%2Ftags&post=11173"}],"curies":[{"name":"wp","href":"https:\/\/api.w.org\/{rel}","templated":true}]}}