{"id":1118,"date":"2020-11-04T18:21:42","date_gmt":"2020-11-04T15:21:42","guid":{"rendered":"http:\/\/mersinekonomipolitikagazetesi.com\/?p=1118"},"modified":"2020-11-04T18:21:42","modified_gmt":"2020-11-04T15:21:42","slug":"gokdelen-renklenecek","status":"publish","type":"post","link":"https:\/\/akdenizolaygazetesi.com\/?p=1118","title":{"rendered":"G\u00f6kdelen renklenecek"},"content":{"rendered":"<p>Mersin\u2019in k\u00fclt\u00fcr ve turizm potansiyelinin geli\u015ftirilmesi ve de\u011ferlerinin \u00f6n plana \u00e7\u0131kar\u0131lmas\u0131 amac\u0131yla 52 katl\u0131 g\u00f6kdelen i\u015f merkezinin sanatsal fig\u00fcrlerle donat\u0131laca\u011f\u0131 belirtildi.<\/p>\n<p>Mersin B\u00fcy\u00fck\u015fehir Belediye Meclisi 2017 Y\u0131l\u0131 May\u0131s Ay\u0131 Toplant\u0131s\u0131n\u0131n ikinci birle\u015fimi, B\u00fcy\u00fck\u015fehir Belediye Ba\u015fkan\u0131 Burhanettin Kocamaz ba\u015fkanl\u0131\u011f\u0131nda yap\u0131ld\u0131. Kongre ve Sergi Saray\u0131\u2019nda ger\u00e7ekle\u015ftirilen toplant\u0131da, idare tekliflerine ait 9, komisyon raporlar\u0131na ait 18 ve g\u00fcndem d\u0131\u015f\u0131 6 olmak \u00fczere toplamda 33 madde g\u00f6r\u00fc\u015f\u00fcld\u00fc.<br \/>\nToplant\u0131da 1\/5000 \u00f6l\u00e7ekli ilave ve revizyon naz\u0131m imar plan\u0131 i\u00e7erisinde kalan sulama tesislerinin yat\u0131r\u0131m maliyetinin geri \u00f6denmesi ile m\u00fchendislik yap\u0131lar\u0131n\u0131n yerlerinin de\u011fi\u015ftirilmesi ve do\u011facak maliyetin s\u00f6z konusu alan i\u00e7erisindeki parsel sahiplerinden kar\u015f\u0131lanmas\u0131 konusunda Devlet Su \u0130\u015fleri (DS\u0130) ile her t\u00fcrl\u00fc protokollerin yap\u0131lmas\u0131, imzalanmas\u0131 i\u015f ve i\u015flemleri hakk\u0131nda Mersin B\u00fcy\u00fck\u015fehir Belediye Ba\u015fkan\u0131 Burhanettin Kocamaz\u2019a yetki verilmesi ile ilgili teklif ilgili komisyonlara g\u00f6nderildi.<br \/>\nTeklif ile ilgili de\u011ferlendirmede bulunan Ba\u015fkan Kocamaz, \u201c1\/5000\u2019lik planla ilgili de\u011ferlendirmeler yap\u0131l\u0131rken alanlar \u00fczerinde Devlet Su \u0130\u015fleri\u2019nin hatlar\u0131na rastlan\u0131ld\u0131. Bu hatlar\u0131n deplasesi ile ilgili DS\u0130 bu alanlar\u0131n kendi sulama alan\u0131 oldu\u011funu ve imara a\u00e7\u0131ld\u0131\u011f\u0131nda deplase masraflar\u0131n\u0131 kar\u015f\u0131layamayacaklar\u0131n\u0131 ifade etti. Tabi ki hakl\u0131 oldu\u011fu durumlar var ama biz de diyoruz ki burada bir karar al\u0131nacaksa bu kararda oradaki m\u00fclkiyet maliklerinin bu masraf\u0131 \u00fcstlenmesi gerekir\u201d dedi.<br \/>\n52 katl\u0131 g\u00f6kdelen i\u015f merkezi renklenecek<br \/>\nMay\u0131s ay\u0131 birinci bile\u015fiminde ilgili komisyonlara g\u00f6nderilen, Mersin \u00dcniversitesi taraf\u0131ndan d\u00fczenlenen \u20182. Uluslararas\u0131 Mersin Bilim \u015eenli\u011fi\u2019ne 50 bin TL maddi destek verilmesi ile ilgili komisyon raporu ve Mezitli Belediyesi taraf\u0131ndan d\u00fczenlenecek olan Soli G\u00fcne\u015f Festivali\u2019ne 100 bin TL maddi yard\u0131m yap\u0131lmas\u0131\u2019 ile ilgili komisyon raporu, oy birli\u011fi ile kabul edildi.<br \/>\nAyr\u0131ca Mersin B\u00fcy\u00fck\u015fehir Belediyesi\u2019nin revize stratejik plan\u0131nda yer alan \u2018K\u00fclt\u00fcr ve Turizm \u015eehri Olmak\u2019 stratejik hedefi do\u011frultusunda Mersin\u2019in k\u00fclt\u00fcr ve turizm potansiyelinin geli\u015ftirilmesi ve de\u011ferlerinin \u00f6n plana \u00e7\u0131kar\u0131lmas\u0131 i\u00e7in ikon olu\u015fturmak amac\u0131yla 52 katl\u0131 g\u00f6kdelen i\u015f merkezi binas\u0131n\u0131n sanatsal fig\u00fcrlerle donat\u0131lmas\u0131 \u00e7al\u0131\u015fmalar\u0131nda g\u00f6rev alacak sanat\u00e7\u0131lara yap\u0131lacak \u00f6demeler konusunda, Ba\u015fkan Kocamaz\u2019a yetki verilmesiyle ilgili komisyon raporu da oy birli\u011fi ile kabul edildi.<\/p>\n","protected":false},"excerpt":{"rendered":"<p>Mersin\u2019in k\u00fclt\u00fcr ve turizm potansiyelinin geli\u015ftirilmesi ve de\u011ferlerinin \u00f6n plana \u00e7\u0131kar\u0131lmas\u0131 amac\u0131yla 52 katl\u0131 g\u00f6kdelen i\u015f merkezinin sanatsal fig\u00fcrlerle donat\u0131laca\u011f\u0131 belirtildi. Mersin B\u00fcy\u00fck\u015fehir Belediye Meclisi 2017 Y\u0131l\u0131 May\u0131s Ay\u0131 Toplant\u0131s\u0131n\u0131n &hellip; <a href=\"https:\/\/akdenizolaygazetesi.com\/?p=1118\" class=\"more-link\">Devam\u0131n\u0131 Oku&#8230;<\/a><\/p>\n","protected":false},"author":1,"featured_media":0,"comment_status":"open","ping_status":"open","sticky":false,"template":"","format":"standard","meta":[],"categories":[],"tags":[],"_links":{"self":[{"href":"https:\/\/akdenizolaygazetesi.com\/index.php?rest_route=\/wp\/v2\/posts\/1118"}],"collection":[{"href":"https:\/\/akdenizolaygazetesi.com\/index.php?rest_route=\/wp\/v2\/posts"}],"about":[{"href":"https:\/\/akdenizolaygazetesi.com\/index.php?rest_route=\/wp\/v2\/types\/post"}],"author":[{"embeddable":true,"href":"https:\/\/akdenizolaygazetesi.com\/index.php?rest_route=\/wp\/v2\/users\/1"}],"replies":[{"embeddable":true,"href":"https:\/\/akdenizolaygazetesi.com\/index.php?rest_route=%2Fwp%2Fv2%2Fcomments&post=1118"}],"version-history":[{"count":0,"href":"https:\/\/akdenizolaygazetesi.com\/index.php?rest_route=\/wp\/v2\/posts\/1118\/revisions"}],"wp:attachment":[{"href":"https:\/\/akdenizolaygazetesi.com\/index.php?rest_route=%2Fwp%2Fv2%2Fmedia&parent=1118"}],"wp:term":[{"taxonomy":"category","embeddable":true,"href":"https:\/\/akdenizolaygazetesi.com\/index.php?rest_route=%2Fwp%2Fv2%2Fcategories&post=1118"},{"taxonomy":"post_tag","embeddable":true,"href":"https:\/\/akdenizolaygazetesi.com\/index.php?rest_route=%2Fwp%2Fv2%2Ftags&post=1118"}],"curies":[{"name":"wp","href":"https:\/\/api.w.org\/{rel}","templated":true}]}}