{"id":11184,"date":"2021-03-08T12:07:25","date_gmt":"2021-03-08T09:07:25","guid":{"rendered":"http:\/\/akdenizolaygazetesi.com\/?p=11184"},"modified":"2021-03-08T12:07:25","modified_gmt":"2021-03-08T09:07:25","slug":"buyuksehir-kadinlara-verdigi-destegi-her-alanda-surduruyor","status":"publish","type":"post","link":"https:\/\/akdenizolaygazetesi.com\/?p=11184","title":{"rendered":"B\u00dcY\u00dcK\u015eEH\u0130R, KADINLARA VERD\u0130\u011e\u0130 DESTE\u011e\u0130 HER ALANDA S\u00dcRD\u00dcR\u00dcYOR"},"content":{"rendered":"<p>Mersin B\u00fcy\u00fck\u015fehir Belediyesi taraf\u0131ndan, Uluslararas\u0131 G\u00f6\u00e7 \u00d6rg\u00fct\u00fc\u2019n\u00fcn (IOM) deste\u011fiyle hayata ge\u00e7irilen \u2018Kad\u0131n Sa\u011fl\u0131\u011f\u0131 Dan\u0131\u015fma Merkezi\u2019, 8 Mart D\u00fcnya Kad\u0131nlar G\u00fcn\u00fc\u2019nde hizmet vermeye ba\u015flad\u0131. Merkezin i\u00e7 tefri\u015fat ve medikal malzemeleri IOM taraf\u0131ndan hibe edildi. Yerel y\u00f6netimler aras\u0131nda T\u00fcrkiye\u2019de bir ilk olma \u00f6zelli\u011fi ta\u015f\u0131yan merkezde, kad\u0131nlara y\u00f6nelik fizyolojik ve psikolojik dan\u0131\u015fmanl\u0131k hizmeti verilecek. Merkezden hem m\u00fclteci hem de yerel topluluklardan t\u00fcm kad\u0131nlar faydalanabilecek.<\/p>\n<p>Halk Sa\u011fl\u0131\u011f\u0131 ve Denetim \u015eube M\u00fcd\u00fcr\u00fc Uzman Doktor Bahar G\u00fclcay \u00c7at Bak\u0131r, \u201cKad\u0131n Sa\u011fl\u0131\u011f\u0131 Dan\u0131\u015fma Merkezimizi 8 Mart gibi kad\u0131nlar ve kad\u0131n haklar\u0131n\u0131n \u00f6nemini an\u0131msatan bir g\u00fcnde a\u00e7man\u0131n mutlulu\u011funu ya\u015f\u0131yoruz. Sadece 8 Mart de\u011fil, her g\u00fcn kad\u0131nlar\u0131m\u0131z\u0131n g\u00fcn\u00fc olsun\u201d dedi.<\/p>\n<p>MERS\u0130N\/ (FOTO\u011eRAFLI-G\u00d6R\u00dcNT\u00dcL\u00dc)<\/p>\n<p>Mersin B\u00fcy\u00fck\u015fehir Belediyesi Engelliler ve Sa\u011fl\u0131k Hizmetleri Dairesi Ba\u015fkanl\u0131\u011f\u0131 Halk Sa\u011fl\u0131\u011f\u0131 ve Denetim \u015eube M\u00fcd\u00fcrl\u00fc\u011f\u00fc taraf\u0131ndan \u2018Kad\u0131n Sa\u011fl\u0131\u011f\u0131 Dan\u0131\u015fma Merkezi\u2019 hizmete a\u00e7\u0131ld\u0131.<\/p>\n<p>8 Mart D\u00fcnya Kad\u0131nlar G\u00fcn\u00fc\u2019nde hizmet vermeye ba\u015flayan Kad\u0131n Sa\u011fl\u0131\u011f\u0131 Dan\u0131\u015fma Merkezi; Engelliler ve Sa\u011fl\u0131k Hizmetleri Dairesi Ba\u015fkanl\u0131\u011f\u0131 ve D\u0131\u015f \u0130li\u015fkiler ve Projeler \u015eube M\u00fcd\u00fcrl\u00fc\u011f\u00fc\u2019n\u00fcn i\u015fbirli\u011fi ile Uluslararas\u0131 G\u00f6\u00e7 \u00d6rg\u00fct\u00fc\u2019n\u00fcn (IOM) deste\u011fiyle hayata ge\u00e7irildi. Merkezin i\u00e7 tefri\u015fat ve medikal malzemeleri Uluslararas\u0131 G\u00f6\u00e7 \u00d6rg\u00fct\u00fc taraf\u0131ndan hibe edildi.<\/p>\n<p>Yerel y\u00f6netimler aras\u0131nda T\u00fcrkiye\u2019de bir ilk!<\/p>\n<p>Yerel y\u00f6netimler aras\u0131nda T\u00fcrkiye\u2019de bir ilk olma \u00f6zelli\u011fi ta\u015f\u0131yan merkezde, kad\u0131nlara y\u00f6nelik fizyolojik ve psikolojik dan\u0131\u015fmanl\u0131k hizmeti verilecek. Merkezin gerek fizyolojik, gerekse de psikolojik hizmetlerinden; hem m\u00fclteci hem de yerel topluluklardan t\u00fcm kad\u0131nlar faydalanabilecek.<\/p>\n<p>Kad\u0131nlar pek \u00e7ok farkl\u0131 alanda hizmet alabilecek<\/p>\n<p>Mezitli \u0130l\u00e7esi Akdeniz Mahallesi\u2019nde yer alan merkezde, \u2018Psikolog Odas\u0131\u2019, \u2018Sa\u011fl\u0131k Odas\u0131\u2019, \u2018Etkinlik ve Toplant\u0131 Odas\u0131\u2019, \u2018\u00c7ocuk Oyun Odas\u0131\u2019 ve \u2018Diyetisyen Odas\u0131\u2019 bulunuyor. Psikolog Odas\u0131\u2019nda; psikolojik dan\u0131\u015fmanl\u0131k, kad\u0131na \u015fiddetle m\u00fccadele, hamilelik d\u00f6neminde ve do\u011fum sonras\u0131 psikolojik travmalar, menopoz d\u00f6nemi ya\u015fanan psikolojik sorunlarla m\u00fccadele gibi konularda destek sa\u011flanacak.<\/p>\n<p>Merkezdeki Etkinlik ve Toplant\u0131 Odas\u0131\u2019nda yap\u0131lacak etkinlikler kapsam\u0131nda ise hamilelere y\u00f6nelik, B\u00fcy\u00fck\u015fehir Belediyesi\u2019nin fizyoterapistleri taraf\u0131ndan hamilelikte fiziksel aktivite, nefes e\u011fitimi ve omurga sa\u011fl\u0131\u011f\u0131 e\u011fitimi verilecek. Toplant\u0131 Odas\u0131 kapsam\u0131nda Mersin B\u00fcy\u00fck\u015fehir Belediyesi ve Mersin \u00dcniversitesi i\u015fbirli\u011finde hayata ge\u00e7irilen Menopoz Okulu hizmeti, \u00fcreme sa\u011fl\u0131\u011f\u0131 dan\u0131\u015fmanl\u0131k hizmeti ve hamilelere egzersiz dan\u0131\u015fmanl\u0131\u011f\u0131 ile sa\u011fl\u0131kla ilgili e\u011fitimler d\u00fczenlenecek.<\/p>\n<p>Merkezde yer alan Sa\u011fl\u0131k Odas\u0131\u2019nda, B\u00fcy\u00fck\u015fehir Belediyesi sa\u011fl\u0131k personelleri taraf\u0131ndan kad\u0131n dan\u0131\u015fanlara sa\u011fl\u0131k konusunda dan\u0131\u015fmanl\u0131k hizmeti verilecek. \u00c7ocuk Oyun Odas\u0131 ile de dan\u0131\u015fmanl\u0131k hizmeti almaya gelen kad\u0131nlar\u0131n \u00e7ocuklar\u0131, kendileri dan\u0131\u015fmanl\u0131k hizmeti al\u0131rken oyun odas\u0131nda keyifli vakit ge\u00e7irebilecek. <\/p>\n<p>Diyetisyen Odas\u0131\u2019nda ise bir diyetisyen e\u015fli\u011finde, kad\u0131nlara sa\u011fl\u0131kl\u0131 beslenme ve kilo kontrol\u00fc konusunda yard\u0131mc\u0131 olunacak.<\/p>\n<p>\u201cMerkezimizi 8 Mart\u2019ta a\u00e7man\u0131n mutlulu\u011funu ya\u015f\u0131yoruz\u201d<\/p>\n<p>B\u00fcy\u00fck\u015fehir Belediyesi Engelliler ve Sa\u011fl\u0131k Hizmetleri Dairesi Ba\u015fkanl\u0131\u011f\u0131 Halk Sa\u011fl\u0131\u011f\u0131 ve Denetim \u015eube M\u00fcd\u00fcr\u00fc Uzman Doktor Bahar G\u00fclcay \u00c7at Bak\u0131r, merkez hakk\u0131nda bilgi verirken; \u201cHalk Sa\u011fl\u0131\u011f\u0131 \u015eube M\u00fcd\u00fcrl\u00fc\u011f\u00fc olarak kad\u0131nlar\u0131m\u0131z\u0131 her ya\u015fta, gerek ruhsal gerek fiziksel a\u00e7\u0131dan desteklemeyi hedefledi\u011fimiz Kad\u0131n Sa\u011fl\u0131\u011f\u0131 Dan\u0131\u015fma Merkezimiz\u2019i 8 Mart gibi kad\u0131nlar ve kad\u0131n haklar\u0131n\u0131n \u00f6nemini an\u0131msatan bug\u00fcnde a\u00e7man\u0131n mutlulu\u011funu ya\u015f\u0131yoruz. Merkezimizde; Menopoz Okulu, beslenme deste\u011fi, beslenme dan\u0131\u015fmanl\u0131\u011f\u0131; hamilelik d\u00f6neminde gerek fiziksel gerek beslenme a\u00e7\u0131s\u0131ndan dan\u0131\u015fmanl\u0131k hizmetleri vermeyi planl\u0131yoruz. Mersin B\u00fcy\u00fck\u015fehir Belediye Ba\u015fkan\u0131m\u0131z Say\u0131n Vahap Se\u00e7er\u2019in her zaman destekledi\u011fi kad\u0131nlar\u0131m\u0131z\u0131n ya\u015fad\u0131\u011f\u0131 olumsuzluklara yard\u0131mc\u0131 olabilece\u011fimiz Merkezimizde hizmete ba\u015flam\u0131\u015f bulunmaktay\u0131z. Projemizde bizi destekleyen Mersin B\u00fcy\u00fck\u015fehir Belediyesi D\u0131\u015f \u0130li\u015fkiler ve Projeler \u015eube M\u00fcd\u00fcrl\u00fc\u011f\u00fc ve Uluslararas\u0131 G\u00f6\u00e7 \u00d6rg\u00fct\u00fc\u2019ne te\u015fekk\u00fcrlerimizi sunar\u0131z. Sadece 8 Mart de\u011fil, her g\u00fcn kad\u0131nlar\u0131m\u0131z\u0131n g\u00fcn\u00fc olsun\u201d dedi.<\/p>\n","protected":false},"excerpt":{"rendered":"<p>Mersin B\u00fcy\u00fck\u015fehir Belediyesi taraf\u0131ndan, Uluslararas\u0131 G\u00f6\u00e7 \u00d6rg\u00fct\u00fc\u2019n\u00fcn (IOM) deste\u011fiyle hayata ge\u00e7irilen \u2018Kad\u0131n Sa\u011fl\u0131\u011f\u0131 Dan\u0131\u015fma Merkezi\u2019, 8 Mart D\u00fcnya Kad\u0131nlar G\u00fcn\u00fc\u2019nde hizmet vermeye ba\u015flad\u0131. Merkezin i\u00e7 tefri\u015fat ve medikal malzemeleri IOM &hellip; <a href=\"https:\/\/akdenizolaygazetesi.com\/?p=11184\" class=\"more-link\">Devam\u0131n\u0131 Oku&#8230;<\/a><\/p>\n","protected":false},"author":2,"featured_media":11185,"comment_status":"open","ping_status":"open","sticky":false,"template":"","format":"standard","meta":[],"categories":[34,1,2,3,5],"tags":[],"_links":{"self":[{"href":"https:\/\/akdenizolaygazetesi.com\/index.php?rest_route=\/wp\/v2\/posts\/11184"}],"collection":[{"href":"https:\/\/akdenizolaygazetesi.com\/index.php?rest_route=\/wp\/v2\/posts"}],"about":[{"href":"https:\/\/akdenizolaygazetesi.com\/index.php?rest_route=\/wp\/v2\/types\/post"}],"author":[{"embeddable":true,"href":"https:\/\/akdenizolaygazetesi.com\/index.php?rest_route=\/wp\/v2\/users\/2"}],"replies":[{"embeddable":true,"href":"https:\/\/akdenizolaygazetesi.com\/index.php?rest_route=%2Fwp%2Fv2%2Fcomments&post=11184"}],"version-history":[{"count":1,"href":"https:\/\/akdenizolaygazetesi.com\/index.php?rest_route=\/wp\/v2\/posts\/11184\/revisions"}],"predecessor-version":[{"id":11186,"href":"https:\/\/akdenizolaygazetesi.com\/index.php?rest_route=\/wp\/v2\/posts\/11184\/revisions\/11186"}],"wp:featuredmedia":[{"embeddable":true,"href":"https:\/\/akdenizolaygazetesi.com\/index.php?rest_route=\/wp\/v2\/media\/11185"}],"wp:attachment":[{"href":"https:\/\/akdenizolaygazetesi.com\/index.php?rest_route=%2Fwp%2Fv2%2Fmedia&parent=11184"}],"wp:term":[{"taxonomy":"category","embeddable":true,"href":"https:\/\/akdenizolaygazetesi.com\/index.php?rest_route=%2Fwp%2Fv2%2Fcategories&post=11184"},{"taxonomy":"post_tag","embeddable":true,"href":"https:\/\/akdenizolaygazetesi.com\/index.php?rest_route=%2Fwp%2Fv2%2Ftags&post=11184"}],"curies":[{"name":"wp","href":"https:\/\/api.w.org\/{rel}","templated":true}]}}