{"id":11187,"date":"2021-03-08T12:17:10","date_gmt":"2021-03-08T09:17:10","guid":{"rendered":"http:\/\/akdenizolaygazetesi.com\/?p=11187"},"modified":"2021-03-08T12:17:10","modified_gmt":"2021-03-08T09:17:10","slug":"mersini-gururlandiran-projeye-iki-odul","status":"publish","type":"post","link":"https:\/\/akdenizolaygazetesi.com\/?p=11187","title":{"rendered":"MERS\u0130N&#8217;\u0130 GURURLANDIRAN PROJEYE \u0130K\u0130 \u00d6D\u00dcL"},"content":{"rendered":"<p>Mersin \u00dcniversitesi  ve Erdemli Belediyesine Y\u0131l\u0131n Turizm Projesi \u00d6d\u00fcl\u00fc<\/p>\n<p>Mersin \u00dcniversitesi ve Erdemli  Belediyesi, birlikte y\u00fcr\u00fctt\u00fckleri OLBA TUR\u0130ZM PROJES\u0130 ile, Y\u0131l\u0131n Turizm Projesi \u00f6d\u00fcl\u00fcn\u00fc ald\u0131lar.<\/p>\n<p>K\u00fclt\u00fcr ve Turizm Bakanl\u0131\u011f\u0131  ile  Sanayi ve Teknoloji Bakanl\u0131\u011f\u0131 i\u015fbirli\u011finde her y\u0131l d\u00fczenlenen ve  T\u00fcrkiye\u2019nin en prestijli \u00f6d\u00fcl yar\u0131\u015fmalar\u0131 aras\u0131nda yer alan \u201cT\u00fcrkiye \u015eehir \u00d6d\u00fclleri\u201d organizasyonu kapsam\u0131nda, Erdemli Belediyesi ve Mersin \u00dcniversitesinin ortak \u00e7al\u0131\u015fmas\u0131 olan OLBA K\u00dcLT\u00dcR YOLLARI PROJES\u0130, y\u0131l\u0131n en ba\u015far\u0131l\u0131 Turizm Projesi  se\u00e7ilirken, yapt\u0131\u011f\u0131 projelerle kente verdi\u011fi katk\u0131 ve hizmetlerden dolay\u0131 en \u00e7ok proje yapan \u00fcniversite olarak Mersin \u00dcniversitesi  2020 y\u0131l\u0131 \u201c YILIN \u00dcN\u0130VERS\u0130TES\u0130 \u00d6D\u00dcL\u00dc\u201d ne lay\u0131k g\u00f6r\u00fcld\u00fc.<\/p>\n<p>Turizm kategorisinde 109 proje aras\u0131ndan   birinci olan \u201cOlba K\u00fclt\u00fcr Yollar\u0131 Projesi\u201d ile \u201cYILIN TUR\u0130ZM PROJES\u0130 \u00d6D\u00dcL\u00dc\u201d  Proje y\u00fcr\u00fct\u00fcc\u00fcs\u00fc olarak Mersin \u00dcniversitesinin, payda\u015f olarak ta  Erdemli Belediyesinin oldu.<\/p>\n<p>2017 y\u0131l\u0131ndan bu yana her y\u0131l d\u00fczenlenen organizasyonun \u00f6d\u00fcl t\u00f6reni bu y\u0131l Ardahan Valilili\u011finin ev sahipli\u011finde Ardahan \u00dcniversitesi yerle\u015fkesinde \u00e7e\u015fitli etkinliklerle ger\u00e7ekle\u015fti. Yo\u011fun bir kat\u0131l\u0131m\u0131n oldu\u011fu organizasyonda \u00f6d\u00fclleri Mersin \u00dcniversitesi ad\u0131na Rekt\u00f6r Yard\u0131mc\u0131s\u0131 Prof. Dr. Erol Ya\u015far al\u0131rken, Erdemli Belediyesi ad\u0131na ise Ba\u015fkan Yard\u0131mc\u0131s\u0131 Niyazi Y\u0131ld\u0131z ald\u0131. \u00d6d\u00fcl T\u00f6reninde organizasyon komitesi ile Ardahan protokol\u00fcne Erdemli yi temsilen y\u00f6reye ait \u00fcr\u00fcnlerle tarihi ve turizm i\u00e7erikli tan\u0131t\u0131m bro\u015f\u00fcrleri takdim edildi.<\/p>\n<p>Mersin \u00dcniversitesi Rekt\u00f6r\u00fc Prof. Dr. Ahmet \u00c7amsar\u0131 \u00f6d\u00fcllerle ilgili olarak yapt\u0131\u011f\u0131 a\u00e7\u0131klamada Mersin \u00dcniversitesi olarak Y\u0131l\u0131n Turizm Projesi ve Y\u0131l\u0131n \u00dcniversitesi \u00d6d\u00fcllerini almaktan duyduklar\u0131 gurur ve mutlulu\u011fu belirterek, \u201c\u00dcniversite olarak \u00f6ncelikle Mersinimizin kalk\u0131nmas\u0131 ve  geli\u015fmesi  i\u00e7in b\u00fcy\u00fck \u00e7aba harc\u0131yoruz. T\u00fcm kadromuzla gururluyuz. Ama \u00f6zellikle belirtmek istiyorum ki ulusal platformda iki \u00f6d\u00fcl\u00fc kazanmam\u0131zda b\u00fcy\u00fck \u00f6zveri ve \u00e7aba harcayan Proje ekibimize \u00e7ok te\u015fekk\u00fcr ediyorum. \u0130limizde t\u00fcm kurumlarla yak\u0131n i\u015fbirli\u011fi i\u00e7erisindeyiz. Ancak Erdemli Belediyesi ile yapt\u0131\u011f\u0131m\u0131z ve halen devam etmekte olan \u00e7al\u0131\u015fmalar\u0131m\u0131z ayr\u0131ca ses getirmektedir. Bu konuda verdikleri destekten ve i\u015fbirli\u011finden dolay\u0131 ba\u015fta Belediye Ba\u015fkan\u0131m\u0131z sn. M\u00fckerrem Tollu olmak \u00fczere t\u00fcm \u00e7al\u0131\u015fma arkada\u015flar\u0131na te\u015fekk\u00fcr ediyorum. Ba\u015far\u0131lar\u0131m\u0131z\u0131n devam\u0131n\u0131 diliyorum. \u201d\u015feklinde konu\u015ftu.<\/p>\n<p>Erdemli Belediye Ba\u015fkan\u0131 M\u00fckerrem Tollu\u2019da yapt\u0131\u011f\u0131 a\u00e7\u0131klamada Mersin \u00dcniversitesinin payda\u015f\u0131 olarak ald\u0131klar\u0131 \u00f6d\u00fclden dolay\u0131 \u00e7ok mutlu olduklar\u0131n\u0131 bildirdi.<\/p>\n<p>Ba\u015fkan M\u00fckerrem Tollu a\u00e7\u0131klamas\u0131nda \u015funlar\u0131 kaydetti;<\/p>\n<p>\u201cBelediye olarak il\u00e7emizin sadece rutin belediyecilik hizmetleri ile de\u011fil, sosyo-k\u00fclt\u00fcrel alanda da geli\u015fip kalk\u0131nmas\u0131 i\u00e7in b\u00fcy\u00fck \u00e7aba harcad\u0131klar\u0131n\u0131 vurgulayan Ba\u015fkan Tollu, yol haritam\u0131zda ilimiz ve il\u00e7emizdeki t\u00fcm dinamiklerle i\u015fbirli\u011fi yapma \u00e7al\u0131\u015fmam\u0131z \u00f6n plandad\u0131r. \u00d6zellikle ilim ve bilimin yuvas\u0131 \u00fcniversitemizle daha s\u0131k\u0131 bir i\u015fbirli\u011fimiz var. \u00c7ok say\u0131da projede birlikte \u00e7al\u0131\u015f\u0131yoruz. Ortak oldu\u011fumuz Olba  K\u00fclt\u00fcr Yollar\u0131 projemizle y\u0131l\u0131n turizm projesi \u00f6d\u00fcl\u00fcn\u00fc almaktan onur duyuyoruz. Ayr\u0131ca Mersin \u00fcniversitesini ba\u015fta Sn Rekt\u00f6r\u00fcm\u00fcz olmak \u00fczere t\u00fcm ekibini Y\u0131l\u0131n \u00dcniversitesi \u00f6d\u00fcl\u00fc almalar\u0131ndan dolay\u0131 y\u00fcrekten kutluyorum. \u00c7al\u0131\u015fmalar\u0131m\u0131z el birli\u011fi ile devam edecektir.\u201d<\/p>\n","protected":false},"excerpt":{"rendered":"<p>Mersin \u00dcniversitesi ve Erdemli Belediyesine Y\u0131l\u0131n Turizm Projesi \u00d6d\u00fcl\u00fc Mersin \u00dcniversitesi ve Erdemli Belediyesi, birlikte y\u00fcr\u00fctt\u00fckleri OLBA TUR\u0130ZM PROJES\u0130 ile, Y\u0131l\u0131n Turizm Projesi \u00f6d\u00fcl\u00fcn\u00fc ald\u0131lar. K\u00fclt\u00fcr ve Turizm Bakanl\u0131\u011f\u0131 ile &hellip; <a href=\"https:\/\/akdenizolaygazetesi.com\/?p=11187\" class=\"more-link\">Devam\u0131n\u0131 Oku&#8230;<\/a><\/p>\n","protected":false},"author":2,"featured_media":11188,"comment_status":"open","ping_status":"open","sticky":false,"template":"","format":"standard","meta":[],"categories":[34,1,2,3,5],"tags":[],"_links":{"self":[{"href":"https:\/\/akdenizolaygazetesi.com\/index.php?rest_route=\/wp\/v2\/posts\/11187"}],"collection":[{"href":"https:\/\/akdenizolaygazetesi.com\/index.php?rest_route=\/wp\/v2\/posts"}],"about":[{"href":"https:\/\/akdenizolaygazetesi.com\/index.php?rest_route=\/wp\/v2\/types\/post"}],"author":[{"embeddable":true,"href":"https:\/\/akdenizolaygazetesi.com\/index.php?rest_route=\/wp\/v2\/users\/2"}],"replies":[{"embeddable":true,"href":"https:\/\/akdenizolaygazetesi.com\/index.php?rest_route=%2Fwp%2Fv2%2Fcomments&post=11187"}],"version-history":[{"count":1,"href":"https:\/\/akdenizolaygazetesi.com\/index.php?rest_route=\/wp\/v2\/posts\/11187\/revisions"}],"predecessor-version":[{"id":11189,"href":"https:\/\/akdenizolaygazetesi.com\/index.php?rest_route=\/wp\/v2\/posts\/11187\/revisions\/11189"}],"wp:featuredmedia":[{"embeddable":true,"href":"https:\/\/akdenizolaygazetesi.com\/index.php?rest_route=\/wp\/v2\/media\/11188"}],"wp:attachment":[{"href":"https:\/\/akdenizolaygazetesi.com\/index.php?rest_route=%2Fwp%2Fv2%2Fmedia&parent=11187"}],"wp:term":[{"taxonomy":"category","embeddable":true,"href":"https:\/\/akdenizolaygazetesi.com\/index.php?rest_route=%2Fwp%2Fv2%2Fcategories&post=11187"},{"taxonomy":"post_tag","embeddable":true,"href":"https:\/\/akdenizolaygazetesi.com\/index.php?rest_route=%2Fwp%2Fv2%2Ftags&post=11187"}],"curies":[{"name":"wp","href":"https:\/\/api.w.org\/{rel}","templated":true}]}}