{"id":11190,"date":"2021-03-08T12:20:00","date_gmt":"2021-03-08T09:20:00","guid":{"rendered":"http:\/\/akdenizolaygazetesi.com\/?p=11190"},"modified":"2021-03-08T12:20:00","modified_gmt":"2021-03-08T09:20:00","slug":"toroslar-belediyesinden-dijital-ortamda-istiklal-marsini-guzel-okuma-yarismasi","status":"publish","type":"post","link":"https:\/\/akdenizolaygazetesi.com\/?p=11190","title":{"rendered":"TOROSLAR BELED\u0130YES\u0130&#8217;NDEN, D\u0130J\u0130TAL ORTAMDA \u0130ST\u0130KLAL MAR\u015eI&#8217;NI G\u00dcZEL OKUMA YARI\u015eMASI"},"content":{"rendered":"<p>Toroslar Belediyesi, 12 Mart \u0130stiklal Mar\u015f\u0131&#8217;n\u0131n kabul\u00fcn\u00fcn 100.Y\u0131ld\u00f6n\u00fcm\u00fc ve Milli \u015eairimiz Mehmet Akif  Ersoy&#8217;u Anma etkinlikleri kapsam\u0131nda &#8220;\u0130stiklal Mar\u015f\u0131&#8217;n\u0131 G\u00fczel Okuma&#8221; yar\u0131\u015fmas\u0131 d\u00fczenliyor.<\/p>\n<p>Toroslar il\u00e7esinden \u0130lkokul \u00f6\u011frencileri aras\u0131nda yap\u0131lacak olan yar\u0131\u015fma, Koronavir\u00fcs tedbirleri kapsam\u0131nda dijital ortamda ger\u00e7ekle\u015fecek.<\/p>\n<p>Yar\u0131\u015fmaya kat\u0131lmak isteyenler 10 Mart 2021 \u00c7ar\u015famba g\u00fcn\u00fcne kadar \u0130stiklal Mar\u015f\u0131m\u0131z\u0131n 10 k\u0131tas\u0131n\u0131 ezbere okuduklar\u0131 videolar\u0131, ad\u0131-soyad\u0131, do\u011fum tarihi, okul ad\u0131 ve s\u0131n\u0131flar\u0131n\u0131n bilgileriyle beraber belediyenin 0539 773 1838 numaral\u0131 whatsapp hatt\u0131na g\u00f6nderecekler.<\/p>\n<p>Dereceye Giren \u00d6\u011frencilere \u00d6d\u00fclleri, 12 Mart&#8217;ta Verilecek<\/p>\n<p>\u00d6\u011frenciler; \u015fiire hakimiyet, ezber g\u00fcc\u00fc, telaffuz, vurgu ve tonlama, beden dili hakimiyeti kriterleri y\u00f6n\u00fcnden de\u011ferlendirilecek. Birinciye tam alt\u0131n, ikinciye yar\u0131m alt\u0131n ve \u00fc\u00e7\u00fcnc\u00fcye \u00e7eyrek alt\u0131n\u0131n verilece\u011fi yar\u0131\u015fmada dereceye girenlere \u00f6d\u00fclleri ise 12 Mart Cuma g\u00fcn\u00fc saat 17.30&#8217;da Yunus Emre K\u00fclt\u00fcr Merkez&#8217;inde organize edilecek \u00f6d\u00fcl t\u00f6reni ile takdim edilecek.<\/p>\n<p>Ba\u015fkan Y\u0131lmaz: &#8220;\u0130stiklal Mar\u015f\u0131m\u0131z, Nesilden Nesile Aktar\u0131lacak Ba\u011f\u0131ms\u0131zl\u0131\u011f\u0131m\u0131z\u0131n Sembol\u00fcd\u00fcr&#8221;<\/p>\n<p>Milli ve manevi de\u011ferlerin gelecek nesillere aktar\u0131lmas\u0131 anlay\u0131\u015f\u0131yla \u00e7al\u0131\u015fan Toroslar Belediye Ba\u015fkan\u0131 Ats\u0131z Af\u015f\u0131n Y\u0131lmaz, Toroslar il\u00e7esinde okuyan t\u00fcm \u00e7ocuklar\u0131 yar\u0131\u015fmaya davet etti.<\/p>\n<p>\u0130stiklalimizin sembol\u00fc olan milli mar\u015f\u0131m\u0131z\u0131n her m\u0131sras\u0131n\u0131n ve k\u0131tas\u0131n\u0131n ayr\u0131 bir anlam ta\u015f\u0131d\u0131\u011f\u0131n\u0131 kaydeden Ba\u015fkan Y\u0131lmaz; &#8220;Y\u00fcce Milletimiz, Ulu \u00d6nderimiz Gazi Mustafa Kemal Atat\u00fcrk \u00f6nderli\u011finde, her t\u00fcrl\u00fc olumsuzlu\u011fa ve s\u0131k\u0131nt\u0131lara ra\u011fmen, Kurtulu\u015f Sava\u015f\u0131&#8217;n\u0131 kazanarak bize bu e\u015fsiz vatan\u0131 emanet etmi\u015ftir. Vatan topraklar\u0131m\u0131z i\u015fgal alt\u0131ndayken \u0130stiklal \u015eairimiz merhum Mehmet Akif  Ersoy taraf\u0131ndan kaleme al\u0131nan \u0130stiklal Mar\u015f\u0131m\u0131z, T\u00fcrk Milleti&#8217;nin milli m\u00fccadele ruhunu ve kararl\u0131l\u0131\u011f\u0131n\u0131 yans\u0131tmaktad\u0131r. Bize d\u00fc\u015fen  g\u00f6rev bu ruhu, bayrak ve vatan sevgisini daima diri tutmak ve gelecek nesillere aktarmakt\u0131r. \u0130stiklal Mar\u015f\u0131m\u0131zda yer alan ortak de\u011ferlerimiz etraf\u0131nda ayn\u0131 \u015fuurla gelece\u011fimizi in\u015fa etmeye devam edece\u011fiz. Atalar\u0131m\u0131z\u0131n bize emaneti olan bu vatana ilelebet sahip \u00e7\u0131kaca\u011f\u0131z. Cenab-\u0131 Allah, milli \u015fairimizin de dile getirdi\u011fi gibi, bu millete bir daha \u0130stiklal Mar\u015f\u0131 yazd\u0131rmas\u0131n. Bu duygu ve d\u00fc\u015f\u00fcncelerle ba\u015fta Ulu \u00d6nderimiz Gazi Mustafa Kemal Atat\u00fcrk olmak \u00fczere  b\u00fcy\u00fck \u015fairimiz merhum Mehmet Akif Ersoy&#8217;u, milli m\u00fccadele kahramanlar\u0131n\u0131 rahmetle an\u0131yor, \u0130stiklal Mar\u015f\u0131&#8217;m\u0131z\u0131n Kabul\u00fc&#8217;n\u00fcn 100. y\u0131l d\u00f6n\u00fcm\u00fcn\u00fc kutluyorum&#8221; diye konu\u015ftu.<\/p>\n","protected":false},"excerpt":{"rendered":"<p>Toroslar Belediyesi, 12 Mart \u0130stiklal Mar\u015f\u0131&#8217;n\u0131n kabul\u00fcn\u00fcn 100.Y\u0131ld\u00f6n\u00fcm\u00fc ve Milli \u015eairimiz Mehmet Akif Ersoy&#8217;u Anma etkinlikleri kapsam\u0131nda &#8220;\u0130stiklal Mar\u015f\u0131&#8217;n\u0131 G\u00fczel Okuma&#8221; yar\u0131\u015fmas\u0131 d\u00fczenliyor. Toroslar il\u00e7esinden \u0130lkokul \u00f6\u011frencileri aras\u0131nda yap\u0131lacak olan &hellip; <a href=\"https:\/\/akdenizolaygazetesi.com\/?p=11190\" class=\"more-link\">Devam\u0131n\u0131 Oku&#8230;<\/a><\/p>\n","protected":false},"author":2,"featured_media":11191,"comment_status":"open","ping_status":"open","sticky":false,"template":"","format":"standard","meta":[],"categories":[34,1,2,3,5],"tags":[],"_links":{"self":[{"href":"https:\/\/akdenizolaygazetesi.com\/index.php?rest_route=\/wp\/v2\/posts\/11190"}],"collection":[{"href":"https:\/\/akdenizolaygazetesi.com\/index.php?rest_route=\/wp\/v2\/posts"}],"about":[{"href":"https:\/\/akdenizolaygazetesi.com\/index.php?rest_route=\/wp\/v2\/types\/post"}],"author":[{"embeddable":true,"href":"https:\/\/akdenizolaygazetesi.com\/index.php?rest_route=\/wp\/v2\/users\/2"}],"replies":[{"embeddable":true,"href":"https:\/\/akdenizolaygazetesi.com\/index.php?rest_route=%2Fwp%2Fv2%2Fcomments&post=11190"}],"version-history":[{"count":1,"href":"https:\/\/akdenizolaygazetesi.com\/index.php?rest_route=\/wp\/v2\/posts\/11190\/revisions"}],"predecessor-version":[{"id":11192,"href":"https:\/\/akdenizolaygazetesi.com\/index.php?rest_route=\/wp\/v2\/posts\/11190\/revisions\/11192"}],"wp:featuredmedia":[{"embeddable":true,"href":"https:\/\/akdenizolaygazetesi.com\/index.php?rest_route=\/wp\/v2\/media\/11191"}],"wp:attachment":[{"href":"https:\/\/akdenizolaygazetesi.com\/index.php?rest_route=%2Fwp%2Fv2%2Fmedia&parent=11190"}],"wp:term":[{"taxonomy":"category","embeddable":true,"href":"https:\/\/akdenizolaygazetesi.com\/index.php?rest_route=%2Fwp%2Fv2%2Fcategories&post=11190"},{"taxonomy":"post_tag","embeddable":true,"href":"https:\/\/akdenizolaygazetesi.com\/index.php?rest_route=%2Fwp%2Fv2%2Ftags&post=11190"}],"curies":[{"name":"wp","href":"https:\/\/api.w.org\/{rel}","templated":true}]}}