{"id":11193,"date":"2021-03-08T12:29:30","date_gmt":"2021-03-08T09:29:30","guid":{"rendered":"http:\/\/akdenizolaygazetesi.com\/?p=11193"},"modified":"2021-03-08T12:29:30","modified_gmt":"2021-03-08T09:29:30","slug":"akdeniz-belediyesi-sih-muhemmet-abbari-turbesini-yeniledi","status":"publish","type":"post","link":"https:\/\/akdenizolaygazetesi.com\/?p=11193","title":{"rendered":"AKDEN\u0130Z BELED\u0130YES\u0130, \u015eIH MUHEMMET ABBAR\u0130 T\u00dcRBES\u0130\u2019N\u0130 YEN\u0130LED\u0130"},"content":{"rendered":"<p>Bah\u00e7e Mahallesi\u2019nde bulunan \u015e\u0131h Muhammet Abbari T\u00fcrbesi, Akdeniz Belediyesi taraf\u0131ndan yap\u0131lan kapsaml\u0131 bir \u00e7al\u0131\u015fma ile tamamen yenilendi ve vatanda\u015flar\u0131n ibadeti ve ziyaretine haz\u0131r hale getirildi.<\/p>\n<p>Akdeniz Belediyesi; vatanda\u015flar\u0131n daha nezih, temiz ve huzurlu bir ortamda ibadetlerini yerine getirebilmelerini sa\u011flamak amac\u0131yla, il\u00e7e s\u0131n\u0131rlar\u0131nda bulunan cami ve Kur\u2019an kurslar\u0131n\u0131n yan\u0131 s\u0131ra, dua etmek veya adak adamak i\u00e7in ziyaret\u00e7ilerini a\u011f\u0131rlayan t\u00fcrbeleri de yeniliyor. Son olarak, Bah\u00e7e Mahallesi\u2019nde bulunan \u015e\u0131h Muhammet Abbari T\u00fcrbesi, Park ve Bah\u00e7eler ile Fen \u0130\u015fleri M\u00fcd\u00fcrl\u00fckleri taraf\u0131ndan ba\u015ftan sona yenilendi.<\/p>\n<p>Yenilenen t\u00fcrbe i\u00e7in d\u00fczenlenen t\u00f6rene; Akdeniz Belediye Ba\u015fkan\u0131 M. Mustafa G\u00fcltak, Ba\u015fkan Yard\u0131mc\u0131lar\u0131 Ayd\u0131n E\u011fin, \u00d6zel Kalem M\u00fcd\u00fcr\u00fc Onur E. G\u00fcm\u00fc\u015ftok, \u00f6nceki d\u00f6nem Meclis \u00fcyesi Nihat G\u00fcverti ile mahalle sakinleri kat\u0131ld\u0131. T\u00f6rende konu\u015fma yapan Ba\u015fkan G\u00fcltak; \u201cHalk\u0131m\u0131z i\u00e7in \u00f6nemi olan de\u011ferleri \u00f6nemsiyor ve sahip \u00e7\u0131k\u0131yoruz. Ekiplerimizin \u00f6zverili \u00e7al\u0131\u015fmalar\u0131 sonucu, t\u00fcrbemizde kapsaml\u0131 yenileme, d\u00fczenleme ve tadilat \u00e7al\u0131\u015fmas\u0131 yap\u0131larak vatanda\u015flar\u0131m\u0131z\u0131n ziyaretine haz\u0131r hale getirildi. Hepimize hay\u0131rl\u0131 ve u\u011furlu olsun. Bu \u00e7at\u0131 alt\u0131ndaki dualar\u0131m\u0131z ve adaklar\u0131m\u0131z kabul olsun\u201d dedi.<\/p>\n<p>T\u00fcrbede yap\u0131lan yenileme \u00e7al\u0131\u015fmalar\u0131 <\/p>\n<p>Akdeniz Belediyesi taraf\u0131ndan, \u015e\u0131h Muhammet Abbari T\u00fcrbesi\u2019nde yap\u0131lan yenileme ve d\u00fczenleme \u00e7al\u0131\u015fmalar\u0131 ise \u015f\u00f6yle; \u201cT\u00fcrbenin eski zemin d\u00f6\u015femesi ve alt kaplamalar\u0131 s\u00f6k\u00fcl\u00fcp yenilendi; \u00e7at\u0131n\u0131n tamirat\u0131 yap\u0131l\u0131p boyand\u0131. Mevcut durumda, eski hali ile bulunan kademeli zemin, tek kot ile \u00e7\u00f6z\u00fclerek ya\u011fmur suyunun t\u00fcrbenin i\u00e7ine girmesi art\u0131k engellendi. T\u00fcrbe i\u00e7i zemin ve kaidenin kaplamalar\u0131 yenilendi, pencere \u00e7er\u00e7eveleri d\u00e2hil ve i\u00e7 cephe tamamen boyand\u0131. T\u00fcrbenin i\u00e7i ile \u00e7evresinin ayd\u0131nlatma elemanlar\u0131 yenilendi ve say\u0131s\u0131 artt\u0131r\u0131ld\u0131. Adak kurban kesmek veya dua etmek \u00fczere t\u00fcrbeyi ziyarete gelen vatanda\u015flar i\u00e7in yeni oturma banklar\u0131 konuldu. <\/p>\n<p>T\u00fcrbenin giri\u015f yolu kaplamas\u0131 ile \u00fcst g\u00f6lgelik yenilendi, yine park taraf\u0131 ile bah\u00e7e duvar\u0131 \u00fcst\u00fc demirler boyand\u0131. T\u00fcrbenin park taraf\u0131nda yer alan giri\u015fi de yenilenirken, sokak cephesinin mevcut kaplamalar\u0131 da temizlendi. Vatanda\u015flar\u0131n adak kesimleri i\u00e7in tezg\u00e2h kaplamalar\u0131 yenilendi ve yeni kancalar as\u0131ld\u0131. T\u00fcrbedeki eski mevcut \u00e7e\u015fme de s\u00f6k\u00fclerek kullan\u0131ma daha da uygun bir \u00e7e\u015fme ba\u011fland\u0131. Bah\u00e7e duvar\u0131n\u0131n s\u0131vas\u0131 ve boyas\u0131 ile birlikte, yan taraftaki park\u0131n i\u00e7indeki bord\u00fcrler, \u00e7i\u00e7ekler ve ye\u015fil alan elden ge\u00e7irildi.\u201d<\/p>\n","protected":false},"excerpt":{"rendered":"<p>Bah\u00e7e Mahallesi\u2019nde bulunan \u015e\u0131h Muhammet Abbari T\u00fcrbesi, Akdeniz Belediyesi taraf\u0131ndan yap\u0131lan kapsaml\u0131 bir \u00e7al\u0131\u015fma ile tamamen yenilendi ve vatanda\u015flar\u0131n ibadeti ve ziyaretine haz\u0131r hale getirildi. Akdeniz Belediyesi; vatanda\u015flar\u0131n daha nezih, &hellip; <a href=\"https:\/\/akdenizolaygazetesi.com\/?p=11193\" class=\"more-link\">Devam\u0131n\u0131 Oku&#8230;<\/a><\/p>\n","protected":false},"author":2,"featured_media":11194,"comment_status":"open","ping_status":"open","sticky":false,"template":"","format":"standard","meta":[],"categories":[34,1,2,3,5],"tags":[],"_links":{"self":[{"href":"https:\/\/akdenizolaygazetesi.com\/index.php?rest_route=\/wp\/v2\/posts\/11193"}],"collection":[{"href":"https:\/\/akdenizolaygazetesi.com\/index.php?rest_route=\/wp\/v2\/posts"}],"about":[{"href":"https:\/\/akdenizolaygazetesi.com\/index.php?rest_route=\/wp\/v2\/types\/post"}],"author":[{"embeddable":true,"href":"https:\/\/akdenizolaygazetesi.com\/index.php?rest_route=\/wp\/v2\/users\/2"}],"replies":[{"embeddable":true,"href":"https:\/\/akdenizolaygazetesi.com\/index.php?rest_route=%2Fwp%2Fv2%2Fcomments&post=11193"}],"version-history":[{"count":1,"href":"https:\/\/akdenizolaygazetesi.com\/index.php?rest_route=\/wp\/v2\/posts\/11193\/revisions"}],"predecessor-version":[{"id":11195,"href":"https:\/\/akdenizolaygazetesi.com\/index.php?rest_route=\/wp\/v2\/posts\/11193\/revisions\/11195"}],"wp:featuredmedia":[{"embeddable":true,"href":"https:\/\/akdenizolaygazetesi.com\/index.php?rest_route=\/wp\/v2\/media\/11194"}],"wp:attachment":[{"href":"https:\/\/akdenizolaygazetesi.com\/index.php?rest_route=%2Fwp%2Fv2%2Fmedia&parent=11193"}],"wp:term":[{"taxonomy":"category","embeddable":true,"href":"https:\/\/akdenizolaygazetesi.com\/index.php?rest_route=%2Fwp%2Fv2%2Fcategories&post=11193"},{"taxonomy":"post_tag","embeddable":true,"href":"https:\/\/akdenizolaygazetesi.com\/index.php?rest_route=%2Fwp%2Fv2%2Ftags&post=11193"}],"curies":[{"name":"wp","href":"https:\/\/api.w.org\/{rel}","templated":true}]}}