{"id":11199,"date":"2021-03-08T21:03:15","date_gmt":"2021-03-08T18:03:15","guid":{"rendered":"http:\/\/akdenizolaygazetesi.com\/?p=11199"},"modified":"2021-03-08T21:03:15","modified_gmt":"2021-03-08T18:03:15","slug":"kadinlar-buyuksehirin-8-mart-etkinliginde-bulustu","status":"publish","type":"post","link":"https:\/\/akdenizolaygazetesi.com\/?p=11199","title":{"rendered":"KADINLAR, B\u00dcY\u00dcK\u015eEH\u0130R\u2019\u0130N 8 MART ETK\u0130NL\u0130\u011e\u0130NDE BULU\u015eTU"},"content":{"rendered":"<p>Mersin B\u00fcy\u00fck\u015fehir Belediyesi taraf\u0131ndan \u20188 Mart D\u00fcnya Kad\u0131nlar G\u00fcn\u00fc\u2019 dolay\u0131s\u0131yla dolu dolu bir program ger\u00e7ekle\u015ftirildi. \u00d6zgecan Aslan Bar\u0131\u015f Meydan\u0131\u2019nda d\u00fczenlenen etkinliklerde a\u00e7\u0131l\u0131\u015f konu\u015fmas\u0131n\u0131 yapan Ba\u015fkan Se\u00e7er, \u201cBir g\u00fcn de\u011fil, her g\u00fcn kad\u0131nlar g\u00fcn\u00fc. 8 Mart D\u00fcnya Kad\u0131nlar G\u00fcn\u00fc\u2019n\u00fc kutluyorum\u201d dedi.<\/p>\n<p>Se\u00e7er, kad\u0131nlar i\u00e7in \u2018pozitif ayr\u0131mc\u0131\u2019 olduklar\u0131n\u0131 vurgulayarak, \u201cBelediyemizde 2 y\u0131l \u00f6nceki rakamlara bakt\u0131\u011f\u0131n\u0131z zaman bug\u00fcnle mukayesesinde kad\u0131n \u00e7al\u0131\u015fanlar\u0131m\u0131zda art\u0131\u015f oldu\u011funu g\u00f6zlemlersiniz\u201d diye konu\u015ftu. Se\u00e7er, Mersin\u2019de \u2018Yerel E\u015fitlik Eylem Plan\u0131\u2019 \u00e7al\u0131\u015fmalar\u0131n\u0131 da ba\u015flatt\u0131klar\u0131n\u0131 a\u00e7\u0131klayarak, \u201cYak\u0131nda Yerel E\u015fitlik Eylem Plan\u0131\u2019n\u0131 a\u00e7\u0131klayaca\u011f\u0131z. Her alanda yan\u0131n\u0131zda olaca\u011f\u0131z\u201d dedi.<\/p>\n<p>MERS\u0130N\/ (FOTO\u011eRAFLI-G\u00d6R\u00dcNT\u00dcL\u00dc)<\/p>\n<p>Mersin B\u00fcy\u00fck\u015fehir Belediyesi, \u20188 Mart D\u00fcnya Kad\u0131nlar G\u00fcn\u00fc\u2019 dolay\u0131s\u0131yla dolu dolu bir program ger\u00e7ekle\u015ftirdi. \u00d6zgecan Aslan Bar\u0131\u015f Meydan\u0131\u2019nda d\u00fczenlenen etkinliklerde a\u00e7\u0131l\u0131\u015f konu\u015fmas\u0131n\u0131 yapan Ba\u015fkan Se\u00e7er, \u201cBir g\u00fcn de\u011fil, her g\u00fcn kad\u0131nlar g\u00fcn\u00fc. 8 Mart D\u00fcnya Kad\u0131nlar G\u00fcn\u00fc\u2019n\u00fc kutluyorum\u201d dedi.<\/p>\n<p>8 Mart\u2019a \u00f6zel olarak kurulan \u00fcretici kad\u0131n stantlar\u0131nda el eme\u011fi g\u00f6z nuru \u00fcr\u00fcnler sat\u0131\u015fa sunuldu. Programda, m\u00fczik, spor, dans gibi etkinlikler alanda t\u00fcm g\u00fcn boyunca s\u00fcrd\u00fc. Ba\u015fkan Se\u00e7er etkinlik alan\u0131n\u0131 ziyaret ederek, faaliyetleri izledi. Kad\u0131nlar G\u00fcn\u00fc program\u0131nda Ba\u015fkan Se\u00e7er\u2019e CHP Mersin Milletvekili ve Parti Meclis \u00dcyesi Ali Mahir Ba\u015far\u0131r, CHP Mersin Milletvekili Alpay Antmen, CHP Mersin \u0130l Ba\u015fkan\u0131 Adil Aktay, CHP Mersin \u0130l Kad\u0131n Kollar\u0131 Ba\u015fkan\u0131 G\u00fcl\u015fah Y\u0131ld\u0131r\u0131m Gen\u00e7, CHP Yeni\u015fehir \u0130l\u00e7e Ba\u015fkan\u0131 Tayar Tahiro\u011flu, siyasi parti temsilcileri, meclis \u00fcyeleri, kad\u0131n muhtarlar, Mersin B\u00fcy\u00fck\u015fehir Belediyesi b\u00fcrokratlar\u0131 ve daire ba\u015fkanlar\u0131 e\u015flik etti.<\/p>\n<p>Se\u00e7er\u2019i giri\u015fte kad\u0131nlar kar\u015f\u0131lad\u0131<\/p>\n<p>Se\u00e7er, \u00d6zgecan Aslan Bar\u0131\u015f Meydan\u0131\u2019nda kad\u0131nlar taraf\u0131ndan kar\u015f\u0131land\u0131. Stantlar\u0131 gezen Se\u00e7er, alandaki t\u00fcm kad\u0131nlar\u0131n g\u00fcn\u00fcn\u00fc kutlad\u0131. Kad\u0131n Sanat\u00e7\u0131lar Sergisi, hat\u0131ra k\u00f6\u015fesi foto\u011fraf \u00e7ekimi ve \u00fcretici kad\u0131n stantlar\u0131n\u0131 tek tek gezen Se\u00e7er, \u00e7ocuk etkinliklerini de izledi. Se\u00e7er, alanda B\u00fcy\u00fck\u015fehir Belediyesi Gen\u00e7lik ve Spor Hizmetleri Dairesi Ba\u015fkanl\u0131\u011f\u0131\u2019n\u0131n spor kurslar\u0131nda e\u011fitim g\u00f6ren sporcular\u0131 ve B\u00fcy\u00fck\u015fehir Belediyesi Gen\u00e7lik ve Spor Kul\u00fcb\u00fc tak\u0131mlar\u0131 ile de bir araya geldi. Se\u00e7er ile CHP Mersin Milletvekili ve Parti Meclis \u00dcyesi Ali Mahir Ba\u015far\u0131r alanda tenis de oynad\u0131.<\/p>\n<p>\u201cY\u00f6netim anlay\u0131\u015f\u0131m\u0131z\u0131n insan sevgisi \u00fczerine tesis edildi\u011fini herkes g\u00f6r\u00fcyor\u201d<\/p>\n<p>Ba\u015fkan Se\u00e7er, B\u00fcy\u00fck\u015fehir Belediye Ba\u015fkan\u0131 olarak hi\u00e7bir ayr\u0131m yapmadan herkesi kucaklad\u0131\u011f\u0131n\u0131 belirterek, \u201cBen hepinizin belediye ba\u015fkan\u0131y\u0131m. Mersinliler\u2019in bu anlamda i\u00e7inin rahat oldu\u011funu biliyorum\u201d dedi. G\u00f6revde olduklar\u0131 2 y\u0131ll\u0131k s\u00fcre\u00e7te kentin birle\u015ftirici g\u00fcc\u00fc olduklar\u0131n\u0131 belirten Ba\u015fkan Se\u00e7er, \u201cTarsus\u2019tan Anamur\u2019a kadar, \u00c7aml\u0131yayla\u2019dan Mut\u2019a, G\u00fclnar\u2019a kadar kentimizin her k\u00f6\u015fesinde belediye y\u00f6netim anlay\u0131\u015f\u0131m\u0131z\u0131n karde\u015flik, insan sevgisi, ho\u015fg\u00f6r\u00fc \u00fczerine tesis edildi\u011fini herkes g\u00f6r\u00fcyor. Belediyemizde asla insanlar\u0131n ba\u015fta cinsiyetinden, inanc\u0131ndan, siyasi g\u00f6r\u00fc\u015f\u00fcnden, etnik yap\u0131s\u0131ndan ve b\u00f6lgesinden dolay\u0131 bir ayr\u0131ma m\u00fcsaade edemeyiz. Bu Allah kat\u0131nda da g\u00fcnaht\u0131r, dinen de g\u00fcnaht\u0131r, imanen de g\u00fcnaht\u0131r, hukuken de yanl\u0131\u015ft\u0131r, insanen de yanl\u0131\u015ft\u0131r. Onun i\u00e7in herkesi kucaklayaca\u011f\u0131z ve kucakl\u0131yoruz\u201d diye konu\u015ftu.<\/p>\n<p>\u201cBize ihtiyac\u0131 olanlar\u0131n yan\u0131nda, onlar\u0131n taraf\u0131nday\u0131z\u201d<\/p>\n<p>E\u015fitlik\u00e7i olduklar\u0131n\u0131 ancak konu kad\u0131nlar olunca \u2018pozitif ayr\u0131mc\u0131\u2019 olduklar\u0131n\u0131 vurgulayan Se\u00e7er, \u201cBa\u015fta kad\u0131nlar\u0131m\u0131z, ya\u015fl\u0131lar\u0131m\u0131z, \u00f6zel \u00e7ocuklar\u0131m\u0131z, yoksulumuz, garibimiz, ma\u011fdurumuz; bize ihtiyac\u0131 olanlar\u0131n yan\u0131nda, biz onlar\u0131n taraf\u0131nday\u0131z. \u00c7al\u0131\u015fma hayat\u0131nda bunu g\u00f6steriyoruz. Belediyemizde 2 y\u0131l \u00f6nceki rakamlara bakt\u0131\u011f\u0131n\u0131z zaman bug\u00fcnle mukayesesinde \u00e7al\u0131\u015fanlar\u0131m\u0131zda art\u0131\u015f oldu\u011funu g\u00f6zlemlersiniz\u201d dedi.<\/p>\n<p>Kad\u0131nlar\u0131n y\u00f6netim ve karar alma mekanizmalar\u0131nda da olmas\u0131 gerekti\u011fini vurgulayan Ba\u015fkan Se\u00e7er, \u015funlar\u0131 s\u00f6yledi:<\/p>\n<p>\u201cParklar\u0131, bah\u00e7eleri g\u00fczelle\u015ftiren, k\u00fclt\u00fcre-sanata y\u00f6n veren, m\u00fchendislik yapan, MESK\u0130\u2019de kad\u0131n daire ba\u015fkanlar\u0131m\u0131z, plan projeler yapan, Makine \u0130kmal\u2019de makineyle u\u011fra\u015fan, otob\u00fcsle, kamyonla, motorla u\u011fra\u015fan kad\u0131n. Doktorumuz kad\u0131n. Sa\u011fl\u0131\u011fa y\u00f6n veren kad\u0131n. Bunu \u00e7o\u011faltabiliriz. Kol g\u00fcc\u00fcyle de kafa g\u00fcc\u00fcyle de yarat\u0131c\u0131l\u0131kla da kad\u0131n her yerde var. Pekala da iyi yap\u0131yorlar i\u015flerini. Tercih yaparken bir ba\u015fkan olarak \u00f6n\u00fcmde iki tercih kald\u0131\u011f\u0131 zaman kad\u0131n\u0131 tercih ediyorum. Cinsiyet ayr\u0131m\u0131 yapm\u0131yorum ama bir realite, toplumun bir realitesi. Kad\u0131nlar\u0131m\u0131z\u0131n \u00e7al\u0131\u015fma hayat\u0131nda, y\u00f6netimde, karar alma mekanizmalar\u0131nda olmas\u0131 laz\u0131m. Kad\u0131n bizim angaryam\u0131z\u0131 g\u00f6ren bir amele de\u011fil. Ev i\u015flerini yapacak, yeme\u011fi yapacak, temizli\u011fi yapacak, kocas\u0131n\u0131n kahr\u0131n\u0131 \u00e7ekecek, \u00e7ocu\u011funun kahr\u0131n\u0131 \u00e7ekecek. Bu bir kader de\u011fil, bu bir yanl\u0131\u015f anlay\u0131\u015f. Bunu da de\u011fi\u015ftirmek laz\u0131m.\u201d<\/p>\n<p>Se\u00e7er, Samsun\u2019daki olay\u0131 hat\u0131rlatt\u0131: \u201cKahrolmamak m\u00fcmk\u00fcn de\u011fil\u201d<\/p>\n<p>Ba\u015fkan Se\u00e7er, Samsun\u2019da ya\u015fanan kad\u0131na \u015fiddet olay\u0131yla ilgili olarak da \u201cKad\u0131n cinayetleri, kad\u0131na y\u00f6nelik \u015fiddet bizleri \u00fcz\u00fcyor. Bir erkek olarak, bir koca olarak, bir e\u015f olarak, bir sevgili olarak, bir baba olarak beni \u00fcz\u00fcyor. D\u00fcn Samsun\u2019da, televizyon ekranlar\u0131nda izledim, ger\u00e7ekten tansiyonum \u00e7\u0131kt\u0131. \u00d6fkelenmemek, o sahne kar\u015f\u0131s\u0131nda \u00fcz\u00fclmemek, kahrolmamak m\u00fcmk\u00fcn de\u011fil\u201d dedi.<\/p>\n<p>\u201cKad\u0131nlar\u0131m\u0131z \u00e7al\u0131\u015fmak istiyor, \u00fcretmek istiyor\u201d<\/p>\n<p>Alandaki stantlarda kad\u0131nlar\u0131n oldu\u011funu belirten Se\u00e7er, \u201cKad\u0131nlar\u0131m\u0131z \u00e7al\u0131\u015fmak istiyor, \u00fcretmek istiyor\u201d dedi. Mersin\u2019in t\u00fcm il\u00e7eleriyle bereketli topraklara sahip oldu\u011funu vurgulayan Se\u00e7er, \u201cHer \u015feyden \u00f6nemlisi insan\u0131 g\u00fczel. Bir Anadolu mozai\u011fi. T\u00fcrkiye\u2019nin her yerinden, her co\u011frafyas\u0131ndan, her etnik yap\u0131dan, her inan\u00e7 grubundan, her me\u015frepten, mezhepten insan\u0131n bir potada eridi\u011fi bir g\u00fczellik Mersin. Bunu g\u00f6rmek laz\u0131m. Ben g\u00f6r\u00fcyorum. Benim g\u00f6rmem \u00f6nemlidir, ben belediye ba\u015fkan\u0131n\u0131z\u0131m. Onun i\u00e7in hepinizi seviyorum. Onun i\u00e7in sizleri sar\u0131yoruz, sarmal\u0131yoruz, ayr\u0131m gayr\u0131m olmaz diyoruz. Bunlar\u0131 hayatta uygulamak laz\u0131m. \u00c7al\u0131\u015fma hayat\u0131ndan bahsettim. Ben arzu ediyorum, se\u00e7ilmi\u015flerde de kad\u0131nlar\u0131m\u0131z\u0131n say\u0131s\u0131 arts\u0131n. Milletvekili, belediye ba\u015fkan\u0131, meclis \u00fcyeleri, kad\u0131n y\u00f6neticilerimiz. Bunlar\u0131n say\u0131s\u0131n\u0131 art\u0131ral\u0131m\u201d ifadelerine yer verdi.<\/p>\n<p>\u201cYak\u0131nda Yerel E\u015fitlik Eylem Plan\u0131\u2019n\u0131 a\u00e7\u0131klayaca\u011f\u0131z\u201d<\/p>\n<p>Mersin\u2019de \u2018Yerel E\u015fitlik Eylem Plan\u0131\u2019 ba\u015flatt\u0131klar\u0131n\u0131 da a\u00e7\u0131klayan Ba\u015fkan Se\u00e7er, \u201cYine belediyemizin \u00f6nc\u00fcl\u00fc\u011f\u00fcnde Yerel E\u015fitlik Eylem Plan\u0131 \u00e7al\u0131\u015fmalar\u0131 devam ediyor, arkada\u015flar\u0131m\u0131z s\u00fcrd\u00fcr\u00fcyor. Eylem Plan\u0131m\u0131z\u2019da stratejimiz ne olacak, faaliyetlerimiz, y\u00f6n\u00fcm\u00fcz ne olacak bunun \u00e7al\u0131\u015fmalar\u0131n\u0131 yap\u0131yorlar STK\u2019larla i\u015fbirli\u011fi halinde. Yak\u0131nda da Yerel E\u015fitlik Eylem Plan\u0131\u2019n\u0131 a\u00e7\u0131klayaca\u011f\u0131z. Her alanda yan\u0131n\u0131zda olaca\u011f\u0131z. \u00c7al\u0131\u015fma hayat\u0131nda da olaca\u011f\u0131z, aile problemlerinizde de olaca\u011f\u0131z, \u00e7ocuklarla sorunlar\u0131n\u0131zda da olaca\u011f\u0131z, e\u015finizle, \u00e7evrenizle sorunlar\u0131n\u0131zda da olaca\u011f\u0131z, hukuki problemlerinizde de olaca\u011f\u0131z, her yerde olaca\u011f\u0131z. Biz sizler i\u00e7in var\u0131z, sizleri \u00e7ok seviyorum. Bug\u00fcn 8 Mart. Slogan\u0131m\u0131z burada; \u2018Bir g\u00fcn de\u011fil, her g\u00fcn kad\u0131nlar g\u00fcn\u00fc.\u2019 Bizim i\u00e7in b\u00f6yle, bir g\u00fcn de\u011fil, her g\u00fcn kad\u0131nlar g\u00fcn\u00fc. 8 Mart D\u00fcnya Kad\u0131nlar G\u00fcn\u00fc\u2019n\u00fc, Emek\u00e7i Kad\u0131nlar G\u00fcn\u00fc\u2019n\u00fc kutluyorum\u201d dedi.<\/p>\n<p>5 g\u00fcn s\u00fcrecek etkinlikte toplamda 826 kad\u0131n \u00fcretici \u00fcr\u00fcnlerini sergileyecek<\/p>\n<p>Kad\u0131nlar G\u00fcn\u00fc dolay\u0131s\u0131yla \u00d6zgecan Aslan Bar\u0131\u015f Meydan\u0131\u2019nda 4 merkez il\u00e7e ba\u015fta olmak \u00fczere, Silifke, Erdemli, G\u00fclnar, Mut ve Tarsus\u2019tan kad\u0131n \u00fcreticiler stant a\u00e7t\u0131. Etkinli\u011fin ilk g\u00fcn\u00fcnde 71 stant a\u00e7\u0131l\u0131rken, 237 kad\u0131n \u00fcretici a\u00e7\u0131lan stantlarda \u00fcr\u00fcnlerini ekonomik de\u011fere d\u00f6n\u00fc\u015ft\u00fcrme imkan\u0131 buldu. 5 g\u00fcn s\u00fcrecek olan stant etkinli\u011finde toplamda 826 kad\u0131n \u00fcreticinin \u00fcr\u00fcnlerini sergilemesi bekleniyor.<\/p>\n<p>Hat\u0131ra k\u00f6\u015felerinde \u00e7ekilen foto\u011fraflarla etkinlik an\u0131 \u00f6l\u00fcms\u00fczle\u015ftirildi<\/p>\n<p>Etkinlik alan\u0131n\u0131n en g\u00f6zde yerlerine melek kanatlar\u0131, \u00e7i\u00e7eklerle s\u00fcslenmi\u015f kalp ve sal\u0131ncak \u015feklinde hat\u0131ra k\u00f6\u015feleri kuruldu. Kad\u0131nlar ve \u00e7ocuklar bu k\u00f6\u015felerde foto\u011fraflar \u00e7ektirerek, etkinlik an\u0131s\u0131n\u0131 \u00f6l\u00fcms\u00fczle\u015ftirdi. Alanda vatanda\u015flar\u0131n en \u00e7ok dikkatini \u00e7eken etkinliklerden biri de \u2018kad\u0131n\u2019 temal\u0131 resim sergisi oldu. Sanat\u00e7\u0131lar\u0131n olu\u015fturdu\u011fu resim sergisi b\u00fcy\u00fck ilgi g\u00f6rd\u00fc.<\/p>\n<p>\u201cSergim be\u011feniliyor hatta sat\u0131\u015f da oluyor\u201d<\/p>\n<p>B\u00fcy\u00fck\u015fehir Belediyesi\u2019nin kendilerine sergi i\u00e7in sundu\u011fu imkandan dolay\u0131 te\u015fekk\u00fcrlerini dile getiren Ressam Nilg\u00fcn Erciyas, 8 Mart D\u00fcnya Kad\u0131nlar G\u00fcn\u00fc\u2019n\u00fcn kad\u0131n m\u00fccadelesinin bir simgesi oldu\u011funu vurgulad\u0131. Erciyas, \u201cKad\u0131nlar\u0131n toplumda bir yere gelmesi, bir \u015feyleri ba\u015farabilmesi i\u00e7in \u00e7ok g\u00fczel bir g\u00fcn. Bug\u00fcn\u00fc de\u011ferlendirip kad\u0131nlar\u0131n sorunlar\u0131, kad\u0131n \u00fcreticilerin sorunlar\u0131 anlat\u0131l\u0131r ve bu y\u00f6nde kad\u0131nlara destek olunursa \u00e7ok anlaml\u0131 olaca\u011f\u0131na inan\u0131yorum. \u00c7ok g\u00fczel tepkiler ald\u0131m. Sergim be\u011feniliyor, hatta sat\u0131\u015f da oluyor. Bu beni heyecanland\u0131r\u0131yor. Beni \u00e7izmeye daha \u00e7ok y\u00f6nlendiriyor. \u00c7ok memnunum. B\u00fcy\u00fck\u015fehir Belediyesi\u2019nin b\u00f6yle bir etkinli\u011fi bize vermesi bizim tan\u0131nmam\u0131za, sanat\u0131m\u0131z\u0131 g\u00f6stermemize \u00e7ok faydas\u0131 oluyor\u201d dedi.<\/p>\n<p>\u201cMersin\u2019de kad\u0131nlar i\u00e7in her g\u00fcn 8 Mart\u201d<\/p>\n<p>B\u00fcy\u00fck\u015fehir Belediyesi\u2019nin destekleri ile hemen hemen ayda bir kez kad\u0131n \u00fcretici stantlar\u0131nda kad\u0131nlarla bir araya gelip \u00fcr\u00fcnlerini sergileme imkan\u0131 bulduklar\u0131n\u0131 s\u00f6yleyen Zeynep Burcu Y\u0131ld\u0131r\u0131m, \u201c\u00c7\u00fcnk\u00fc biz her zaman faydalar g\u00f6r\u00fcyoruz Belediyemizden, Say\u0131n Vahap Se\u00e7er\u2019den. Mersin\u2019de soka\u011fa \u00e7\u0131kt\u0131\u011f\u0131n\u0131zda, sabah uyand\u0131\u011f\u0131n\u0131zda sokaklar\u0131 temizleyen kad\u0131nlar g\u00f6receksiniz, otob\u00fcslere bindi\u011finizde kad\u0131n \u015fof\u00f6rlerimiz var, sahilde kafeye gitti\u011finizde kad\u0131n \u00e7al\u0131\u015fanlar\u0131m\u0131z var. Bu anlamda Belediyemize, kad\u0131nlara g\u00f6sterdi\u011fi bu deste\u011finden dolay\u0131 te\u015fekk\u00fcr ederim\u201d diye konu\u015ftu. \u201c8 Mart g\u00fczel bir g\u00fcn, \u00f6zel bir g\u00fcn ama Mersin\u2019de kad\u0131nlar i\u00e7in her g\u00fcn 8 Mart\u201d diyen Y\u0131ld\u0131r\u0131m, konu\u015fmas\u0131n\u0131n devam\u0131nda ise \u015fu ifadeleri kulland\u0131:<\/p>\n<p>\u201cBu y\u00fczden Say\u0131n Vahap Se\u00e7er\u2019e b\u00fct\u00fcn kad\u0131nlar\u0131m\u0131z ad\u0131na te\u015fekk\u00fcrlerimi sunuyorum. Vatanda\u015flar\u0131m\u0131z art\u0131k al\u0131\u015ft\u0131lar ve de \u00e7ok mutlular; bu anlamda kad\u0131nlar\u0131n bir arada olmas\u0131ndan, bir ad\u0131m \u00f6nde olmas\u0131ndan ve kad\u0131nlara b\u00f6yle f\u0131rsatlar verilmesinden dolay\u0131. Tabii bizim i\u00e7in b\u00fcy\u00fck bir f\u0131rsat hem tan\u0131nmam\u0131z hem \u00fcretime katk\u0131da bulunmam\u0131z.\u201d<\/p>\n<p>\u201cG\u00fczel \u015feyler oluyor, \u00fcretebiliyoruz, \u00fcretti\u011fimizi de\u011ferlendirebiliyoruz\u201d<\/p>\n<p>El eme\u011fi g\u00f6z nuru \u00fcr\u00fcnlerini kurulan stantlarda ekonomik de\u011fere d\u00f6n\u00fc\u015ft\u00fcrme olana\u011f\u0131 bulan Hanife K\u0131nal\u0131, \u201cKendi emeklerimizi, \u00fcr\u00fcnlerimizi Say\u0131n Vahap Se\u00e7er\u2019in yard\u0131m\u0131yla kendi stantlar\u0131m\u0131zda daha iyi de\u011ferlendirebilmek i\u00e7in buralarday\u0131z. Kad\u0131nlara \u00f6nem veriliyor, de\u011fer veriliyor, masa veriliyor, kendi kazan\u00e7lar\u0131m\u0131z\u0131 sa\u011flayabiliyoruz art\u0131k. G\u00fczel \u015feyler oluyor, \u00fcretebiliyoruz, \u00fcretti\u011fimizi de\u011ferlendirebiliyoruz. Her kad\u0131n \u00fcretiyor ama de\u011ferlendiremiyor. Kad\u0131nlar art\u0131k g\u00fc\u00e7l\u00fc\u201d dedi.<\/p>\n<p>\u201cMersin\u2019de kad\u0131n eme\u011fi g\u00f6r\u00fcl\u00fcyor\u201d<\/p>\n<p>Stant alan\u0131n\u0131 gezerek yap\u0131lan \u00e7al\u0131\u015fmay\u0131 takdir eden vatanda\u015flardan Hacer Salman ise \u015fu ifadeleri kulland\u0131:<\/p>\n<p>\u201cKad\u0131nlar\u0131m\u0131z\u0131n \u00f6zg\u00fcr, kendi iradeleri ile hareket edebilece\u011fi, \u015fiddetsiz bir ya\u015fam diliyorum. Mersin B\u00fcy\u00fck\u015fehir Belediyesi\u2019ni kutluyorum b\u00f6yle bir \u00e7al\u0131\u015fmaya olanak sa\u011flad\u0131\u011f\u0131 i\u00e7in. \u00dcretsinler, \u00fcreten kad\u0131nlar\u0131m\u0131z\u0131 kutluyorum. Mersin\u2019de kad\u0131n eme\u011fi g\u00f6r\u00fcl\u00fcyor. Kad\u0131nlar i\u00e7in bir \u015fey yap\u0131ld\u0131\u011f\u0131n\u0131n g\u00f6stergesidir bu. G\u00fczel \u00e7al\u0131\u015fmalar bunlar.\u201d<\/p>\n","protected":false},"excerpt":{"rendered":"<p>Mersin B\u00fcy\u00fck\u015fehir Belediyesi taraf\u0131ndan \u20188 Mart D\u00fcnya Kad\u0131nlar G\u00fcn\u00fc\u2019 dolay\u0131s\u0131yla dolu dolu bir program ger\u00e7ekle\u015ftirildi. \u00d6zgecan Aslan Bar\u0131\u015f Meydan\u0131\u2019nda d\u00fczenlenen etkinliklerde a\u00e7\u0131l\u0131\u015f konu\u015fmas\u0131n\u0131 yapan Ba\u015fkan Se\u00e7er, \u201cBir g\u00fcn de\u011fil, her &hellip; <a href=\"https:\/\/akdenizolaygazetesi.com\/?p=11199\" class=\"more-link\">Devam\u0131n\u0131 Oku&#8230;<\/a><\/p>\n","protected":false},"author":2,"featured_media":11200,"comment_status":"open","ping_status":"open","sticky":false,"template":"","format":"standard","meta":[],"categories":[34,1,2,3,5],"tags":[],"_links":{"self":[{"href":"https:\/\/akdenizolaygazetesi.com\/index.php?rest_route=\/wp\/v2\/posts\/11199"}],"collection":[{"href":"https:\/\/akdenizolaygazetesi.com\/index.php?rest_route=\/wp\/v2\/posts"}],"about":[{"href":"https:\/\/akdenizolaygazetesi.com\/index.php?rest_route=\/wp\/v2\/types\/post"}],"author":[{"embeddable":true,"href":"https:\/\/akdenizolaygazetesi.com\/index.php?rest_route=\/wp\/v2\/users\/2"}],"replies":[{"embeddable":true,"href":"https:\/\/akdenizolaygazetesi.com\/index.php?rest_route=%2Fwp%2Fv2%2Fcomments&post=11199"}],"version-history":[{"count":1,"href":"https:\/\/akdenizolaygazetesi.com\/index.php?rest_route=\/wp\/v2\/posts\/11199\/revisions"}],"predecessor-version":[{"id":11201,"href":"https:\/\/akdenizolaygazetesi.com\/index.php?rest_route=\/wp\/v2\/posts\/11199\/revisions\/11201"}],"wp:featuredmedia":[{"embeddable":true,"href":"https:\/\/akdenizolaygazetesi.com\/index.php?rest_route=\/wp\/v2\/media\/11200"}],"wp:attachment":[{"href":"https:\/\/akdenizolaygazetesi.com\/index.php?rest_route=%2Fwp%2Fv2%2Fmedia&parent=11199"}],"wp:term":[{"taxonomy":"category","embeddable":true,"href":"https:\/\/akdenizolaygazetesi.com\/index.php?rest_route=%2Fwp%2Fv2%2Fcategories&post=11199"},{"taxonomy":"post_tag","embeddable":true,"href":"https:\/\/akdenizolaygazetesi.com\/index.php?rest_route=%2Fwp%2Fv2%2Ftags&post=11199"}],"curies":[{"name":"wp","href":"https:\/\/api.w.org\/{rel}","templated":true}]}}