{"id":11207,"date":"2021-03-08T21:09:01","date_gmt":"2021-03-08T18:09:01","guid":{"rendered":"http:\/\/akdenizolaygazetesi.com\/?p=11207"},"modified":"2021-03-08T21:09:01","modified_gmt":"2021-03-08T18:09:01","slug":"ercik-kadinlar-gununu-kutladi","status":"publish","type":"post","link":"https:\/\/akdenizolaygazetesi.com\/?p=11207","title":{"rendered":"ERC\u0130K: KADINLAR G\u00dcN\u00dcN\u00dc KUTLADI"},"content":{"rendered":"<p>8 Mart D\u00fcnya Kad\u0131nlar G\u00fcn\u00fc dolay\u0131s\u0131yla bir mesaj yay\u0131nlayan AK Parti Mersin \u0130l Ba\u015fkan\u0131 Cesim Ercik,\u201dDo\u011fumdan \u00f6l\u00fcme, ya\u015fam\u0131m\u0131z\u0131n her an\u0131nda varl\u0131klar\u0131yla desteklerini esirgemeyen; e\u011fiten, yeti\u015ftiren, bizi biz yapma yolunda y\u00fcreklerindeki sevgi ve \u015fefkati kar\u015f\u0131l\u0131ks\u0131z veren kad\u0131nlar\u0131m\u0131z\u0131n 8 Mart D\u00fcnya Kad\u0131nlar G\u00fcn\u00fc&#8217;n\u00fc en kalbi duygular\u0131mla kutluyorum.\u201ddedi<\/p>\n<p>\u0130l Ba\u015fkan\u0131 Cesim Ercik yapt\u0131\u011f\u0131 a\u00e7\u0131klamada, &#8221; Fedakarl\u0131klar\u0131, emekleri, sevgileri ve m\u00fccadeleleriyle gelece\u011fimizin \u015fekillendirilmesinde hayati role sahip olan, insanl\u0131\u011f\u0131n ilk \u00f6\u011fretmeni ve hayat\u0131m\u0131z\u0131n her alan\u0131nda varl\u0131klar\u0131n\u0131 hissetti\u011fimiz kad\u0131nlar\u0131m\u0131z\u0131n ya\u015fam\u0131m\u0131zdaki yeri ve \u00f6nemi kelimelere d\u00f6kemeyece\u011fimiz kadar b\u00fcy\u00fck ve anlaml\u0131d\u0131r. H\u00fck\u00fcmetimiz, iktidara geldi\u011fi g\u00fcnden bu yana aile hayat\u0131nda, i\u015f d\u00fcnyas\u0131nda, e\u011fitimde, sa\u011fl\u0131kta ve di\u011fer t\u00fcm alanlarda kad\u0131nlar\u0131n stat\u00fcs\u00fcn\u00fc hak ve adalet eksenli bir anlay\u0131\u015fla y\u00fckseltmek i\u00e7in \u00e7ok \u00f6nemli \u00e7al\u0131\u015fmalar yapt\u0131. Kad\u0131n\u0131 hayat\u0131n her alan\u0131nda hak etti\u011fi konuma \u00e7\u0131kartacak tedbirleri ald\u0131, imk\u00e2nlar sa\u011fland\u0131. Cumhurba\u015fkan\u0131m\u0131z ve Genel Ba\u015fkan\u0131m\u0131z Say\u0131n Recep Tayyip Erdo\u011fan liderli\u011findeki partimiz, 2023 hedeflerine kararl\u0131l\u0131kla y\u00fcr\u00fcrken, ba\u015f\u0131m\u0131z\u0131n tac\u0131 olan kad\u0131nlar\u0131m\u0131z\u0131 her alanda daha ileriye ta\u015f\u0131makta kararl\u0131. Kad\u0131na sayg\u0131, de\u011ferlerimizin, gelenek-g\u00f6reneklerimizin, tarihimizin, sosyal hayat\u0131m\u0131z\u0131n temel dinami\u011fidir. Ba\u015fta siyaset, ekonomi ve e\u011fitim olmak \u00fczere toplum hayat\u0131nda kad\u0131n\u0131 d\u0131\u015flayan bir anlay\u0131\u015f benimsenmesi, ku\u015fkusuz sadece kad\u0131nlar i\u00e7in de\u011fil, b\u00fct\u00fcn toplum i\u00e7in b\u00fcy\u00fck eksikliktir. Kad\u0131na y\u00f6nelik \u015fiddet ve bask\u0131 sadece \u00fclkemizin de\u011fil, t\u00fcm d\u00fcnya kad\u0131nlar\u0131n\u0131n sorunudur. U\u011frad\u0131\u011f\u0131 haks\u0131zl\u0131klar, adaletsizlikler, ayr\u0131mc\u0131l\u0131klar kar\u015f\u0131s\u0131nda kad\u0131n\u0131n yan\u0131nda yer almak, insan olan herkesin g\u00f6revidir. AK Parti olarak s\u00f6z konusu anlay\u0131\u015f\u0131n ve kad\u0131nlar\u0131m\u0131z\u0131n cinsiyetleri sebebiyle istismara u\u011framas\u0131n\u0131n her zaman kar\u015f\u0131s\u0131nda olaca\u011f\u0131n\u0131 ve onlar\u0131n hak aray\u0131\u015flar\u0131nda en b\u00fcy\u00fck deste\u011fi verece\u011fini ifade etmek istiyorum. Bir insanl\u0131k su\u00e7u olarak g\u00f6rd\u00fc\u011f\u00fcm kad\u0131na y\u00f6nelik her t\u00fcrl\u00fc fiziki ve ruhsal \u015fiddeti ve ayr\u0131mc\u0131l\u0131\u011f\u0131 en sert \u015fekilde k\u0131n\u0131yorum. Bu duygu ve d\u00fc\u015f\u00fcncelerle t\u00fcm kad\u0131nlar\u0131m\u0131z\u0131n 8 Mart D\u00fcnya Kad\u0131nlar G\u00fcn\u00fc&#8217;n\u00fc en kalbi duygular\u0131mla kutluyorum.\u201d diye konu\u015ftu.<\/p>\n","protected":false},"excerpt":{"rendered":"<p>8 Mart D\u00fcnya Kad\u0131nlar G\u00fcn\u00fc dolay\u0131s\u0131yla bir mesaj yay\u0131nlayan AK Parti Mersin \u0130l Ba\u015fkan\u0131 Cesim Ercik,\u201dDo\u011fumdan \u00f6l\u00fcme, ya\u015fam\u0131m\u0131z\u0131n her an\u0131nda varl\u0131klar\u0131yla desteklerini esirgemeyen; e\u011fiten, yeti\u015ftiren, bizi biz yapma yolunda y\u00fcreklerindeki &hellip; <a href=\"https:\/\/akdenizolaygazetesi.com\/?p=11207\" class=\"more-link\">Devam\u0131n\u0131 Oku&#8230;<\/a><\/p>\n","protected":false},"author":2,"featured_media":11209,"comment_status":"open","ping_status":"open","sticky":false,"template":"","format":"standard","meta":[],"categories":[34,1,2,3,5],"tags":[],"_links":{"self":[{"href":"https:\/\/akdenizolaygazetesi.com\/index.php?rest_route=\/wp\/v2\/posts\/11207"}],"collection":[{"href":"https:\/\/akdenizolaygazetesi.com\/index.php?rest_route=\/wp\/v2\/posts"}],"about":[{"href":"https:\/\/akdenizolaygazetesi.com\/index.php?rest_route=\/wp\/v2\/types\/post"}],"author":[{"embeddable":true,"href":"https:\/\/akdenizolaygazetesi.com\/index.php?rest_route=\/wp\/v2\/users\/2"}],"replies":[{"embeddable":true,"href":"https:\/\/akdenizolaygazetesi.com\/index.php?rest_route=%2Fwp%2Fv2%2Fcomments&post=11207"}],"version-history":[{"count":1,"href":"https:\/\/akdenizolaygazetesi.com\/index.php?rest_route=\/wp\/v2\/posts\/11207\/revisions"}],"predecessor-version":[{"id":11210,"href":"https:\/\/akdenizolaygazetesi.com\/index.php?rest_route=\/wp\/v2\/posts\/11207\/revisions\/11210"}],"wp:featuredmedia":[{"embeddable":true,"href":"https:\/\/akdenizolaygazetesi.com\/index.php?rest_route=\/wp\/v2\/media\/11209"}],"wp:attachment":[{"href":"https:\/\/akdenizolaygazetesi.com\/index.php?rest_route=%2Fwp%2Fv2%2Fmedia&parent=11207"}],"wp:term":[{"taxonomy":"category","embeddable":true,"href":"https:\/\/akdenizolaygazetesi.com\/index.php?rest_route=%2Fwp%2Fv2%2Fcategories&post=11207"},{"taxonomy":"post_tag","embeddable":true,"href":"https:\/\/akdenizolaygazetesi.com\/index.php?rest_route=%2Fwp%2Fv2%2Ftags&post=11207"}],"curies":[{"name":"wp","href":"https:\/\/api.w.org\/{rel}","templated":true}]}}