{"id":11217,"date":"2021-03-09T12:32:06","date_gmt":"2021-03-09T09:32:06","guid":{"rendered":"http:\/\/akdenizolaygazetesi.com\/?p=11217"},"modified":"2021-03-09T12:32:06","modified_gmt":"2021-03-09T09:32:06","slug":"buyuksehir-mersin-halini-modern-yapiya-kavusturuyor","status":"publish","type":"post","link":"https:\/\/akdenizolaygazetesi.com\/?p=11217","title":{"rendered":"B\u00dcY\u00dcK\u015eEH\u0130R, MERS\u0130N HAL\u0130\u2019N\u0130 MODERN YAPIYA KAVU\u015eTURUYOR"},"content":{"rendered":"<p>B\u00fcy\u00fck\u015fehir Belediyesi, y\u00fcr\u00fctt\u00fc\u011f\u00fc \u00e7al\u0131\u015fmalarla Mersin Merkez Hal Kompleksi\u2019ne modern ve \u00e7a\u011fda\u015f bir yap\u0131 kazand\u0131r\u0131yor. B\u00fcy\u00fck\u015fehir\u2019in b\u00fcnyesine kazand\u0131rd\u0131\u011f\u0131 \u2018M\u00fcnir \u00d6zkul Kre\u015fi\u2019 ile T\u00fcrkiye\u2019de bir ilk olma \u00f6zelli\u011fi ta\u015f\u0131yan Hal Kompleksi\u2019nde trafik sorununun tamamen \u00e7\u00f6z\u00fcme kavu\u015fmas\u0131 i\u00e7in \u00e7al\u0131\u015fmalar s\u00fcrerken, fiziki ko\u015fullar elden ge\u00e7irilerek sa\u011fl\u0131kl\u0131 ve g\u00fcvenli bir ortam yarat\u0131ld\u0131.<\/p>\n<p>B\u00fcy\u00fck\u015fehir Belediyesi Merkez Hal Y\u00f6neticisi Mehmet G\u00fcner, \u201cYeni bir proje \u00e7al\u0131\u015fmas\u0131yla sevkiyat k\u0131sm\u0131ndan \u00e7\u0131kan t\u00fcm ara\u00e7lar\u0131 arka b\u00f6l\u00fcmden hem otobana hem D-400 yoluna ba\u011flamak ko\u015fuluyla g\u00fczel bir ek \u00e7\u0131k\u0131\u015f kap\u0131s\u0131 yap\u0131yoruz\u201d dedi. Bu kap\u0131n\u0131n tamamlanmas\u0131n\u0131n ard\u0131ndan otopark alanlar\u0131n\u0131n yap\u0131laca\u011f\u0131n\u0131 s\u00f6yleyen G\u00fcner, \u201cYakla\u015f\u0131k 1-2 ay i\u00e7erisinde kantarlar\u0131n ta\u015f\u0131nmas\u0131n\u0131n ard\u0131ndan bo\u015falan alanlara hem binek ara\u00e7lar i\u00e7in hem de b\u00fcy\u00fck ara\u00e7lar i\u00e7in otopark alan\u0131n\u0131 ayarlad\u0131k\u201d diye konu\u015ftu. G\u00fcner, eski \u00e7\u00f6p konteynerleri sistemleri ile Hal\u2019de olu\u015fan \u00e7\u00f6p da\u011flar\u0131n\u0131n \u00f6n\u00fcne ge\u00e7mek i\u00e7in po\u015fetleme sistemine ge\u00e7tiklerini s\u00f6yledi.<\/p>\n<p>Mersin B\u00fcy\u00fck\u015fehir Belediye Ba\u015fkan\u0131 Vahap Se\u00e7er\u2019in Hal esnaf\u0131 i\u00e7in bir \u015fans oldu\u011funu vurgulayan Mersin Ya\u015f Sebze Meyve Komisyoncular Dernek Ba\u015fkan\u0131 M\u00fcnir \u015een ise \u201cTar\u0131m sekt\u00f6r\u00fcn\u00fcn t\u00fcm sorunlar\u0131na en az bizim kadar vak\u0131f. Bu nedenle kendi sorunlar\u0131m\u0131z\u0131 rahatl\u0131kla aktarabiliyoruz. G\u00f6reve geldi\u011fi g\u00fcnden bu g\u00fcne kadar t\u00fcm sorunlar\u0131m\u0131z ve taleplerimiz yerine getirildi. Sekt\u00f6r\u00fcn \u00f6zellikle fiziki olarak Halimizin t\u00fcm ihtiya\u00e7lar\u0131 giderilmi\u015f durumda\u201d ifadelerini kulland\u0131.<\/p>\n<p>MERS\u0130N( FOTO\u011eRAFLI-G\u00d6R\u00dcNT\u00dcL\u00dc)<\/p>\n<p>Mersin B\u00fcy\u00fck\u015fehir Belediyesi, yakla\u015f\u0131k 800 hektar alan \u00fczerine kurulu, 1500 i\u015f yerine sahip ve g\u00fcnde 7 bin civar\u0131nda arac\u0131n sevkiyat yapt\u0131\u011f\u0131 Mersin Merkez Hal Kompleksi\u2019nde 2020 y\u0131l\u0131nda ba\u015flatt\u0131\u011f\u0131 \u00e7al\u0131\u015fmalarla hem esnaf\u0131n hem de \u00fcreticinin takdirini topluyor. 2019 y\u0131l\u0131nda B\u00fcy\u00fck\u015fehir Belediyesi Hal M\u00fcd\u00fcrl\u00fc\u011f\u00fc, Hal Kompleksi\u2019nin payda\u015flar\u0131 ile yapt\u0131\u011f\u0131 \u00e7al\u0131\u015ftaylar sonucunda tespit edilen sorunlar\u0131 ana ba\u015fl\u0131klar alt\u0131nda birle\u015ftirerek, \u00e7\u00f6z\u00fcm\u00fc i\u00e7in hummal\u0131 \u00e7al\u0131\u015fmalar ba\u015flatt\u0131. Bu s\u00fcre\u00e7 i\u00e7erisinde Hal Kompleksi\u2019ndeki trafik sorunu, \u00e7evre kirlili\u011fi, sinek ve ha\u015fere ile m\u00fccadele ve su bask\u0131nlar\u0131 gibi bir\u00e7ok sorun \u00e7\u00f6z\u00fcme kavu\u015fturuldu.<\/p>\n<p>B\u00fcy\u00fck\u015fehir, Hal\u2019deki payda\u015flar ile d\u00fczenledi\u011fi \u00e7al\u0131\u015ftaylarla sorunlar\u0131 tespit etti<\/p>\n<p>B\u00fcy\u00fck\u015fehir Belediyesi Merkez Hal Y\u00f6neticisi Mehmet G\u00fcner, Hal Kompleksi\u2019ne g\u00fcnl\u00fck ortalama 7-8 bin arac\u0131n giri\u015f yapt\u0131\u011f\u0131n\u0131, g\u00fcnl\u00fck insan sirk\u00fclasyonunun 30 bin civar\u0131nda bulundu\u011funu s\u00f6yledi. G\u00fcner, Mersin B\u00fcy\u00fck\u015fehir Belediye Ba\u015fkan\u0131 Vahap Se\u00e7er\u2019in \u00fcreticinin en k\u00fc\u00e7\u00fck eme\u011finin heba olmamas\u0131 i\u00e7in gerekli tedbirlerin al\u0131nmas\u0131n\u0131 istedi\u011fini vurgulayarak, \u201cBiz de bu konuda payda\u015flar\u0131m\u0131z olan komisyoncular, pazarc\u0131lar, sevkiyat\u00e7\u0131lar, t\u00fcccarlar, ihracat\u00e7\u0131larla bir araya gelerek s\u0131k s\u0131k \u00e7al\u0131\u015ftaylar d\u00fczenledik. Bu \u00e7al\u0131\u015ftaylar sonucunda Halimizin t\u00fcm sorunlar\u0131 hakk\u0131nda bir fizibilite \u00e7al\u0131\u015fmas\u0131 \u00e7\u0131kard\u0131k. Bu fizibilite \u00e7al\u0131\u015fmas\u0131n\u0131n sonu\u00e7lar\u0131n\u0131 projelendirdik ve bu projeleri de hayata ge\u00e7irmeye ba\u015flad\u0131k\u201d dedi. <\/p>\n<p>Ula\u015f\u0131m sorununu tamamen \u00e7\u00f6zecek yeni bir sevkiyat \u00e7\u0131k\u0131\u015f kap\u0131s\u0131 yap\u0131l\u0131yor<\/p>\n<p>Hal Kompleksi\u2019nin en b\u00fcy\u00fck sorunlar\u0131ndan biri olan ula\u015f\u0131m s\u0131k\u0131nt\u0131s\u0131na dair yapt\u0131klar\u0131 \u00e7al\u0131\u015fmalar\u0131 anlatan G\u00fcner, bu sorunu yaln\u0131zca Hal baz\u0131nda ele almad\u0131klar\u0131n\u0131, \u00fcreticinin tarladan toplad\u0131\u011f\u0131 mal\u0131 Hal\u2019e sa\u011fl\u0131kl\u0131, k\u0131sa ve g\u00fcvenli bir \u015fekilde getirebilmesi i\u00e7in tarladan, Hal\u2019in ana kap\u0131s\u0131na kadar ana arterlerin t\u00fcm yollar\u0131n\u0131 d\u00fczenlediklerini belirtti. G\u00fcner, \u201cHal\u2019in tek giri\u015f, tek \u00e7\u0131k\u0131\u015f kap\u0131s\u0131 var. Dolay\u0131s\u0131yla trafik s\u0131k\u0131\u015f\u0131kl\u0131\u011f\u0131na sebep olmakta. Yeni bir proje \u00e7al\u0131\u015fmas\u0131yla sevkiyat k\u0131sm\u0131ndan \u00e7\u0131kan, yurt i\u00e7i ve d\u0131\u015f\u0131 t\u00fcm ara\u00e7lar\u0131 arka b\u00f6l\u00fcmden hem otobana hem D-400 yoluna ba\u011flamak ko\u015fuluyla g\u00fczel bir ek \u00e7\u0131k\u0131\u015f kap\u0131s\u0131 yap\u0131yoruz. Meclis\u2019ten ge\u00e7ti, imar plan\u0131na i\u015flendi. \u0130n\u015faat \u00e7al\u0131\u015fmalar\u0131m\u0131z bir hafta \u00f6nce fiilen ba\u015flad\u0131. Yakla\u015f\u0131k 60 g\u00fcn i\u00e7erisinde sonu\u00e7land\u0131r\u0131lmas\u0131n\u0131 bekliyoruz\u201d diye konu\u015ftu.<\/p>\n<p>Binek ara\u00e7lar ve b\u00fcy\u00fck ara\u00e7lar i\u00e7in 2 park alan\u0131 yap\u0131lacak<\/p>\n<p>Planlad\u0131klar\u0131 park alan\u0131 \u00e7al\u0131\u015fmas\u0131na ili\u015fkin konu\u015fan G\u00fcner, \u201cMevcut ek kap\u0131n\u0131n a\u00e7\u0131lmas\u0131ndan sonra kantar yerlerimizi de\u011fi\u015ftiriyoruz. Oradan bo\u015falan yerler de imar planlar\u0131nda \u2018ara\u00e7 otopark alanlar\u0131\u2019 olarak belirlendi. Yakla\u015f\u0131k 1-2 ay i\u00e7erisinde kantarlar\u0131n ta\u015f\u0131nmas\u0131n\u0131n akabinde bo\u015falan alanlara hem binek ara\u00e7lar i\u00e7in hem de Hal\u2019in arka taraf\u0131ndaki sevkiyat b\u00f6l\u00fcm\u00fcnde b\u00fcy\u00fck ara\u00e7lar i\u00e7in otopark alan\u0131n\u0131 ayarlad\u0131k. \u0130hale \u00e7al\u0131\u015fmalar\u0131 devam etmekte olup, proje \u00e7al\u0131\u015fmalar\u0131 bitti\u201d ifadelerini kulland\u0131. Ayr\u0131ca Hal i\u00e7erisinde \u00e7al\u0131\u015fan vatanda\u015flar\u0131n i\u015f g\u00fcvenli\u011fini sa\u011flamak ad\u0131na yap\u0131lan \u00e7al\u0131\u015fmalara da de\u011finen G\u00fcner, \u201cBu konuda yol i\u015faretlemeleri, yaya yolu i\u015faretlemeleri, trafik i\u015faretlemeleri ve yaya yolu yapt\u0131k ve bunlar\u0131n kontrollerini sa\u011fl\u0131yoruz\u201d dedi.<\/p>\n<p>K\u0131sa s\u00fcre \u00f6nce duvarlar\u0131 meyve ve sebze fig\u00fcrleri ile s\u00fcslenen Hal Kompleksi\u2019ne \u00e7evre d\u00fczeni ve yaya yolu kapsam\u0131nda kald\u0131r\u0131mlar yapt\u0131klar\u0131n\u0131 da s\u00f6zlerine ekleyen G\u00fcner, \u201cKomisyoncular b\u00f6l\u00fcm\u00fcnde pilot b\u00f6lge olarak ba\u015flad\u0131k. \u0130nsan sirk\u00fclasyonun yo\u011fun oldu\u011fu yerlerde kald\u0131r\u0131m yapt\u0131k. Hal i\u00e7erisinde yine a\u011fa\u00e7land\u0131rma ve ye\u015fillendirme \u00e7al\u0131\u015fmalar\u0131na ba\u015flad\u0131k. Bu \u00e7al\u0131\u015fmalar\u0131m\u0131z bord\u00fcr ve kald\u0131r\u0131m \u00e7al\u0131\u015fmalar\u0131 ile birlikte devam etmekte. En k\u0131sa s\u00fcrede sonu\u00e7lanmas\u0131n\u0131 bekliyoruz\u201d diye konu\u015ftu.<\/p>\n<p>Po\u015fetleme sistemi ile \u00e7\u00f6p da\u011flar\u0131 son buldu<\/p>\n<p>G\u00fcner, daha \u00f6ncesinde sebze ve meyve at\u0131klar\u0131ndan olu\u015fan \u00e7\u00f6p da\u011flar\u0131n\u0131n sebep oldu\u011fu \u00e7evre sorununun sonland\u0131r\u0131lmas\u0131 i\u00e7in yapt\u0131klar\u0131 \u00e7al\u0131\u015fmalar hakk\u0131nda ise \u015funlar\u0131 s\u00f6yledi:<\/p>\n<p>\u201cEski \u00e7\u00f6p konteynerleri sistemleri ile sokaklarda \u00e7\u00f6pler vard\u0131. \u0130nsanlar \u00e7\u00f6plerini, \u00e7\u00f6p kovalar\u0131n\u0131n yetersiz kalmas\u0131ndan veya \u00e7ok s\u0131k dolmas\u0131ndan ve rutin bo\u015falt\u0131lmamas\u0131ndan dolay\u0131 yere d\u00f6k\u00fcyorlard\u0131. Dolay\u0131s\u0131yla \u00e7evre sa\u011fl\u0131\u011f\u0131 ve \u00e7al\u0131\u015fanlar i\u00e7in g\u00fcvenli ve hijyenik ortam sa\u011flanamamaktayd\u0131. Bu sorunu noktalamak i\u00e7in po\u015fetleme sistemine ge\u00e7tik. Bununla ilgili gerekli alt yap\u0131y\u0131 sa\u011flad\u0131k. Payda\u015f\u0131m\u0131z Komisyoncular Derne\u011fi ile birlikte ortak hareket ettik. Esnaf arkada\u015flar\u0131m\u0131za po\u015fetler da\u011f\u0131tt\u0131k ve \u00e7\u00f6p toplama arac\u0131 ile g\u00fcnde 2 periyot olarak, acil durumlarda ise \u00f6zel ara\u00e7 g\u00f6ndererek esnaf\u0131n i\u015f yerinin \u00f6n\u00fcnden \u00e7\u00f6pleri al\u0131p kurdu\u011fumuz \u00e7\u00f6p depolama ve aktarma merkezine g\u00f6t\u00fcr\u00fcyoruz. B\u00f6ylece biz Hal\u2019de sa\u011fl\u0131kl\u0131 ve hijyenik bir \u00e7al\u0131ma ortam\u0131 elde ettik. Bu \u00e7al\u0131\u015fma ile \u00e7\u00f6plerden kaynakl\u0131 olu\u015fan sinek ve ha\u015fere m\u00fccadelesine kar\u015f\u0131 da \u00f6n bir tedbir ald\u0131k.\u201d<\/p>\n<p>\u201cBo\u015f kasa depolama alan\u0131 in\u015fa ettik\u201d<\/p>\n<p>2019\u2019da yap\u0131lan \u00e7al\u0131\u015ftaylar\u0131n ard\u0131ndan 2020\u2019de yap\u0131m\u0131na ba\u015flanan bo\u015f kasa depolama alan\u0131 hakk\u0131nda da bilgi veren G\u00fcner, \u201cEsnafa bir yandan dolu kasalar geliyor, bir yandan da her yer bo\u015f kasalarla doluyordu. Dolay\u0131s\u0131yla buradaki bo\u015f kasalar\u0131n yer i\u015fgali hem trafik s\u0131k\u0131\u015f\u0131kl\u0131\u011f\u0131na neden olmakta hem de devrilme riskinden dolay\u0131 can tehlikesi yaratmaktayd\u0131. Bununla ilgili hemen haz\u0131rda bulunan alanlara bo\u015f kasa depolama yerleri in\u015fa ettik. Onlar\u0131 ilk etapta 140 esnaf\u0131m\u0131za verdik. Yenileri i\u00e7in de \u00e7al\u0131\u015fmalar devam ediyor\u201d diye konu\u015ftu.<\/p>\n<p>Hal esnaf\u0131n\u0131n mal kayb\u0131na sebep olan su bask\u0131nlar\u0131na kar\u015f\u0131 titiz bir \u00e7al\u0131\u015fma y\u00fcr\u00fct\u00fcld\u00fc<\/p>\n<p>Hal\u2019de yo\u011fun ya\u011f\u0131\u015flar sonras\u0131nda su bask\u0131nlar\u0131 ya\u015fand\u0131\u011f\u0131n\u0131 hat\u0131rlatan G\u00fcner, bu konuda gerekli fizibilite \u00e7al\u0131\u015fmalar\u0131n\u0131n yap\u0131ld\u0131\u011f\u0131n\u0131 ve aksayan y\u00f6nlerin belirlendi\u011fini kaydetti. G\u00fcner, \u201cYa\u011fmur suyu giderlerimizi komple kontrol ederek elden ge\u00e7irdik. K\u0131r\u0131k olanlar\u0131 onard\u0131k, yetersiz olanlar\u0131 b\u00fcy\u00fctt\u00fck. B\u00fct\u00fcn ya\u011fmur suyu giderlerimizdeki sebze ve meyve at\u0131klar\u0131ndan olu\u015fan t\u0131kanmalar\u0131n \u00f6n\u00fcne ge\u00e7mek i\u00e7in rutin olarak 3 ayda bir temizli\u011fe tabi tuttuk. Ya\u011fan ya\u011fmurlarda vatanda\u015flar\u0131m\u0131z ve \u00fcreticilerimiz i\u00e7in \u00f6nemli bir sorun olan su bask\u0131nlar\u0131ndan kaynakl\u0131 mal kayb\u0131n\u0131n \u00f6n\u00fcne ge\u00e7mi\u015f olduk\u201d dedi.<\/p>\n<p>\u201cT\u00fcm taleplerimiz yerine getirildi\u201d<\/p>\n<p>Mersin Ya\u015f Sebze Meyve Komisyoncular Dernek Ba\u015fkan\u0131 M\u00fcnir \u015een, hal esnaf\u0131n\u0131n pandemi d\u00f6neminde de yaln\u0131z b\u0131rak\u0131lmad\u0131\u011f\u0131n\u0131, hijyen ve sa\u011fl\u0131k hizmetlerinin art\u0131r\u0131larak s\u00fcrd\u00fcr\u00fcld\u00fc\u011f\u00fcn\u00fc belirterek, \u201cSosyal belediyecilik ad\u0131na pik yapm\u0131\u015f durumday\u0131z\u201d dedi. \u015een,  Hal Kompleksi\u2019ne yap\u0131lan hizmetlere ili\u015fkin yapt\u0131\u011f\u0131 de\u011ferlendirmede, \u015funlar\u0131 s\u00f6yledi:<\/p>\n<p>\u201cMersin B\u00fcy\u00fck\u015fehir Belediye Ba\u015fkan\u0131m\u0131z Vahap Se\u00e7er camiam\u0131z i\u00e7in bir \u015fans. Tar\u0131m sekt\u00f6r\u00fcn\u00fcn t\u00fcm sorunlar\u0131na en az bizim kadar vak\u0131f. Bu nedenle kendi sorunlar\u0131m\u0131z\u0131 rahatl\u0131kla aktarabiliyoruz. G\u00f6reve geldi\u011fi g\u00fcnden bu g\u00fcne kadar t\u00fcm taleplerimiz yerine getirildi. \u00d6zellikle fiziki olarak Halimiz\u2019in t\u00fcm ihtiya\u00e7lar\u0131 giderilmi\u015f durumda. Y\u0131llard\u0131r trafik sorunu vard\u0131 Hal\u2019de. B\u00fcy\u00fck\u015fehir Belediye Ba\u015fkan\u0131\u2019m\u0131zla beraber biz bunu \u00e7\u00f6zd\u00fck. Otobana direk ba\u011flant\u0131l\u0131 sevkiyat \u00e7\u0131k\u0131\u015f kap\u0131m\u0131z yap\u0131l\u0131yor. Trafi\u011fin rahatlamas\u0131 a\u00e7\u0131s\u0131ndan ciddi bir kolayl\u0131k olu\u015fturacak. Di\u011fer taraftan yaya yollar\u0131m\u0131z yap\u0131ld\u0131. \u00d6zellikle ye\u015fillendirme konusunda ciddi \u00e7al\u0131\u015fmalar devam ediyor. Otopark alanlar\u0131 tahsis edildi. Yap\u0131m\u0131 planlanan bir so\u011fuk hava projemiz var. D\u00fcnyada ilk olan bir kre\u015fimiz var. Yap\u0131m\u0131 devam eden ve bug\u00fcnlerde bitecek olan g\u00fcne\u015f enerjisi ile \u00e7al\u0131\u015facak olan bir G\u0131da Kurutma Tesisimiz var. Yakla\u015f\u0131k 25 kad\u0131n istihdam edilecek. Yine B\u00fcy\u00fck\u015fehir\u2019le beraber T\u00fcrkiye\u2019de ilk olmak \u00fczere \u00e7\u00f6p po\u015fetleme sistemine ge\u00e7tik. Biz \u00e7\u00f6plerimizi po\u015fetliyoruz, B\u00fcy\u00fck\u015fehir Belediyesi bunlar\u0131 kap\u0131m\u0131zdan al\u0131p \u00e7\u00f6p toplama merkezine kadar g\u00f6t\u00fcr\u00fcyor. Bu \u00e7al\u0131\u015fma sa\u011fl\u0131k ve g\u00f6r\u00fcnt\u00fc a\u00e7\u0131s\u0131ndan Halimiz\u2019e b\u00fcy\u00fck bir de\u011fer kazand\u0131rd\u0131. Bug\u00fcn d\u0131\u015fardan Hal\u2019e girince zaten fark\u0131; e\u011fer daha \u00f6nce girdiyseniz; g\u00f6zle g\u00f6r\u00fcn\u00fcr bir \u015fekilde hissedersiniz.\u201d<\/p>\n","protected":false},"excerpt":{"rendered":"<p>B\u00fcy\u00fck\u015fehir Belediyesi, y\u00fcr\u00fctt\u00fc\u011f\u00fc \u00e7al\u0131\u015fmalarla Mersin Merkez Hal Kompleksi\u2019ne modern ve \u00e7a\u011fda\u015f bir yap\u0131 kazand\u0131r\u0131yor. B\u00fcy\u00fck\u015fehir\u2019in b\u00fcnyesine kazand\u0131rd\u0131\u011f\u0131 \u2018M\u00fcnir \u00d6zkul Kre\u015fi\u2019 ile T\u00fcrkiye\u2019de bir ilk olma \u00f6zelli\u011fi ta\u015f\u0131yan Hal Kompleksi\u2019nde trafik &hellip; <a href=\"https:\/\/akdenizolaygazetesi.com\/?p=11217\" class=\"more-link\">Devam\u0131n\u0131 Oku&#8230;<\/a><\/p>\n","protected":false},"author":2,"featured_media":11218,"comment_status":"open","ping_status":"open","sticky":false,"template":"","format":"standard","meta":[],"categories":[34,1,2,3,5],"tags":[],"_links":{"self":[{"href":"https:\/\/akdenizolaygazetesi.com\/index.php?rest_route=\/wp\/v2\/posts\/11217"}],"collection":[{"href":"https:\/\/akdenizolaygazetesi.com\/index.php?rest_route=\/wp\/v2\/posts"}],"about":[{"href":"https:\/\/akdenizolaygazetesi.com\/index.php?rest_route=\/wp\/v2\/types\/post"}],"author":[{"embeddable":true,"href":"https:\/\/akdenizolaygazetesi.com\/index.php?rest_route=\/wp\/v2\/users\/2"}],"replies":[{"embeddable":true,"href":"https:\/\/akdenizolaygazetesi.com\/index.php?rest_route=%2Fwp%2Fv2%2Fcomments&post=11217"}],"version-history":[{"count":1,"href":"https:\/\/akdenizolaygazetesi.com\/index.php?rest_route=\/wp\/v2\/posts\/11217\/revisions"}],"predecessor-version":[{"id":11219,"href":"https:\/\/akdenizolaygazetesi.com\/index.php?rest_route=\/wp\/v2\/posts\/11217\/revisions\/11219"}],"wp:featuredmedia":[{"embeddable":true,"href":"https:\/\/akdenizolaygazetesi.com\/index.php?rest_route=\/wp\/v2\/media\/11218"}],"wp:attachment":[{"href":"https:\/\/akdenizolaygazetesi.com\/index.php?rest_route=%2Fwp%2Fv2%2Fmedia&parent=11217"}],"wp:term":[{"taxonomy":"category","embeddable":true,"href":"https:\/\/akdenizolaygazetesi.com\/index.php?rest_route=%2Fwp%2Fv2%2Fcategories&post=11217"},{"taxonomy":"post_tag","embeddable":true,"href":"https:\/\/akdenizolaygazetesi.com\/index.php?rest_route=%2Fwp%2Fv2%2Ftags&post=11217"}],"curies":[{"name":"wp","href":"https:\/\/api.w.org\/{rel}","templated":true}]}}