{"id":1122,"date":"2020-11-04T18:21:42","date_gmt":"2020-11-04T15:21:42","guid":{"rendered":"http:\/\/mersinekonomipolitikagazetesi.com\/?p=1122"},"modified":"2020-11-04T18:21:42","modified_gmt":"2020-11-04T15:21:42","slug":"mersinde-engelliler-soleni-suruyor","status":"publish","type":"post","link":"https:\/\/akdenizolaygazetesi.com\/?p=1122","title":{"rendered":"Mersin&#8217;de Engelliler \u015e\u00f6leni s\u00fcr\u00fcyor"},"content":{"rendered":"<p>Mersin B\u00fcy\u00fck\u015fehir Belediyesi taraf\u0131ndan, Engelliler Haftas\u0131 dolay\u0131s\u0131yla \u0130\u00e7el Anadolu Lisesi\u2019nde &#8216;Engelleri empati ile a\u015fal\u0131m&#8217; etkinli\u011fi d\u00fczenlendi.<\/p>\n<p>Mersin B\u00fcy\u00fck\u015fehir Belediyesi, engelli bireylerin g\u00fcnl\u00fck hayatta ya\u015fad\u0131klar\u0131 fiziki engellere dikkat \u00e7ekerek, zorluklar\u0131 herkesin anlayabilmesi i\u00e7in her ay farkl\u0131 mek\u00e2nlarda hayata ge\u00e7irdi\u011fi &#8216;Engelleri empati ile a\u015fal\u0131m&#8217; adl\u0131 fark\u0131ndal\u0131k etkinli\u011fini, bu ay 10. Geleneksel Mersin Engelliler Haftas\u0131 \u015e\u00f6leni kapsam\u0131nda Mezitli\u2019deki \u0130\u00e7el Anadolu Lisesi\u2019nde d\u00fczenledi.<br \/>\nEy\u00fcp G\u00f6kt\u00fcrk Spor Salonunda yap\u0131lan programda, \u00f6\u011frencilerin kendilerini 5 dakika da olsa g\u00f6rme, ortopedik, i\u015fitme engelli ve di\u011fer engel gruplar\u0131ndan herhangi birinin yerine koyabilmeleri sa\u011fland\u0131. Etkinlik kapsam\u0131nda Mersin B\u00fcy\u00fck\u015fehir Belediyesi Engelliler Dairesi Ba\u015fkanl\u0131\u011f\u0131\u2019nda uzman psikolog olarak g\u00f6rev yapan Gizem G\u00f6\u00e7t\u00fc ile y\u00fcr\u00fcme engeli bulunan \u0130tfaiye personellerinden Kenan \u00d6zkan dans g\u00f6sterisi sergiledi.<br \/>\nTekerlekli sandalye \u00fczerinde bile olsa istedikten sonra engelli bireylerin de her t\u00fcrden faaliyete etkin olarak kat\u0131labileceklerini ortaya koyan g\u00f6steri, salonu dolduranlardan b\u00fcy\u00fck alk\u0131\u015f ald\u0131.<br \/>\nDans g\u00f6sterisinin ard\u0131ndan Engelliler Dairesi Ba\u015fkanl\u0131\u011f\u0131nda \u00e7al\u0131\u015fan ve g\u00f6rme engeli bulunan Serdar Bilge, g\u00f6rme engeline ra\u011fmen nas\u0131l bilgisayar kullanabildi\u011fini ve kullanmay\u0131 \u00f6\u011frenmek i\u00e7in neler yap\u0131lmas\u0131 gerekti\u011fini uygulamal\u0131 olarak \u00f6\u011frencilere g\u00f6sterdi.<br \/>\n\u0130\u00e7el Anadolu Lisesi Okul M\u00fcd\u00fcr\u00fc Yusuf Ada, spor salonuna kurulan engelli y\u00fcr\u00fcme band\u0131nda g\u00f6zleri ba\u011fl\u0131 bir \u015fekilde y\u00fcr\u00fcmeye \u00e7al\u0131\u015ft\u0131 ve kendisini engelli bireylerin yerinde hissederek y\u00fcr\u00fcme denemesi ger\u00e7ekle\u015ftirdi. Ayn\u0131 zamanda g\u00f6n\u00fcll\u00fc \u00f6\u011frenciler de g\u00f6zleri ba\u011fl\u0131 bir \u015fekilde engelli y\u00fcr\u00fcme band\u0131nda y\u00fcr\u00fcd\u00fcler, tekerlekli sandalyede nas\u0131l hareket edildi\u011fini denediler ve b\u00f6ylelikle engellilerin ya\u015fad\u0131\u011f\u0131 zorluklar\u0131 deneyimleme f\u0131rsat\u0131na eri\u015ftiler.<\/p>\n","protected":false},"excerpt":{"rendered":"<p>Mersin B\u00fcy\u00fck\u015fehir Belediyesi taraf\u0131ndan, Engelliler Haftas\u0131 dolay\u0131s\u0131yla \u0130\u00e7el Anadolu Lisesi\u2019nde &#8216;Engelleri empati ile a\u015fal\u0131m&#8217; etkinli\u011fi d\u00fczenlendi. Mersin B\u00fcy\u00fck\u015fehir Belediyesi, engelli bireylerin g\u00fcnl\u00fck hayatta ya\u015fad\u0131klar\u0131 fiziki engellere dikkat \u00e7ekerek, zorluklar\u0131 herkesin &hellip; <a href=\"https:\/\/akdenizolaygazetesi.com\/?p=1122\" class=\"more-link\">Devam\u0131n\u0131 Oku&#8230;<\/a><\/p>\n","protected":false},"author":1,"featured_media":0,"comment_status":"open","ping_status":"open","sticky":false,"template":"","format":"standard","meta":[],"categories":[],"tags":[],"_links":{"self":[{"href":"https:\/\/akdenizolaygazetesi.com\/index.php?rest_route=\/wp\/v2\/posts\/1122"}],"collection":[{"href":"https:\/\/akdenizolaygazetesi.com\/index.php?rest_route=\/wp\/v2\/posts"}],"about":[{"href":"https:\/\/akdenizolaygazetesi.com\/index.php?rest_route=\/wp\/v2\/types\/post"}],"author":[{"embeddable":true,"href":"https:\/\/akdenizolaygazetesi.com\/index.php?rest_route=\/wp\/v2\/users\/1"}],"replies":[{"embeddable":true,"href":"https:\/\/akdenizolaygazetesi.com\/index.php?rest_route=%2Fwp%2Fv2%2Fcomments&post=1122"}],"version-history":[{"count":0,"href":"https:\/\/akdenizolaygazetesi.com\/index.php?rest_route=\/wp\/v2\/posts\/1122\/revisions"}],"wp:attachment":[{"href":"https:\/\/akdenizolaygazetesi.com\/index.php?rest_route=%2Fwp%2Fv2%2Fmedia&parent=1122"}],"wp:term":[{"taxonomy":"category","embeddable":true,"href":"https:\/\/akdenizolaygazetesi.com\/index.php?rest_route=%2Fwp%2Fv2%2Fcategories&post=1122"},{"taxonomy":"post_tag","embeddable":true,"href":"https:\/\/akdenizolaygazetesi.com\/index.php?rest_route=%2Fwp%2Fv2%2Ftags&post=1122"}],"curies":[{"name":"wp","href":"https:\/\/api.w.org\/{rel}","templated":true}]}}