{"id":11220,"date":"2021-03-09T12:49:52","date_gmt":"2021-03-09T09:49:52","guid":{"rendered":"http:\/\/akdenizolaygazetesi.com\/?p=11220"},"modified":"2021-03-09T12:49:52","modified_gmt":"2021-03-09T09:49:52","slug":"akdenizde-kadin-olmak-fotograf-sergisi","status":"publish","type":"post","link":"https:\/\/akdenizolaygazetesi.com\/?p=11220","title":{"rendered":"AKDEN\u0130ZDE KADIN OLMAK FOTO\u011eRAF SERG\u0130S\u0130"},"content":{"rendered":"<p>Akdeniz Belediyesi, \u20188 Mart D\u00fcnya Emek\u00e7i Kad\u0131nlar G\u00fcn\u00fc\u2019 dolay\u0131s\u0131yla, \u201cAkdeniz\u2019de Kad\u0131n Olmak\u201d ad\u0131yla bir foto\u011fraf sergisine imza att\u0131. Yo\u011fun ilgi alt\u0131nda ger\u00e7ekle\u015fen sergide; \u00fcreten, \u00e7al\u0131\u015fan emek\u00e7i kad\u0131nlar\u0131 yans\u0131tan 44 foto\u011fraf sergilendi.<\/p>\n<p>Kad\u0131n ve Aile Hizmetleri M\u00fcd\u00fcrl\u00fc\u011f\u00fc taraf\u0131ndan d\u00fczenlenen foto\u011fraf sergisine; Akdeniz Belediye Ba\u015fkan\u0131 M. Mustafa G\u00fcltak, Akdeniz Kaymakam\u0131 Muhittin Pamuk, KKTC Ba\u015fkonsolosu Zalihe Mendeli, AK Parti \u0130l\u00e7e Ba\u015fkan\u0131 Emin Gen\u00e7, kurum m\u00fcd\u00fcrleri, kad\u0131n muhtarlar, siyasi parti, sivil toplum \u00f6rg\u00fct\u00fc ve dernek temsilcileri ile vatanda\u015flar kat\u0131ld\u0131.<\/p>\n<p>Ba\u015fkan G\u00fcltak; \u201cHakk\u0131n\u0131z\u0131 ancak kendiniz s\u00f6ke s\u00f6ke alabilirsiniz\u201d<\/p>\n<p>G\u00fcn\u00fcn anlam ve \u00f6nemine de\u011finen Ba\u015fkan G\u00fcltak, \u201c\u00c7al\u0131\u015fan t\u00fcm d\u00fcnya kad\u0131nlar\u0131n\u0131n, \u015fehit annelerimizin ve \u015fehit e\u015flerinin Kad\u0131nlar G\u00fcn\u00fc kutlu olsun. Sadece 1 g\u00fcn de\u011fil, 365 g\u00fcn kad\u0131nlar g\u00fcn\u00fc ve anneler g\u00fcn\u00fc olsun. Maalesef hala kad\u0131na y\u00f6nelik \u015fiddet olaylar\u0131 var. Kad\u0131na \u015fiddet, tahamm\u00fcl edilebilecek bir konu de\u011fildir. Toplumu \u00f6yle e\u011fitmeliyiz ki ne kad\u0131na, ne hayvana ne de herhangi bir canl\u0131ya \u015fiddet uygulanmamal\u0131. Kad\u0131nlar, hayat\u0131n ve siyasetin i\u00e7inde olmal\u0131. Tabi bunu erkeklerden beklemeyin. Bu hakk\u0131n\u0131z\u0131 \u00f6ncelikle istemeniz, m\u00fccadele ederek s\u00f6ke s\u00f6ke alman\u0131z gerekiyor. \u0130n\u015fallah bizden sonra Akdeniz\u2019e gelecek olan belediye ba\u015fkan\u0131 da bir kad\u0131n olur\u201d ifadelerini kulland\u0131.<\/p>\n<p>\u201cKad\u0131n kooperatiflerimizin yan\u0131nday\u0131z\u201d<\/p>\n<p>Ba\u015fkan G\u00fcltak, Akdeniz Belediyesi\u2019nin deste\u011fi ve kat\u0131l\u0131m\u0131yla kurulan 3 tane kooperatif oldu\u011funu kaydederek; \u201cBu kooperatiflerden iki tanesi kad\u0131n kooperatifi. Yo\u011fun bir \u00fcretim ve sat\u0131\u015f yaparak kazan\u00e7 sa\u011fl\u0131yorlar. Kad\u0131n\u0131n \u00fcretime d\u00e2hil olup kendi paras\u0131n\u0131 kazanmas\u0131, kendisine olan \u00f6zg\u00fcvenini de artt\u0131r\u0131r.<\/p>\n<p>\u0130ki kad\u0131n ve bir engelli kooperatifimizi destekledik ve onlara, \u015fehrimizin en hareketli caddelerinden birinde yer verdik. Mimarlar\u0131m\u0131z, kooperatiflerimizin i\u00e7inde sat\u0131\u015f yapt\u0131\u011f\u0131 park\u0131, kad\u0131n fig\u00fcrlerinin bulundu\u011fu heykel ve LED \u0131\u015f\u0131klarla s\u00fcsleyerek farkl\u0131 bir g\u00f6r\u00fcn\u00fcm kazand\u0131racaklar. B\u00f6ylelikle kad\u0131nlar, orada \u00fcrettikleri \u00fcr\u00fcnleri, g\u0131dalar\u0131 satarak hem katma de\u011fer elde edecekler hem de evlerine \u00f6zg\u00fcven i\u00e7inde d\u00f6necekler\u201d diye konu\u015ftu.<\/p>\n<p>Ba\u015fkan G\u00fcltak, Ba\u011fc\u0131lar \u0130hsaniye (Melemez) mahallesinde ya\u015fayan kad\u0131nlar i\u00e7in 5 adet ek\u015fi mayal\u0131 ekmek f\u0131r\u0131n\u0131 yapt\u0131klar\u0131n\u0131; mahalle evlerinde 700 civar\u0131nda kad\u0131n\u0131n meslek ve beceri e\u011fitimleri ald\u0131klar\u0131n\u0131 ve kursiyer kad\u0131nlara, 30 lira g\u00fcnl\u00fck \u00fccret \u00f6dendi\u011fini belirtti.<\/p>\n<p>Kaymakam Pamuk; \u201cKad\u0131n sorunu, sadece kad\u0131nlar\u0131n sorunu de\u011fildir\u201d<\/p>\n<p>Akdeniz Kaymakam\u0131 Muhittin Pamuk da konu\u015fmas\u0131nda, \u201cKad\u0131na d\u00f6n\u00fck ayr\u0131mc\u0131l\u0131k ve \u015fiddetle g\u00fcndeme gelmemiz hepimizi \u00fcz\u00fcyor. Kad\u0131n sorunu, sadece kad\u0131n sorunu de\u011fildir. Demokratik, m\u00fcreffeh, zengin bir \u00fclke olmay\u0131 hedefliyorsak, kad\u0131n\u0131n sosyal stat\u00fcs\u00fcn\u00fc mutlaka g\u00fc\u00e7lendirmek zorunday\u0131z. Hayat\u0131n her an\u0131na emekleriyle de\u011fer katan t\u00fcm kad\u0131nlar\u0131n kad\u0131nlar g\u00fcn\u00fcn\u00fc kutluyorum\u201d \u015feklinde konu\u015ftu.<\/p>\n<p>Ba\u015fkonsolos Mendeli; \u201cK\u0131br\u0131s\u2019\u0131n 50 milletvekilinden sadece 9 tanesi kad\u0131n\u201d<\/p>\n<p>Etkinlikte s\u00f6z alan KKTC Mersin Ba\u015fkonsolosu da Zalihe Mendeli de kad\u0131n-erkek e\u015fitli\u011fi, kad\u0131n\u0131n siyasetteki yeri, toplumdaki stat\u00fcs\u00fc, kad\u0131n sorunlar\u0131 gibi sorunlarla g\u00fcndeme geliyoruz. Bu durum, KKTC\u2019de de pek farkl\u0131 de\u011fil. Ayn\u0131 sorunlarla kar\u015f\u0131la\u015f\u0131yoruz. K\u0131br\u0131s\u2019ta kad\u0131nlar\u0131n e\u011fitim seviyesi y\u00fcksek olmas\u0131na ra\u011fmen, toplumda hak ettikleri yerde de\u011filler. Bizde, 2018 se\u00e7imlerinde 50 tane milletvekili mevcut. Bu 50 milletvekilinden de sadece 9 tanesi kad\u0131nd\u0131r. G\u00f6n\u00fcl isterdi ki daha fazlas\u0131 olsun. Sadece 1 tane kad\u0131n bakan\u0131m\u0131z vard\u0131r. Bakt\u0131\u011f\u0131m\u0131z zaman ayn\u0131 sorunlar\u0131 ya\u015f\u0131yoruz. Fakat b\u00fcy\u00fck bir gururla s\u00f6ylemek istiyorum. D\u0131\u015fi\u015fleri Bakanl\u0131\u011f\u0131\u2019nda durum \u00f6yle de\u011fil. Bizler, diplomatlar olarak s\u0131navla i\u015fe giriyoruz. Fakat m\u00fcnhal kadro s\u0131navlar\u0131na girdi\u011fimizde a\u00e7\u0131lan 10 s\u0131navdan 8 veya 9\u2019unu kad\u0131nlar kazan\u0131yor. D\u0131\u015fi\u015flerinde \u00fcst seviye y\u00fckselme s\u0131navlar\u0131nda yine daha \u00e7ok kad\u0131nlar ba\u015far\u0131l\u0131 oluyor. Bunu gururla s\u00f6yl\u00fcyorum. Kad\u0131nlar\u0131n yan\u0131nda olan Akdeniz Belediyemize de te\u015fekk\u00fcr ediyor, kad\u0131nlar g\u00fcn\u00fcn\u00fc kutluyorum\u201d ifadelerini kulland\u0131.<\/p>\n<p>Foto\u011fraf sergi, belediye binas\u0131nda a\u00e7\u0131k<\/p>\n<p>Konu\u015fmalar\u0131n ard\u0131ndan Ba\u015fkan G\u00fcltak, Akdenizli kad\u0131nlar\u0131 temsilen, e\u015fi Behiye G\u00fcltak\u2019a \u00e7i\u00e7ek takdim etti. Ayr\u0131ca Kaymakam Pamuk; K\u0131br\u0131s Ba\u015fkonsolosu Mendeli\u2019ye, Akdenizli kad\u0131n kooperatiflerinin \u00fcr\u00fcnlerinden olu\u015fan hediye sepetini takdim etti. Sonras\u0131nda da \u2018Akdeniz\u2019de Kad\u0131n Olmak\u2019 adl\u0131 serginin a\u00e7\u0131l\u0131\u015f\u0131 ger\u00e7ekle\u015fti. Protokol \u00fcyeleri, konuklar ve her ya\u015ftan vatanda\u015f, Akdenizli emek\u00e7i kad\u0131nlar\u0131 anlatan sergiyi be\u011feniyle gezdi. Emek\u00e7i kad\u0131nlar\u0131 anlatan foto\u011fraflar, belediye binas\u0131 giri\u015fi ile \u00fcst katlar\u0131nda sergilenmeye devam ediyor.<\/p>\n","protected":false},"excerpt":{"rendered":"<p>Akdeniz Belediyesi, \u20188 Mart D\u00fcnya Emek\u00e7i Kad\u0131nlar G\u00fcn\u00fc\u2019 dolay\u0131s\u0131yla, \u201cAkdeniz\u2019de Kad\u0131n Olmak\u201d ad\u0131yla bir foto\u011fraf sergisine imza att\u0131. Yo\u011fun ilgi alt\u0131nda ger\u00e7ekle\u015fen sergide; \u00fcreten, \u00e7al\u0131\u015fan emek\u00e7i kad\u0131nlar\u0131 yans\u0131tan 44 foto\u011fraf &hellip; <a href=\"https:\/\/akdenizolaygazetesi.com\/?p=11220\" class=\"more-link\">Devam\u0131n\u0131 Oku&#8230;<\/a><\/p>\n","protected":false},"author":2,"featured_media":11222,"comment_status":"open","ping_status":"open","sticky":false,"template":"","format":"standard","meta":[],"categories":[34,1,2,3,5],"tags":[],"_links":{"self":[{"href":"https:\/\/akdenizolaygazetesi.com\/index.php?rest_route=\/wp\/v2\/posts\/11220"}],"collection":[{"href":"https:\/\/akdenizolaygazetesi.com\/index.php?rest_route=\/wp\/v2\/posts"}],"about":[{"href":"https:\/\/akdenizolaygazetesi.com\/index.php?rest_route=\/wp\/v2\/types\/post"}],"author":[{"embeddable":true,"href":"https:\/\/akdenizolaygazetesi.com\/index.php?rest_route=\/wp\/v2\/users\/2"}],"replies":[{"embeddable":true,"href":"https:\/\/akdenizolaygazetesi.com\/index.php?rest_route=%2Fwp%2Fv2%2Fcomments&post=11220"}],"version-history":[{"count":1,"href":"https:\/\/akdenizolaygazetesi.com\/index.php?rest_route=\/wp\/v2\/posts\/11220\/revisions"}],"predecessor-version":[{"id":11223,"href":"https:\/\/akdenizolaygazetesi.com\/index.php?rest_route=\/wp\/v2\/posts\/11220\/revisions\/11223"}],"wp:featuredmedia":[{"embeddable":true,"href":"https:\/\/akdenizolaygazetesi.com\/index.php?rest_route=\/wp\/v2\/media\/11222"}],"wp:attachment":[{"href":"https:\/\/akdenizolaygazetesi.com\/index.php?rest_route=%2Fwp%2Fv2%2Fmedia&parent=11220"}],"wp:term":[{"taxonomy":"category","embeddable":true,"href":"https:\/\/akdenizolaygazetesi.com\/index.php?rest_route=%2Fwp%2Fv2%2Fcategories&post=11220"},{"taxonomy":"post_tag","embeddable":true,"href":"https:\/\/akdenizolaygazetesi.com\/index.php?rest_route=%2Fwp%2Fv2%2Ftags&post=11220"}],"curies":[{"name":"wp","href":"https:\/\/api.w.org\/{rel}","templated":true}]}}