{"id":11224,"date":"2021-03-09T12:55:19","date_gmt":"2021-03-09T09:55:19","guid":{"rendered":"http:\/\/akdenizolaygazetesi.com\/?p=11224"},"modified":"2021-03-09T12:55:19","modified_gmt":"2021-03-09T09:55:19","slug":"yenisehirde-uretici-kadinlar-birlikte-gucleniyor","status":"publish","type":"post","link":"https:\/\/akdenizolaygazetesi.com\/?p=11224","title":{"rendered":"YEN\u0130\u015eEH\u0130R&#8217;DE \u00dcRET\u0130C\u0130 KADINLAR B\u0130RL\u0130KTE G\u00dc\u00c7LEN\u0130YOR"},"content":{"rendered":"<p>Mersin Yeni\u015fehir Belediyesi ve Yeni\u015fehir Kent Konseyi\u2019nin 8 Mart D\u00fcnya Kad\u0131nlar G\u00fcn\u00fc kapsam\u0131nda \u2018\u00dcreten Kad\u0131nlar Birlikte G\u00fc\u00e7l\u00fc\u2019 slogan\u0131yla d\u00fczenledi\u011fi etkinlik kad\u0131n \u00fcreticileri bir araya getirdi. 12 Mart Cuma g\u00fcn\u00fcne kadar s\u00fcrecek etkinlikte \u00fcretici kad\u0131nlar hediyelik e\u015fya, el sanatlar\u0131, tak\u0131 tasar\u0131m, el yap\u0131m\u0131 ve organik \u00fcr\u00fcn stantlar\u0131nda Mersinlilerle bulu\u015fuyor. Etkinlik alan\u0131na gelenler foto\u011fraf sanat\u00e7\u0131s\u0131 Sevtap \u0130nal\u2019\u0131n foto\u011fraf sergisini gezme olana\u011f\u0131 da buluyor. Yeni\u015fehir Belediye Ba\u015fkan\u0131 Abdullah \u00d6zyi\u011fit etkinli\u011fin ilk g\u00fcn\u00fcnde kad\u0131n \u00fcreticileri yaln\u0131z b\u0131rakmad\u0131.<\/p>\n<p>Hayat\u0131n her alan\u0131nda kad\u0131n \u00fcreticilerin yan\u0131nda olan Mersin Yeni\u015fehir Belediyesi ve Yeni\u015fehir Kent Konseyi 8 Mart D\u00fcnya Kad\u0131nlar G\u00fcn\u00fc kapsam\u0131nda \u2018\u00dcreten Kad\u0131nlar Birlikte G\u00fc\u00e7l\u00fc\u2019 slogan\u0131yla etkinlik d\u00fczenliyor. Forum AVM\u2019nin g\u00fcneyinde yer alan meydanda d\u00fczenlenen etkinlikte 120 stant yer al\u0131yor. Etkinlikte ayr\u0131ca Mersin Foto\u011fraf Derne\u011fi Y\u00f6netim Kurulu \u00dcyesi Sevtap \u0130nal da uluslararas\u0131 alanda \u00f6d\u00fcl alan 20 foto\u011fraf\u0131n\u0131n yer ald\u0131\u011f\u0131 sergiyi ziyaret\u00e7ilerin be\u011fenisine sundu. Kad\u0131n \u00fcreticilerin stantlar\u0131n\u0131 tek tek gezen ve 8 Mart D\u00fcnya Kad\u0131nlar G\u00fcn\u00fc\u2019n\u00fc kutlayan Yeni\u015fehir Belediye Ba\u015fkan\u0131 Abdullah \u00d6zyi\u011fit, kad\u0131nlar\u0131n e\u015fit, \u00f6zg\u00fcr ve ayd\u0131nl\u0131k yar\u0131nlarda yer almas\u0131 i\u00e7in m\u00fccadele edeceklerini s\u00f6yledi.<\/p>\n<p>Kad\u0131nlar \u00fcretiyor \u00f6zg\u00fcvenleri art\u0131yor<\/p>\n<p>Mersin Yeni\u015fehir Belediyesi ve Yeni\u015fehir Kent Konseyi\u2019nin etkinlikleri sayesinde Mersinlilerle bulu\u015fan, \u00fcr\u00fcnlerini tan\u0131tma ve satma olana\u011f\u0131 yakalayan \u00fcretici kad\u0131nlar uygulamadan memnun.<\/p>\n<p>Tasar\u0131m\u0131n\u0131 ve \u00fcretimini yapt\u0131\u011f\u0131 bir birinden farkl\u0131 bez bebek fig\u00fcrlerinin sat\u0131\u015f\u0131n\u0131 yapan Meral Kaya, Yeni\u015fehir Belediyesi ve Yeni\u015fehir Kent Konseyi\u2019nin her f\u0131rsatta kad\u0131n \u00fcreticilerinin yan\u0131nda olmas\u0131ndan dolay\u0131 mutlu olduklar\u0131n\u0131 s\u00f6yledi. Daha \u00f6nce hi\u00e7bir i\u015fte \u00e7al\u0131\u015fmad\u0131\u011f\u0131n\u0131 ve pandemi dolay\u0131s\u0131yla ekonomik anlamda zor g\u00fcnler ge\u00e7irdiklerini anlatan Meral Kaya, kendi imk\u00e2nlar\u0131 ile \u00f6\u011frendi\u011fi oyuncak sanat\u0131ndan elde etti\u011fi gelirle ekonomik olarak rahatlad\u0131\u011f\u0131n\u0131 ifade etti. Kaya, \u201cDaha \u00f6nce 14 \u015eubat\u2019ta da stant a\u00e7m\u0131\u015ft\u0131k. Burada sat\u0131\u015flar\u0131m\u0131z \u00e7ok g\u00fczeldi, b\u00fct\u00fcn \u00fcr\u00fcnlerimi satm\u0131\u015ft\u0131m. Yeni\u015fehir Belediye Ba\u015fkan\u0131 Abdullah \u00d6zyi\u011fit ve Yeni\u015fehir Kent Konseyi Ba\u015fkan\u0131 Dilek Han\u0131m bizlerle ilgileniyor ve bizler i\u00e7in \u00e7abal\u0131yorlar onlara te\u015fekk\u00fcr ediyorum, onlar\u0131n sayesinde bizlere de \u00f6zg\u00fcven geldi. \u00dcniversitede okuyan \u00e7ocuklar\u0131ma para g\u00f6nderme s\u0131k\u0131nt\u0131m kalmad\u0131, kredi kart\u0131m\u0131 kendim \u00f6deye biliyorum art\u0131k. Bu benim i\u00e7in g\u00fczel bir mutluluk\u201d dedi.<\/p>\n<p>8 Mart D\u00fcnya Kad\u0131nlar G\u00fcn\u00fc\u2019nde Yeni\u015fehir Belediyesi ve Yeni\u015fehir Kent Konseyi\u2019nin b\u00f6yle bir etkinlik d\u00fczenlemesinden memnun kald\u0131klar\u0131n\u0131 belirten tak\u0131 tasar\u0131mc\u0131s\u0131 Nurcan Demirkol da , \u201cEl sanatlar\u0131m\u0131z\u0131 sergileme f\u0131rsat\u0131 verilmesi \u00e7ok g\u00fczel bir duygu. Yeni\u015fehir Belediyesine bizlere b\u00f6yle bir imk\u00e2n tan\u0131d\u0131\u011f\u0131 i\u00e7in te\u015fekk\u00fcr ediyorum. Bizlere de\u011fer verilmesi daha \u00e7ok mutlu ediyor. Daha \u00f6nce yapt\u0131\u011f\u0131m \u00fcr\u00fcnleri satam\u0131yordum Yeni\u015fehir Belediyesi\u2019nin sundu\u011fu imk\u00e2nla sat\u0131\u015f\u0131n\u0131 yap\u0131yorum, ekonomik anlamda g\u00fc\u00e7lenmeye ba\u015flad\u0131m. Mutfak masraflar\u0131m\u0131 azda olsa kar\u015f\u0131layabiliyorum\u201d ifadelerini kulland\u0131.<\/p>\n<p>Mersin Yeni\u015fehir Belediyesi ile Yeni\u015fehir Kent Konseyi\u2019nin d\u00fczenledi\u011fi etkinlik 12 Mart Cuma ak\u015fam\u0131na kadar s\u00fcrecek.<\/p>\n","protected":false},"excerpt":{"rendered":"<p>Mersin Yeni\u015fehir Belediyesi ve Yeni\u015fehir Kent Konseyi\u2019nin 8 Mart D\u00fcnya Kad\u0131nlar G\u00fcn\u00fc kapsam\u0131nda \u2018\u00dcreten Kad\u0131nlar Birlikte G\u00fc\u00e7l\u00fc\u2019 slogan\u0131yla d\u00fczenledi\u011fi etkinlik kad\u0131n \u00fcreticileri bir araya getirdi. 12 Mart Cuma g\u00fcn\u00fcne kadar &hellip; <a href=\"https:\/\/akdenizolaygazetesi.com\/?p=11224\" class=\"more-link\">Devam\u0131n\u0131 Oku&#8230;<\/a><\/p>\n","protected":false},"author":2,"featured_media":11225,"comment_status":"open","ping_status":"open","sticky":false,"template":"","format":"standard","meta":[],"categories":[34,1,2,3,5],"tags":[],"_links":{"self":[{"href":"https:\/\/akdenizolaygazetesi.com\/index.php?rest_route=\/wp\/v2\/posts\/11224"}],"collection":[{"href":"https:\/\/akdenizolaygazetesi.com\/index.php?rest_route=\/wp\/v2\/posts"}],"about":[{"href":"https:\/\/akdenizolaygazetesi.com\/index.php?rest_route=\/wp\/v2\/types\/post"}],"author":[{"embeddable":true,"href":"https:\/\/akdenizolaygazetesi.com\/index.php?rest_route=\/wp\/v2\/users\/2"}],"replies":[{"embeddable":true,"href":"https:\/\/akdenizolaygazetesi.com\/index.php?rest_route=%2Fwp%2Fv2%2Fcomments&post=11224"}],"version-history":[{"count":1,"href":"https:\/\/akdenizolaygazetesi.com\/index.php?rest_route=\/wp\/v2\/posts\/11224\/revisions"}],"predecessor-version":[{"id":11226,"href":"https:\/\/akdenizolaygazetesi.com\/index.php?rest_route=\/wp\/v2\/posts\/11224\/revisions\/11226"}],"wp:featuredmedia":[{"embeddable":true,"href":"https:\/\/akdenizolaygazetesi.com\/index.php?rest_route=\/wp\/v2\/media\/11225"}],"wp:attachment":[{"href":"https:\/\/akdenizolaygazetesi.com\/index.php?rest_route=%2Fwp%2Fv2%2Fmedia&parent=11224"}],"wp:term":[{"taxonomy":"category","embeddable":true,"href":"https:\/\/akdenizolaygazetesi.com\/index.php?rest_route=%2Fwp%2Fv2%2Fcategories&post=11224"},{"taxonomy":"post_tag","embeddable":true,"href":"https:\/\/akdenizolaygazetesi.com\/index.php?rest_route=%2Fwp%2Fv2%2Ftags&post=11224"}],"curies":[{"name":"wp","href":"https:\/\/api.w.org\/{rel}","templated":true}]}}