{"id":11227,"date":"2021-03-09T18:38:11","date_gmt":"2021-03-09T15:38:11","guid":{"rendered":"http:\/\/akdenizolaygazetesi.com\/?p=11227"},"modified":"2021-03-09T18:38:11","modified_gmt":"2021-03-09T15:38:11","slug":"baskan-yilmaz-dunya-kadinlar-gununde-felcli-hasta-kestaneoglunu-da-unutmadi","status":"publish","type":"post","link":"https:\/\/akdenizolaygazetesi.com\/?p=11227","title":{"rendered":"BA\u015eKAN YILMAZ, D\u00dcNYA KADINLAR G\u00dcN\u00dcNDE FEL\u00c7L\u0130 HASTA KESTANEO\u011eLU&#8217;NU DA UNUTMADI"},"content":{"rendered":"<p>Kestaneo\u011flu &#8220;18 y\u0131ld\u0131r omurilik felcinden dolay\u0131 Kad\u0131nlar G\u00fcn\u00fcn\u00fc kutlayam\u0131yorum. Benim i\u00e7in art\u0131k anlam\u0131 olmad\u0131\u011f\u0131n\u0131 d\u00fc\u015f\u00fcnd\u00fc\u011f\u00fcm bir anda \u00e7i\u00e7eklerle kap\u0131m\u0131n \u00e7almas\u0131 ve ne kadar \u00f6zel ve g\u00fc\u00e7l\u00fc oldu\u011fumuzu hissettiren bir mektup almak beni ger\u00e7ekten duyguland\u0131rd\u0131. Ats\u0131z Ba\u015fkan\u0131m\u0131za minnettar\u0131m&#8221; dedi<\/p>\n<p>Toroslar Belediye Ba\u015fkan\u0131 Ats\u0131z Af\u015f\u0131nY\u0131lmaz, D\u00fcnya Kad\u0131nlar G\u00fcn\u00fcnde fel\u00e7li ve yatalak hasta olan 41 ya\u015f\u0131ndaki Hanife Sibel Kestaneo\u011flu&#8217;nu da unutmad\u0131.<\/p>\n<p>17 ya\u015f\u0131ndayken ge\u00e7irdi\u011fi omurilik felci nedeniyle y\u00fcr\u00fcyemeyen ve o g\u00fcnden bug\u00fcne yata\u011fa ba\u011f\u0131ml\u0131 kalan Kestaneo\u011flu, Ba\u015fkan Y\u0131lmaz&#8217;\u0131n kendisine g\u00f6nderdi\u011fi mektup, \u00e7i\u00e7ek ve hediye kar\u015f\u0131s\u0131nda mutlulu\u011funu gizleyemedi.<\/p>\n<p>Toroslar \u0130l\u00e7esi \u00c7avu\u015flu Mahallesi&#8217;ndeki evinde annesinin yard\u0131m\u0131yla hayat\u0131n\u0131 idame ettiren Kestaneo\u011flu&#8217;nu, Belediye Meclis \u00dcyesi Fatma \u00d6zer, Sosyal ve Sa\u011fl\u0131k \u0130\u015fleri Ba\u015fkan Yard\u0131mc\u0131s\u0131 \u015eeyda G\u00fclden, Sosyal \u0130\u015fler M\u00fcd\u00fcr\u00fc H\u00fclya Yard\u0131mc\u0131 G\u00fcl ve T\u00fcrkiye Sakatlar Derne\u011fi Mersin \u015eube Ba\u015fkan\u0131 M\u00fcrsel \u00c7ift\u00e7i ziyaret etti.<\/p>\n<p>&#8220;Ba\u015fkan\u0131m\u0131zdan Allah Raz\u0131 Olsun&#8221;<\/p>\n<p>Ba\u015fkan Y\u0131lmaz&#8217;\u0131n Kad\u0131nlar G\u00fcn\u00fc kutlama mesaj\u0131n\u0131n ve hediyesinin iletildi\u011fi ziyaret ile \u00e7ok duyguland\u0131\u011f\u0131n\u0131 belirten Kestaneo\u011flu, Ba\u015fkan Y\u0131lmaz&#8217;a te\u015fekk\u00fcr ederek; &#8220;17 ya\u015f\u0131ndayken genetik bir hastal\u0131k y\u00fcz\u00fcnden ameliyat ge\u00e7irdim. Omurili\u011fimde t\u00fcm\u00f6r vard\u0131. Al\u0131nd\u0131ktan 5 y\u0131l sonra \u00fcreme yapt\u0131. 18 y\u0131l \u00f6nce tekrar tedavi oldum. Beyincik ve omurili\u011fin aras\u0131nda oldu\u011fu i\u00e7in tamamen fel\u00e7 kalma ihtimalim vard\u0131. O y\u00fczden ameliyat olamad\u0131m. O g\u00fcnden bug\u00fcne kadar y\u00fcr\u00fcyemiyorum. Sadece hastaneye gitmek i\u00e7in d\u0131\u015far\u0131 \u00e7\u0131k\u0131yorum. Bu ziyaretinizle beni \u00e7ok mutlu ettiniz. Bug\u00fcn\u00fcn D\u00fcnya Kad\u0131nlar G\u00fcn\u00fc oldu\u011funu Ba\u015fkan\u0131m\u0131z\u0131n benim i\u00e7in \u00f6zel olarak kaleme ald\u0131\u011f\u0131 mektup ve hediyesiyle daha iyi anlad\u0131m. Ba\u015fkan\u0131m\u0131z\u0131n bu g\u00fczel d\u00fc\u015f\u00fcncesi, engellilerin en \u00f6nemli ihtiyac\u0131n\u0131n empati oldu\u011funu da g\u00f6stermektedir. Ba\u015fkan\u0131m\u0131zdan Allah raz\u0131 olsun&#8221; dedi.<\/p>\n<p>&#8220;Engellilerimizle Sadece Ayn\u0131 Ortam\u0131 De\u011fil, Toplumsal Hayat\u0131 Da Payla\u015fmal\u0131y\u0131z&#8221;<\/p>\n<p>Toroslar Belediye Ba\u015fkan\u0131 Ats\u0131z Af\u015f\u0131n Y\u0131lmaz, Kestaneo\u011flu&#8217;na ge\u00e7mi\u015f olsun dileklerini ileterek, D\u00fcnya Kad\u0131nlar G\u00fcn\u00fc&#8217;n\u00fc kutlad\u0131.<\/p>\n<p>Engelli bireylere empati ile yakla\u015f\u0131lmas\u0131n\u0131n \u00f6nemine de\u011finen Ba\u015fkan Y\u0131lmaz; &#8220;\u00c7avu\u015flu Mahallemizde annesinin yard\u0131m\u0131yla hayat\u0131n\u0131 idame ettiren Hanife Han\u0131m&#8217;\u0131n uzun s\u00fcredir hastal\u0131\u011f\u0131ndan dolay\u0131 d\u0131\u015far\u0131 \u00e7\u0131kamad\u0131\u011f\u0131n\u0131 \u00f6\u011frendik. D\u00fcnya Kad\u0131nlar G\u00fcn\u00fc&#8217;nde kendisine mektubumuzu ve hediyelerimizi ula\u015ft\u0131rd\u0131k. Toroslar Belediyesi olarak il\u00e7emizde ya\u015fayan engelli vatanda\u015flar\u0131m\u0131z\u0131n ya\u015fam standartlar\u0131n\u0131n en \u00fcst seviyeye \u00e7\u0131kar\u0131lmas\u0131 i\u00e7in imkanlar\u0131m\u0131z \u00f6l\u00e7\u00fcs\u00fcnde destek vermeye ve yanlar\u0131nda olmaya devam edece\u011fiz&#8221; \u015feklinde konu\u015ftu.<\/p>\n","protected":false},"excerpt":{"rendered":"<p>Kestaneo\u011flu &#8220;18 y\u0131ld\u0131r omurilik felcinden dolay\u0131 Kad\u0131nlar G\u00fcn\u00fcn\u00fc kutlayam\u0131yorum. Benim i\u00e7in art\u0131k anlam\u0131 olmad\u0131\u011f\u0131n\u0131 d\u00fc\u015f\u00fcnd\u00fc\u011f\u00fcm bir anda \u00e7i\u00e7eklerle kap\u0131m\u0131n \u00e7almas\u0131 ve ne kadar \u00f6zel ve g\u00fc\u00e7l\u00fc oldu\u011fumuzu hissettiren bir mektup &hellip; <a href=\"https:\/\/akdenizolaygazetesi.com\/?p=11227\" class=\"more-link\">Devam\u0131n\u0131 Oku&#8230;<\/a><\/p>\n","protected":false},"author":2,"featured_media":11229,"comment_status":"open","ping_status":"open","sticky":false,"template":"","format":"standard","meta":[],"categories":[34,1,2,3,5],"tags":[],"_links":{"self":[{"href":"https:\/\/akdenizolaygazetesi.com\/index.php?rest_route=\/wp\/v2\/posts\/11227"}],"collection":[{"href":"https:\/\/akdenizolaygazetesi.com\/index.php?rest_route=\/wp\/v2\/posts"}],"about":[{"href":"https:\/\/akdenizolaygazetesi.com\/index.php?rest_route=\/wp\/v2\/types\/post"}],"author":[{"embeddable":true,"href":"https:\/\/akdenizolaygazetesi.com\/index.php?rest_route=\/wp\/v2\/users\/2"}],"replies":[{"embeddable":true,"href":"https:\/\/akdenizolaygazetesi.com\/index.php?rest_route=%2Fwp%2Fv2%2Fcomments&post=11227"}],"version-history":[{"count":1,"href":"https:\/\/akdenizolaygazetesi.com\/index.php?rest_route=\/wp\/v2\/posts\/11227\/revisions"}],"predecessor-version":[{"id":11230,"href":"https:\/\/akdenizolaygazetesi.com\/index.php?rest_route=\/wp\/v2\/posts\/11227\/revisions\/11230"}],"wp:featuredmedia":[{"embeddable":true,"href":"https:\/\/akdenizolaygazetesi.com\/index.php?rest_route=\/wp\/v2\/media\/11229"}],"wp:attachment":[{"href":"https:\/\/akdenizolaygazetesi.com\/index.php?rest_route=%2Fwp%2Fv2%2Fmedia&parent=11227"}],"wp:term":[{"taxonomy":"category","embeddable":true,"href":"https:\/\/akdenizolaygazetesi.com\/index.php?rest_route=%2Fwp%2Fv2%2Fcategories&post=11227"},{"taxonomy":"post_tag","embeddable":true,"href":"https:\/\/akdenizolaygazetesi.com\/index.php?rest_route=%2Fwp%2Fv2%2Ftags&post=11227"}],"curies":[{"name":"wp","href":"https:\/\/api.w.org\/{rel}","templated":true}]}}