{"id":11237,"date":"2021-03-10T14:07:17","date_gmt":"2021-03-10T11:07:17","guid":{"rendered":"http:\/\/akdenizolaygazetesi.com\/?p=11237"},"modified":"2021-03-10T14:07:17","modified_gmt":"2021-03-10T11:07:17","slug":"kariyer-merkezi-paydaslarla-bulusmayi-surduruyor","status":"publish","type":"post","link":"https:\/\/akdenizolaygazetesi.com\/?p=11237","title":{"rendered":"KAR\u0130YER MERKEZ\u0130, PAYDA\u015eLARLA BULU\u015eMAYI S\u00dcRD\u00dcR\u00dcYOR"},"content":{"rendered":"<p>Mersin B\u00fcy\u00fck\u015fehir Belediyesi Kariyer Merkezi, payda\u015flarla bulu\u015fmaya devam ediyor. Kariyer Merkezi M\u00fcd\u00fcrl\u00fc\u011f\u00fc\u2019nde Mersin Ticaret ve Sanayi Odas\u0131\u2019n\u0131n (MTSO) \u00fcst y\u00f6netiminin a\u011f\u0131rland\u0131\u011f\u0131 bir toplant\u0131 ger\u00e7ekle\u015ftirildi. Toplant\u0131da; Kariyer Merkezi\u2019nin 2020 y\u0131l\u0131nda ger\u00e7ekle\u015ftirdi\u011fi projeler ve hizmetleri ile 2021 y\u0131l\u0131 i\u00e7in planlanan projeleri g\u00fcndeme geldi. MTSO Ba\u015fkan\u0131 Ayhan K\u0131z\u0131ltan, bir\u00e7ok ortak proje ger\u00e7ekle\u015ftirdikleri Kariyer Merkezi\u2019nin pandemiye ra\u011fmen k\u0131sa zamanda b\u00fcy\u00fck i\u015fler ba\u015fard\u0131\u011f\u0131n\u0131 s\u00f6yledi.<\/p>\n<p>MERS\u0130N\/(FOTO\u011eRAFLI-G\u00d6R\u00dcNT\u00dcL\u00dc)<\/p>\n<p>\u0130\u015f arayanlara, \u00f6\u011frencilere ve i\u015fverenlere profesyonel rehberlik hizmeti sunmak amac\u0131yla kurulan Mersin B\u00fcy\u00fck\u015fehir Belediyesi Kariyer Merkezi, ger\u00e7ekle\u015ftirdi\u011fi ba\u015far\u0131l\u0131 hizmetleri ve 2021 y\u0131l\u0131nda planlad\u0131\u011f\u0131 projeleri i\u015fg\u00fcc\u00fc piyasas\u0131n\u0131n akt\u00f6rleri ve payda\u015flarla payla\u015fmaya devam ediyor.<\/p>\n<p>Bu do\u011frultuda Kariyer Merkezi M\u00fcd\u00fcrl\u00fc\u011f\u00fc\u2019nde, Mersin Ticaret ve Sanayi Odas\u0131\u2019n\u0131n \u00fcst y\u00f6netiminin kat\u0131ld\u0131\u011f\u0131 bir toplant\u0131 ger\u00e7ekle\u015ftirildi. Mersin Ticaret ve Sanayi Odas\u0131 Y\u00f6netim Kurulu Ba\u015fkan\u0131 Ayhan K\u0131z\u0131ltan, Mersin B\u00fcy\u00fck\u015fehir Belediyesi Bas\u0131n Yay\u0131n ve Halkla \u0130li\u015fkiler Dairesi Ba\u015fkan\u0131 Bedrettin G\u00fcnde\u015f, E\u011fitim ve Kalk\u0131nma Vakf\u0131 Ba\u015fkan\u0131 Sad\u0131k \u00c7a\u011fatay G\u00fcne\u015f, E\u011fitim Komitesi ba\u015fkan ve \u00fcyeleri Tamer G\u00fcner, Yal\u00e7\u0131n Balc\u0131 ve Halil K\u00fcrek\u2019in kat\u0131l\u0131m g\u00f6sterdi\u011fi toplant\u0131da; Kariyer Merkezi\u2019nin 2020 y\u0131l\u0131nda ger\u00e7ekle\u015ftirdi\u011fi projeler ve hizmetleri ile 2021 y\u0131l\u0131 i\u00e7inde hayata ge\u00e7irece\u011fi projeler konu\u015fuldu.<\/p>\n<p>Kariyer Merkezi, i\u015fverenler ile temas\u0131n\u0131 s\u00fcrd\u00fcr\u00fcyor<\/p>\n<p>Kariyer Merkezi M\u00fcd\u00fcr\u00fc Serkan \u00d6zada, Kariyer Merkezi\u2019nin bir vizyon projesi oldu\u011funu, i\u015f arayanlara ve \u00f6\u011frencilere profesyonel rehberlik hizmeti verilmesinin yan\u0131 s\u0131ra i\u015fverenlere y\u00f6nelik faaliyetleriyle de benzer di\u011fer merkezlerden ayr\u0131\u015ft\u0131klar\u0131n\u0131 belirtti. \u00d6zada, i\u015fg\u00fcc\u00fc piyasas\u0131n\u0131 izleyen de\u011fil y\u00f6nlendiren bir Kariyer Merkezi olarak i\u015fverenler ile do\u011frudan temas halinde olduklar\u0131n\u0131 s\u00f6yledi. Pandemi s\u00fcrecinde ger\u00e7ekle\u015ftirilen hizmetleri s\u00fcrece uygun olarak dijital ve \u00e7evrimi\u00e7i y\u00f6ntemlerle sunduklar\u0131n\u0131n alt\u0131n\u0131 \u00e7izen \u00d6zada, T\u00fcrkiye\u2019de ilk olarak Online Kariyer G\u00fcnleri\u2019nin yap\u0131ld\u0131\u011f\u0131n\u0131 s\u00f6yledi. \u00d6zada, Kariyer Merkezi koordinesinde, 36 kurum ve kurulu\u015fun i\u015fbirli\u011fi ile kurulan \u2018\u0130\u015fg\u00fcc\u00fc Piyasas\u0131 Koordinasyon Kurulu\u2019 projesi ile insan kaynaklar\u0131 \u00e7er\u00e7evesinde kurumlar aras\u0131 i\u015f birli\u011finin odak noktas\u0131 haline geldiklerini belirtti.<\/p>\n<p>2021 d\u00f6nemi projeler y\u0131l\u0131 olacak<\/p>\n<p>2021 y\u0131l\u0131nda \u2018Ask\u0131da Kariyer\u2019, \u2018\u0130\u015fin Olsun Mersin\u2019, \u2018Sanal Kariyer Fuarlar\u0131\u2019, \u2018M\u00fclakat Sim\u00fclasyonlar\u0131\u2019, \u2018Kariyer Mersin B\u00fclten\u2019 gibi bir\u00e7ok projeyi hayata ge\u00e7ireceklerini aktaran \u00d6zada, Mersin Ticaret ve Sanayi Odas\u0131 Y\u00f6netim Kurulu Ba\u015fkan\u0131 Ayhan K\u0131z\u0131ltan\u2019a kuruldu\u011fu g\u00fcnden bu yana Kariyer Merkezi ile yapt\u0131klar\u0131 i\u015fbirli\u011fi nedeniyle te\u015fekk\u00fcr etti.<\/p>\n<p>K\u0131z\u0131ltan: \u201c1 senede \u00e7ok yol al\u0131nd\u0131\u201d<\/p>\n<p>Kariyer Merkezi\u2019nin i\u015f arayanlar, \u00f6\u011frenciler ve i\u015f d\u00fcnyas\u0131 i\u00e7in \u00e7ok \u00f6nemli bir proje oldu\u011funu, adaylar\u0131n i\u015f arama becerilerini geli\u015ftirdi\u011fini belirten Mersin Ticaret ve Sanayi Odas\u0131 Y\u00f6netim Kurulu Ba\u015fkan\u0131 Ayhan K\u0131z\u0131ltan, MTSO i\u015fbirli\u011finde de bir\u00e7ok ortak proje ger\u00e7ekle\u015ftirdikleri Kariyer Merkezi\u2019nin \u00e7ok k\u0131sa zamanda, pandemiye ra\u011fmen b\u00fcy\u00fck i\u015fler ba\u015fard\u0131\u011f\u0131n\u0131 s\u00f6yledi. K\u0131z\u0131ltan, \u201cBizim i\u015f d\u00fcnyas\u0131nda s\u0131k s\u0131k dile getirilen bir konu var; \u2018nitelikli personel bulam\u0131yoruz\u2019. Nitelikli personelin de i\u015f bulamama gibi bir problemi var. Kariyer Merkezi geni\u015f bir i\u015f birli\u011fi ve diyalogla i\u015fsizlik, i\u015f bulamama, \u00e7al\u0131\u015fan bulamama sorununa bir \u00e7\u00f6z\u00fcm getirdi diye d\u00fc\u015f\u00fcn\u00fcyorum. 1 senede \u00e7ok yol al\u0131nd\u0131. Pandeminin etkisiyle biraz s\u0131n\u0131rl\u0131 kald\u0131 ama yine de \u00e7ok b\u00fcy\u00fck i\u015fler ba\u015fard\u0131. \u0130\u015f d\u00fcnyas\u0131nda, \u00e7al\u0131\u015fanlar\u0131n d\u00fcnyas\u0131nda \u00e7ok b\u00fcy\u00fck bir yer ald\u0131n\u0131z. \u00c7ok b\u00fcy\u00fck destek veren bir kurum. Te\u015fekk\u00fcr ediyorum\u201d dedi. MTSO E\u011fitim ve Kalk\u0131nma Vakf\u0131 Ba\u015fkan\u0131 Sad\u0131k \u00c7a\u011fatay Aslan ise Kariyer Merkezi\u2019nin i\u015f d\u00fcnyas\u0131na y\u00f6nelik bir\u00e7ok projede Mersin i\u00e7in \u00f6nc\u00fc oldu\u011funu belirtti.<\/p>\n<p>G\u00fcnde\u015f: \u201cKariyer Merkezi \u00e7ok \u00f6nemli bir g\u00f6rev \u00fcstlendi\u201d<\/p>\n<p>Mersin B\u00fcy\u00fck\u015fehir Belediyesi\u2019ndeki istihdam\u0131n kurumsal bir \u00e7er\u00e7evede y\u00fcr\u00fcmesi, do\u011fru ki\u015finin do\u011fru pozisyona yerle\u015ftirilmesi a\u00e7\u0131s\u0131ndan Kariyer Merkezi\u2019nin sadece \u00f6zel sekt\u00f6re de\u011fil belediyenin i\u00e7 mekanizmas\u0131na da destek sundu\u011funu belirten Bas\u0131n Yay\u0131n ve Halkla \u0130li\u015fkiler Dairesi Ba\u015fkan\u0131 Bedrettin G\u00fcnde\u015f, 2020 d\u00f6neminde yap\u0131lan \u00e7al\u0131\u015fmalar\u0131n ba\u015far\u0131l\u0131 oldu\u011funu ifade etti. G\u00fcnde\u015f, \u201cKariyer Merkezi, i\u015f arayanlarla i\u015fverenin i\u015fini kolayla\u015ft\u0131rmak i\u00e7in \u00e7ok \u00f6nemli bir g\u00f6rev \u00fcstlendi. Kariyer Merkezi i\u015fin \u00f6znesi olarak i\u015fi kolayla\u015ft\u0131rma yoluna gitti, \u00e7ok da ba\u015far\u0131l\u0131 sonu\u00e7lar ald\u0131. Ba\u015fkan\u0131m\u0131z da Kariyer Merkezi\u2019ni \u00e7ok \u00f6nemsiyor\u201d diye konu\u015ftu.<\/p>\n<p>Kariyer Merkezi\u2019ne 2020 y\u0131l\u0131nda 16 bin kay\u0131t yap\u0131ld\u0131<\/p>\n<p>Pandemi s\u00fcrecinde Mersin i\u015f d\u00fcnyas\u0131n\u0131 uluslararas\u0131 ve ulusal markalar\u0131n profesyonel y\u00f6neticileri ile bulu\u015fturan Kariyer Merkezi\u2019nin \u2018Dijital Liderler Mersin\u2019de Projesi\u2019 ile 10 programa 650 ki\u015fi kat\u0131l\u0131m g\u00f6sterdi. Kentteki 4 \u00fcniversite ile i\u015fbirli\u011fi halinde ger\u00e7ekle\u015ftirilen online Kariyer Etkinlikleri ile de 450 \u00f6\u011frenciye ula\u015f\u0131ld\u0131. Toplam 1000\u2019den fazla i\u015f arayan, \u00f6\u011frenci ve i\u015fveren Kariyer Merkezi e\u011fitimlerine kat\u0131ld\u0131.<\/p>\n<p>2020 y\u0131l\u0131nda yakla\u015f\u0131k 16 bin ki\u015finin kay\u0131t yapt\u0131rd\u0131\u011f\u0131 Kariyer Merkezi\u2019ne pandemi d\u00f6neminde de\u011fi\u015fen i\u015fe al\u0131m y\u00f6ntemleri konusunda 7 bin ki\u015fiyle ileti\u015fim numaras\u0131ndan bire bir temas sa\u011flanarak rehberlik hizmeti sunuldu. \u0130\u015f arayanlar\u0131n niteliklerini geli\u015ftirmesi ve m\u00fclakat deneyimi kazanmas\u0131 amac\u0131yla toplam 26 adet m\u00fclakat sim\u00fclasyonu etkinli\u011fi d\u00fczenlenerek adaylar\u0131n firmalarla bulu\u015fmas\u0131 sa\u011fland\u0131.<\/p>\n","protected":false},"excerpt":{"rendered":"<p>Mersin B\u00fcy\u00fck\u015fehir Belediyesi Kariyer Merkezi, payda\u015flarla bulu\u015fmaya devam ediyor. Kariyer Merkezi M\u00fcd\u00fcrl\u00fc\u011f\u00fc\u2019nde Mersin Ticaret ve Sanayi Odas\u0131\u2019n\u0131n (MTSO) \u00fcst y\u00f6netiminin a\u011f\u0131rland\u0131\u011f\u0131 bir toplant\u0131 ger\u00e7ekle\u015ftirildi. Toplant\u0131da; Kariyer Merkezi\u2019nin 2020 y\u0131l\u0131nda ger\u00e7ekle\u015ftirdi\u011fi &hellip; <a href=\"https:\/\/akdenizolaygazetesi.com\/?p=11237\" class=\"more-link\">Devam\u0131n\u0131 Oku&#8230;<\/a><\/p>\n","protected":false},"author":2,"featured_media":11238,"comment_status":"open","ping_status":"open","sticky":false,"template":"","format":"standard","meta":[],"categories":[34,1,2,3,5],"tags":[],"_links":{"self":[{"href":"https:\/\/akdenizolaygazetesi.com\/index.php?rest_route=\/wp\/v2\/posts\/11237"}],"collection":[{"href":"https:\/\/akdenizolaygazetesi.com\/index.php?rest_route=\/wp\/v2\/posts"}],"about":[{"href":"https:\/\/akdenizolaygazetesi.com\/index.php?rest_route=\/wp\/v2\/types\/post"}],"author":[{"embeddable":true,"href":"https:\/\/akdenizolaygazetesi.com\/index.php?rest_route=\/wp\/v2\/users\/2"}],"replies":[{"embeddable":true,"href":"https:\/\/akdenizolaygazetesi.com\/index.php?rest_route=%2Fwp%2Fv2%2Fcomments&post=11237"}],"version-history":[{"count":1,"href":"https:\/\/akdenizolaygazetesi.com\/index.php?rest_route=\/wp\/v2\/posts\/11237\/revisions"}],"predecessor-version":[{"id":11239,"href":"https:\/\/akdenizolaygazetesi.com\/index.php?rest_route=\/wp\/v2\/posts\/11237\/revisions\/11239"}],"wp:featuredmedia":[{"embeddable":true,"href":"https:\/\/akdenizolaygazetesi.com\/index.php?rest_route=\/wp\/v2\/media\/11238"}],"wp:attachment":[{"href":"https:\/\/akdenizolaygazetesi.com\/index.php?rest_route=%2Fwp%2Fv2%2Fmedia&parent=11237"}],"wp:term":[{"taxonomy":"category","embeddable":true,"href":"https:\/\/akdenizolaygazetesi.com\/index.php?rest_route=%2Fwp%2Fv2%2Fcategories&post=11237"},{"taxonomy":"post_tag","embeddable":true,"href":"https:\/\/akdenizolaygazetesi.com\/index.php?rest_route=%2Fwp%2Fv2%2Ftags&post=11237"}],"curies":[{"name":"wp","href":"https:\/\/api.w.org\/{rel}","templated":true}]}}