{"id":11243,"date":"2021-03-10T14:12:46","date_gmt":"2021-03-10T11:12:46","guid":{"rendered":"http:\/\/akdenizolaygazetesi.com\/?p=11243"},"modified":"2021-03-10T14:12:46","modified_gmt":"2021-03-10T11:12:46","slug":"baskan-mustafa-gultaktan-mirac-kandili-mesaji","status":"publish","type":"post","link":"https:\/\/akdenizolaygazetesi.com\/?p=11243","title":{"rendered":"BA\u015eKAN MUSTAFA G\u00dcLTAK\u2019TAN M\u0130RA\u00c7 KAND\u0130L\u0130 MESAJI"},"content":{"rendered":"<p>Akdeniz Belediye Ba\u015fkan\u0131 M. Mustafa G\u00fcltak, Mira\u00e7 Kandili dolay\u0131s\u0131yla yapt\u0131\u011f\u0131 a\u00e7\u0131klamada, \u201cBu m\u00fcbarek g\u00fcne eri\u015fmenin huzur ve mutlulu\u011funu ya\u015f\u0131yoruz. Dualar\u0131m\u0131z kabul, kandilimiz m\u00fcbarek olsun\u201d dedi.<\/p>\n<p>Akdeniz Belediye Ba\u015fkan\u0131 Mustafa G\u00fcltak, \u201c\u00dc\u00e7 aylarda Regaip Kandiliyle ba\u015flayan m\u00fcbarek geceler, bir\u00e7ok hikmet ve bereketi de i\u00e7inde bar\u0131nd\u0131ran, Peygamber Efendimizin Y\u00fcce Allah\u2019\u0131n huzuruna kabul edili\u015fini temsil eden Mira\u00e7 Kandili ile s\u00fcrer. Mira\u00e7, Hz. Peygamber\u2019in g\u00f6\u011fe y\u00fckseli\u015fini ve Allah kat\u0131na \u00e7\u0131k\u0131\u015f\u0131n\u0131 ifade eder. B\u00f6ylesi say\u0131s\u0131z manevi g\u00fczelli\u011fin ya\u015fand\u0131\u011f\u0131, insanl\u0131\u011f\u0131n huzur buldu\u011fu, merhamet kap\u0131lar\u0131n\u0131n ard\u0131na kadar a\u00e7\u0131ld\u0131\u011f\u0131, g\u00fcnahlar\u0131n ba\u011f\u0131\u015flanmas\u0131 i\u00e7in el a\u00e7\u0131p dua edenlerin dualar\u0131n\u0131n kabul oldu\u011fu, \u0130slam tarihinin en manal\u0131 gecelerinden biri olan Mira\u00e7 Kandili, insanl\u0131k ad\u0131na da mucizelerle doludur\u201d ifadelerini kulland\u0131.<\/p>\n<p>Ba\u015fkan G\u00fcltak a\u00e7\u0131klamas\u0131n\u0131n devam\u0131nda; \u201cBu m\u00fcbarek g\u00fcn, manen ar\u0131n\u0131p, k\u00f6t\u00fcl\u00fcklerden uzak durup, \u00fcst\u00fcm\u00fcze d\u00fc\u015fen sorumluluklar\u0131 yeniden g\u00f6zden ge\u00e7irmek i\u00e7in \u00e7ok \u00f6nemli bir f\u0131rsatt\u0131r. Yard\u0131ma ihtiya\u00e7 duyanlara g\u00f6n\u00fclden destek olma, toplumun huzuru ve bar\u0131\u015f\u0131 i\u00e7in ad\u0131mlar atma, b\u00f6ylesi m\u00fcbarek aylarda ve g\u00fcnlerde daha da ayr\u0131 bir \u00f6nem kazan\u0131r. \u00d6yle ki, t\u00fcm d\u00fcnya \u00e7ok zor zamanlar ya\u015famakta, insanl\u0131k zorlu bir s\u0131navdan ge\u00e7mektedir. Bizler bu harikulade g\u00fcn\u00fc, insanl\u0131\u011f\u0131m\u0131z\u0131n sa\u011fl\u0131\u011f\u0131 ve selameti i\u00e7in ellerimizi semaya a\u00e7\u0131p dua ederek de\u011ferlendirmeliyiz. Bu duygu ve d\u00fc\u015f\u00fcncelerle Akdenizli vatanda\u015flar\u0131m\u0131z\u0131n, milletimizin ve t\u00fcm \u0130slam aleminin Mira\u00e7 Kandili\u2019ni en kalbi duygular\u0131mla kutlar, hay\u0131rlara vesile olmas\u0131n\u0131 Cenab-\u0131 Allah\u2019tan niyaz ederim\u201d diye konu\u015ftu.<\/p>\n","protected":false},"excerpt":{"rendered":"<p>Akdeniz Belediye Ba\u015fkan\u0131 M. Mustafa G\u00fcltak, Mira\u00e7 Kandili dolay\u0131s\u0131yla yapt\u0131\u011f\u0131 a\u00e7\u0131klamada, \u201cBu m\u00fcbarek g\u00fcne eri\u015fmenin huzur ve mutlulu\u011funu ya\u015f\u0131yoruz. Dualar\u0131m\u0131z kabul, kandilimiz m\u00fcbarek olsun\u201d dedi. Akdeniz Belediye Ba\u015fkan\u0131 Mustafa G\u00fcltak, &hellip; <a href=\"https:\/\/akdenizolaygazetesi.com\/?p=11243\" class=\"more-link\">Devam\u0131n\u0131 Oku&#8230;<\/a><\/p>\n","protected":false},"author":2,"featured_media":11245,"comment_status":"open","ping_status":"open","sticky":false,"template":"","format":"standard","meta":[],"categories":[34,1,2,3,5],"tags":[],"_links":{"self":[{"href":"https:\/\/akdenizolaygazetesi.com\/index.php?rest_route=\/wp\/v2\/posts\/11243"}],"collection":[{"href":"https:\/\/akdenizolaygazetesi.com\/index.php?rest_route=\/wp\/v2\/posts"}],"about":[{"href":"https:\/\/akdenizolaygazetesi.com\/index.php?rest_route=\/wp\/v2\/types\/post"}],"author":[{"embeddable":true,"href":"https:\/\/akdenizolaygazetesi.com\/index.php?rest_route=\/wp\/v2\/users\/2"}],"replies":[{"embeddable":true,"href":"https:\/\/akdenizolaygazetesi.com\/index.php?rest_route=%2Fwp%2Fv2%2Fcomments&post=11243"}],"version-history":[{"count":1,"href":"https:\/\/akdenizolaygazetesi.com\/index.php?rest_route=\/wp\/v2\/posts\/11243\/revisions"}],"predecessor-version":[{"id":11246,"href":"https:\/\/akdenizolaygazetesi.com\/index.php?rest_route=\/wp\/v2\/posts\/11243\/revisions\/11246"}],"wp:featuredmedia":[{"embeddable":true,"href":"https:\/\/akdenizolaygazetesi.com\/index.php?rest_route=\/wp\/v2\/media\/11245"}],"wp:attachment":[{"href":"https:\/\/akdenizolaygazetesi.com\/index.php?rest_route=%2Fwp%2Fv2%2Fmedia&parent=11243"}],"wp:term":[{"taxonomy":"category","embeddable":true,"href":"https:\/\/akdenizolaygazetesi.com\/index.php?rest_route=%2Fwp%2Fv2%2Fcategories&post=11243"},{"taxonomy":"post_tag","embeddable":true,"href":"https:\/\/akdenizolaygazetesi.com\/index.php?rest_route=%2Fwp%2Fv2%2Ftags&post=11243"}],"curies":[{"name":"wp","href":"https:\/\/api.w.org\/{rel}","templated":true}]}}