{"id":11247,"date":"2021-03-11T14:08:39","date_gmt":"2021-03-11T11:08:39","guid":{"rendered":"http:\/\/akdenizolaygazetesi.com\/?p=11247"},"modified":"2021-03-11T14:08:39","modified_gmt":"2021-03-11T11:08:39","slug":"kadinlar-gunu-coskusu-buyuksehirle-suruyor","status":"publish","type":"post","link":"https:\/\/akdenizolaygazetesi.com\/?p=11247","title":{"rendered":"\u2018KADINLAR G\u00dcN\u00dc\u2019 CO\u015eKUSU B\u00dcY\u00dcK\u015eEH\u0130R\u2019LE S\u00dcR\u00dcYOR"},"content":{"rendered":"<p>Mersin\u2019de \u20188 Mart D\u00fcnya Kad\u0131nlar G\u00fcn\u00fc\u2019 co\u015fkusu B\u00fcy\u00fck\u015fehir Belediyesi\u2019nin etkinlikleriyle s\u00fcr\u00fcyor. \u00d6zgecan Aslan Bar\u0131\u015f Meydan\u0131\u2019ndaki dolu dolu program ile Mersinliler, sanat\u0131n ve m\u00fczi\u011fin keyfini doyas\u0131ya \u00e7\u0131kar\u0131yor. Pandemi nedeniyle bir y\u0131la yak\u0131n s\u00fcredir sahne alamayan ve \u015fark\u0131lar\u0131n\u0131 dinleyicilerine ula\u015ft\u0131ramayan sanat\u00e7\u0131lara destek olan B\u00fcy\u00fck\u015fehir Belediyesi, etkinliklerde toplam 53 yerel sanat\u00e7\u0131ya yer veriyor. <\/p>\n<p>MERS\u0130N\/ (FOTO\u011eRAFLI-G\u00d6R\u00dcNT\u00dcL\u00dc)<\/p>\n<p>B\u00fcy\u00fck\u015fehir Belediyesi\u2019nin etkinlikleriyle Mersin\u2019de \u20188 Mart D\u00fcnya Kad\u0131nlar G\u00fcn\u00fc\u2019 co\u015fkusu t\u00fcm h\u0131z\u0131yla s\u00fcr\u00fcyor. \u00d6zgecan Aslan Bar\u0131\u015f Meydan\u0131\u2019ndaki dolu dolu program ile Mersinliler, sanat\u0131n ve m\u00fczi\u011fin keyfini doyas\u0131ya \u00e7\u0131kar\u0131yor.<\/p>\n<p>Program kapsam\u0131nda, 8 Mart D\u00fcnya Kad\u0131nlar G\u00fcn\u00fc\u2019ne \u00f6zel olarak kurulan \u00fcretici kad\u0131n stantlar\u0131nda el eme\u011fi, g\u00f6z nuru \u00fcr\u00fcnler sat\u0131\u015fa sunulmaya devam ederken, m\u00fczik, spor, dans gibi etkinlikler de alanda t\u00fcm g\u00fcn boyunca s\u00fcr\u00fcyor.<\/p>\n<p>B\u00fcy\u00fck\u015fehir, pandemi nedeniyle sahne alamayan 53 yerel sanat\u00e7\u0131ya destek oluyor<\/p>\n<p>Kad\u0131n ve Aile Hizmetleri Dairesi\u2019nin \u00f6nc\u00fcl\u00fc\u011f\u00fcnde 8 Mart D\u00fcnya Kad\u0131nlar G\u00fcn\u00fc dolay\u0131s\u0131yla \u00d6zgecan Aslan Bar\u0131\u015f Meydan\u0131\u2019nda yap\u0131lan kutlama devam ediyor. Meydanda kurulan sahnede dinletiler, danslar, foto\u011fraf g\u00f6sterimi ve DJ performanslar\u0131 t\u00fcm co\u015fkusuyla s\u00fcr\u00fcyor. K\u00fclt\u00fcr ve Sosyal \u0130\u015fler Dairesi\u2019nin koordinesinde d\u00fczenlenen 8 Mart D\u00fcnya Kad\u0131nlar G\u00fcn\u00fc Konserleri kapsam\u0131nda 14 grup konseri ve 2 akustik konser olmak \u00fczere toplam 53 yerel sanat\u00e7\u0131ya destek veriliyor. Ayr\u0131ca Mersin B\u00fcy\u00fck\u015fehir Belediyesi Kent Orkestras\u0131 da programda yerini ald\u0131.<\/p>\n<p>Pandemi nedeniyle bir y\u0131la yak\u0131n s\u00fcredir sahne alamayan ve \u015fark\u0131lar\u0131n\u0131 dinleyicilerine ula\u015ft\u0131ramayan sanat\u00e7\u0131lara B\u00fcy\u00fck\u015fehir Belediyesi bu zorlu g\u00fcnlerinde destek olmaya devam ediyor. B\u00fcy\u00fck\u015fehir Belediyesi taraf\u0131ndan d\u00fczenlenen etkinlikler kapsam\u0131nda 8 Mart\u2019ta Almin Okyanus Halla\u00e7 ile Yaren G\u00f6zc\u00fc \u015fark\u0131lar\u0131n\u0131 seslendirirken; 9 Mart\u2019ta Polen Kulkara, Tuncay Kes; 10 Mart\u2019 ta da Naciye \u00c7akmak, Pale Burcu, Cumali \u0130nce Saz Grubu ve Cem Otsekin sahne ald\u0131. 11 Mart\u2019ta Abdullah Poyraz Kahraman, \u0130lker Zorer, Family Grup, Bozuk Akorlar, 12 Mart\u2019ta ise Nemli Tel Grubu, Grup Esenler ve Grup Kako par\u00e7alar\u0131n\u0131 Mersinliler i\u00e7in seslendiriyor.<\/p>\n<p>\u00c7akmak: \u201cSahnede olman\u0131n a\u015fk\u0131n\u0131 \u00f6zl\u00fcyorsunuz\u201d<\/p>\n<p>B\u00fcy\u00fck\u015fehir Belediyesi\u2019nin etkinliklerinde sahneye \u00e7\u0131kan m\u00fczisyen Naciye \u00c7akmak, bir kad\u0131n olarak sahnede olman\u0131n verdi\u011fi mutlulu\u011fu dile getirerek, \u201cBu etkinlikte Mersin B\u00fcy\u00fck\u015fehir Belediyesi bizi halkla, dinleyicilerle tekrar bulu\u015fturdu. O evdeki birikmi\u015f enerjilerimizi en az\u0131ndan az da olsa yans\u0131t\u0131p atabildik sahnede. O y\u00fczden \u00e7ok mutluyum. Belediyemizin m\u00fczisyenlerine b\u00f6yle sahip \u00e7\u0131kmas\u0131 beni \u00e7ok mutlu etti. Sahneyi ve dinleyicilerimizi \u00e7ok \u00f6zlemi\u015fiz. Alk\u0131\u015flar\u0131, o sahnede olman\u0131n a\u015fk\u0131n\u0131 \u00f6zl\u00fcyorsunuz a\u00e7\u0131k\u00e7as\u0131. Dinleyicilerden de ayn\u0131 enerjiyi kesinlikle ald\u0131m. \u0130n\u015fallah daha nice etkinliklerimiz olur\u201d dedi.<\/p>\n<p>\u201cBize nefes ald\u0131\u011f\u0131m\u0131z\u0131 hissettiriyorlar. \u00c7\u00fcnk\u00fc sanatla nefes al\u0131yoruz\u201d<\/p>\n<p>Yakla\u015f\u0131k 15 y\u0131ld\u0131r Mersin\u2019de sahne ald\u0131\u011f\u0131n\u0131 ve m\u00fczisyenlik yapt\u0131\u011f\u0131n\u0131 ifade eden Melda Bah\u00e7\u0131van, 11 ayd\u0131r i\u015flerini yapamaman\u0131n \u00fcz\u00fcnt\u00fcs\u00fcn\u00fc ya\u015fad\u0131klar\u0131n\u0131 s\u00f6yledi. Bah\u00e7\u0131van, \u201cPandemi t\u00fcm d\u00fcnyay\u0131 \u00e7ok k\u00f6t\u00fc etkiledi. Hem maddi hem manevi olarak sanattan yoksun kald\u0131k asl\u0131nda. M\u00fczik yapmay\u0131 \u00f6zl\u00fcyoruz. Ger\u00e7ekten zor bir d\u00f6nem bizim i\u00e7in \u015fu anda. Uzun d\u00f6nemdir biz bir umutsuzluk i\u00e7erisindeydik. Ama ger\u00e7ekten hem 8 Mart D\u00fcnya Kad\u0131nlar G\u00fcn\u00fc etkinli\u011finde kad\u0131n sanat\u00e7\u0131lar olarak buraday\u0131z hem de Mersin B\u00fcy\u00fck\u015fehir Belediyesi olarak bize ger\u00e7ekten umut vadettikleri i\u00e7in \u00e7ok te\u015fekk\u00fcr ediyoruz. \u00d6ncelikle Vahap Se\u00e7er\u2019e \u00e7ok te\u015fekk\u00fcr ediyoruz. Unutulmad\u0131\u011f\u0131m\u0131z\u0131 hissediyoruz. Bize nefes ald\u0131\u011f\u0131m\u0131z\u0131 hissettiriyorlar. \u00c7\u00fcnk\u00fc biz ger\u00e7ekten sanatla nefes al\u0131yoruz. Eme\u011fi ge\u00e7en herkese \u00e7ok te\u015fekk\u00fcr ediyorum\u201d diye konu\u015ftu.<\/p>\n<p>Kad\u0131n \u00fcreticiler \u00fcr\u00fcnlerini ekonomik de\u011fere d\u00f6n\u00fc\u015ft\u00fcrmeye devam ediyor<\/p>\n<p>8 Mart D\u00fcnya Kad\u0131nlar G\u00fcn\u00fc dolay\u0131s\u0131yla \u00d6zgecan Aslan Bar\u0131\u015f Meydan\u0131\u2019nda 4 merkez il\u00e7e ba\u015fta olmak \u00fczere Silifke, Erdemli, G\u00fclnar, Mut ve Tarsus\u2019tan kad\u0131n \u00fcreticiler stant a\u00e7t\u0131. Etkinlik sayesinde kad\u0131n \u00fcreticiler \u00fcr\u00fcnlerini ekonomik de\u011fere d\u00f6n\u00fc\u015ft\u00fcrme imk\u00e2n\u0131 buluyor. 5 g\u00fcn s\u00fcrecek stant etkinli\u011finde toplam 826 kad\u0131n \u00fcretici \u00fcr\u00fcnlerini sergiliyor. Etkinlik alan\u0131na kurulan melek kanatlar\u0131, \u00e7i\u00e7eklerle s\u00fcslenmi\u015f kalp ve sal\u0131ncak \u015feklinde hat\u0131ra k\u00f6\u015felerinde de kad\u0131nlar ve \u00e7ocuklar foto\u011fraf \u00e7ektiriyor.<\/p>\n<p>\u201cBelediyemizin bizi halkla bulu\u015fturmas\u0131 m\u00fc\u015fteri potansiyelimizi olduk\u00e7a geni\u015fletiyor\u201d<\/p>\n<p>23 y\u0131ld\u0131r ar\u0131c\u0131l\u0131k yapt\u0131\u011f\u0131n\u0131 ve bu i\u015fe emek verdi\u011fini ifade eden \u0130lknur \u00c7akmak, \u201cBurada emeklerimizi sergilemeye geldik. Mersinliler bizi tan\u0131s\u0131n istedik, kad\u0131n dayan\u0131\u015fmas\u0131 i\u00e7inde olmak istedik. Ben gezginci ar\u0131c\u0131y\u0131m. K\u0131\u015f\u0131n Mersin\u2019de ya\u015f\u0131yorum, yaz\u0131n Sivas\u2019tay\u0131m. Dolay\u0131s\u0131yla \u00fcr\u00fcnlerimin sat\u0131\u015f\u0131n\u0131 da burada yap\u0131yorum. Daha geni\u015f kitlelere ula\u015fabilmek i\u00e7in, kendimi tan\u0131tabilmek i\u00e7in g\u00fczel bir f\u0131rsat. Mersin\u2019de sat\u0131\u015f\u0131m\u0131 yap\u0131yorum ama bana ula\u015fabilen \u00e7ok az insan var. Belediyemizin bu \u015fekilde bizi halkla bulu\u015fturmas\u0131 m\u00fc\u015fteri potansiyelimizi olduk\u00e7a geni\u015fletiyor. O konuda memnunuz, mutluyuz\u201d dedi.<\/p>\n<p>\u201cKad\u0131nlar i\u00e7in \u00e7ok b\u00fcy\u00fck bir giri\u015fim\u201d<\/p>\n<p>G\u00fclper Vural ise i\u015ften ayr\u0131ld\u0131\u011f\u0131n\u0131 ve evde saks\u0131 ile mum yapt\u0131\u011f\u0131n\u0131 anlatarak, B\u00fcy\u00fck\u015fehir\u2019in etkinli\u011finde yer almaktan duydu\u011fu mutlulu\u011fu ifade etti. Vural, \u201cG\u00fczel sat\u0131\u015flar yap\u0131yorum. Bu destek \u00e7ok iyi kazan\u00e7lar sa\u011fl\u0131yor. Kad\u0131nlar i\u00e7in \u00e7ok b\u00fcy\u00fck bir giri\u015fim oldu\u201d ifadelerini kulland\u0131.<\/p>\n","protected":false},"excerpt":{"rendered":"<p>Mersin\u2019de \u20188 Mart D\u00fcnya Kad\u0131nlar G\u00fcn\u00fc\u2019 co\u015fkusu B\u00fcy\u00fck\u015fehir Belediyesi\u2019nin etkinlikleriyle s\u00fcr\u00fcyor. \u00d6zgecan Aslan Bar\u0131\u015f Meydan\u0131\u2019ndaki dolu dolu program ile Mersinliler, sanat\u0131n ve m\u00fczi\u011fin keyfini doyas\u0131ya \u00e7\u0131kar\u0131yor. Pandemi nedeniyle bir y\u0131la &hellip; <a href=\"https:\/\/akdenizolaygazetesi.com\/?p=11247\" class=\"more-link\">Devam\u0131n\u0131 Oku&#8230;<\/a><\/p>\n","protected":false},"author":2,"featured_media":11248,"comment_status":"open","ping_status":"open","sticky":false,"template":"","format":"standard","meta":[],"categories":[34,1,2,3,5],"tags":[],"_links":{"self":[{"href":"https:\/\/akdenizolaygazetesi.com\/index.php?rest_route=\/wp\/v2\/posts\/11247"}],"collection":[{"href":"https:\/\/akdenizolaygazetesi.com\/index.php?rest_route=\/wp\/v2\/posts"}],"about":[{"href":"https:\/\/akdenizolaygazetesi.com\/index.php?rest_route=\/wp\/v2\/types\/post"}],"author":[{"embeddable":true,"href":"https:\/\/akdenizolaygazetesi.com\/index.php?rest_route=\/wp\/v2\/users\/2"}],"replies":[{"embeddable":true,"href":"https:\/\/akdenizolaygazetesi.com\/index.php?rest_route=%2Fwp%2Fv2%2Fcomments&post=11247"}],"version-history":[{"count":1,"href":"https:\/\/akdenizolaygazetesi.com\/index.php?rest_route=\/wp\/v2\/posts\/11247\/revisions"}],"predecessor-version":[{"id":11249,"href":"https:\/\/akdenizolaygazetesi.com\/index.php?rest_route=\/wp\/v2\/posts\/11247\/revisions\/11249"}],"wp:featuredmedia":[{"embeddable":true,"href":"https:\/\/akdenizolaygazetesi.com\/index.php?rest_route=\/wp\/v2\/media\/11248"}],"wp:attachment":[{"href":"https:\/\/akdenizolaygazetesi.com\/index.php?rest_route=%2Fwp%2Fv2%2Fmedia&parent=11247"}],"wp:term":[{"taxonomy":"category","embeddable":true,"href":"https:\/\/akdenizolaygazetesi.com\/index.php?rest_route=%2Fwp%2Fv2%2Fcategories&post=11247"},{"taxonomy":"post_tag","embeddable":true,"href":"https:\/\/akdenizolaygazetesi.com\/index.php?rest_route=%2Fwp%2Fv2%2Ftags&post=11247"}],"curies":[{"name":"wp","href":"https:\/\/api.w.org\/{rel}","templated":true}]}}