{"id":11250,"date":"2021-03-11T14:10:47","date_gmt":"2021-03-11T11:10:47","guid":{"rendered":"http:\/\/akdenizolaygazetesi.com\/?p=11250"},"modified":"2021-03-11T14:10:47","modified_gmt":"2021-03-11T11:10:47","slug":"buyuksehir-mersinlilerin-mirac-kandilini-kutladi","status":"publish","type":"post","link":"https:\/\/akdenizolaygazetesi.com\/?p=11250","title":{"rendered":"B\u00dcY\u00dcK\u015eEH\u0130R, MERS\u0130NL\u0130LER\u2019\u0130N M\u0130RA\u00c7 KAND\u0130L\u0130N\u0130 KUTLADI"},"content":{"rendered":"<p>Mersin B\u00fcy\u00fck\u015fehir Belediyesi, Mira\u00e7 Kandili dolay\u0131s\u0131yla kent genelinde kandil simidi da\u011f\u0131tarak, vatanda\u015flara \u2018hay\u0131rl\u0131 kandiller\u2019 diledi. B\u00fcy\u00fck\u015fehir ekipleri, kent genelinde 27 camide toplam 30 bin kandil simidi da\u011f\u0131tt\u0131.<\/p>\n<p>MERS\u0130N\/(FOTO\u011eRAFLI-G\u00d6R\u00dcNT\u00dcL\u00dc)<\/p>\n<p>Mersin B\u00fcy\u00fck\u015fehir Belediyesi, Mira\u00e7 Kandili dolay\u0131s\u0131yla vatanda\u015flara kandil simidi da\u011f\u0131tt\u0131. Vatanda\u015flar\u0131n kandillerini kutlayan B\u00fcy\u00fck\u015fehir ekipleri, kent genelinde toplam 30 bin kandil simidi da\u011f\u0131t\u0131m\u0131 ger\u00e7ekle\u015ftirdi. Cami \u00f6nlerinde ger\u00e7ekle\u015ftirilen da\u011f\u0131t\u0131m\u0131n yan\u0131 s\u0131ra kentin i\u015flek yerlerinde ve vatanda\u015flar\u0131n yo\u011funlu\u011funun fazla oldu\u011fu b\u00f6lgelerde de da\u011f\u0131t\u0131m yap\u0131ld\u0131.<\/p>\n<p>B\u00fcy\u00fck\u015fehir \u2018hay\u0131rl\u0131 kandiller\u2019 dileyerek kandil simidi da\u011f\u0131tt\u0131<\/p>\n<p>B\u00fcy\u00fck\u015fehir ekipleri, her kandil gecesinde oldu\u011fu gibi Mira\u00e7 Kandili i\u00e7in de cami \u00f6nlerine stant kurdu ve yats\u0131 namaz\u0131n\u0131n ard\u0131ndan kandil simitlerinin da\u011f\u0131t\u0131m\u0131n\u0131 ger\u00e7ekle\u015ftirdi. B\u00fcy\u00fck\u015fehir Belediyesi Sosyal Hizmetler Dairesi Ba\u015fkanl\u0131\u011f\u0131 koordinesinde, Mersin merkez, Tarsus, Silifke, Bozyaz\u0131, G\u00fclnar, Ayd\u0131nc\u0131k, Erdemli ve Mut il\u00e7elerinde 27 camide toplam 30 bin kandil simidi vatanda\u015flara ula\u015ft\u0131r\u0131ld\u0131.<\/p>\n","protected":false},"excerpt":{"rendered":"<p>Mersin B\u00fcy\u00fck\u015fehir Belediyesi, Mira\u00e7 Kandili dolay\u0131s\u0131yla kent genelinde kandil simidi da\u011f\u0131tarak, vatanda\u015flara \u2018hay\u0131rl\u0131 kandiller\u2019 diledi. B\u00fcy\u00fck\u015fehir ekipleri, kent genelinde 27 camide toplam 30 bin kandil simidi da\u011f\u0131tt\u0131. MERS\u0130N\/(FOTO\u011eRAFLI-G\u00d6R\u00dcNT\u00dcL\u00dc) Mersin B\u00fcy\u00fck\u015fehir &hellip; <a href=\"https:\/\/akdenizolaygazetesi.com\/?p=11250\" class=\"more-link\">Devam\u0131n\u0131 Oku&#8230;<\/a><\/p>\n","protected":false},"author":2,"featured_media":11251,"comment_status":"open","ping_status":"open","sticky":false,"template":"","format":"standard","meta":[],"categories":[34,1,2,3,5],"tags":[],"_links":{"self":[{"href":"https:\/\/akdenizolaygazetesi.com\/index.php?rest_route=\/wp\/v2\/posts\/11250"}],"collection":[{"href":"https:\/\/akdenizolaygazetesi.com\/index.php?rest_route=\/wp\/v2\/posts"}],"about":[{"href":"https:\/\/akdenizolaygazetesi.com\/index.php?rest_route=\/wp\/v2\/types\/post"}],"author":[{"embeddable":true,"href":"https:\/\/akdenizolaygazetesi.com\/index.php?rest_route=\/wp\/v2\/users\/2"}],"replies":[{"embeddable":true,"href":"https:\/\/akdenizolaygazetesi.com\/index.php?rest_route=%2Fwp%2Fv2%2Fcomments&post=11250"}],"version-history":[{"count":1,"href":"https:\/\/akdenizolaygazetesi.com\/index.php?rest_route=\/wp\/v2\/posts\/11250\/revisions"}],"predecessor-version":[{"id":11252,"href":"https:\/\/akdenizolaygazetesi.com\/index.php?rest_route=\/wp\/v2\/posts\/11250\/revisions\/11252"}],"wp:featuredmedia":[{"embeddable":true,"href":"https:\/\/akdenizolaygazetesi.com\/index.php?rest_route=\/wp\/v2\/media\/11251"}],"wp:attachment":[{"href":"https:\/\/akdenizolaygazetesi.com\/index.php?rest_route=%2Fwp%2Fv2%2Fmedia&parent=11250"}],"wp:term":[{"taxonomy":"category","embeddable":true,"href":"https:\/\/akdenizolaygazetesi.com\/index.php?rest_route=%2Fwp%2Fv2%2Fcategories&post=11250"},{"taxonomy":"post_tag","embeddable":true,"href":"https:\/\/akdenizolaygazetesi.com\/index.php?rest_route=%2Fwp%2Fv2%2Ftags&post=11250"}],"curies":[{"name":"wp","href":"https:\/\/api.w.org\/{rel}","templated":true}]}}