{"id":1126,"date":"2020-11-04T18:21:43","date_gmt":"2020-11-04T15:21:43","guid":{"rendered":"http:\/\/mersinekonomipolitikagazetesi.com\/?p=1126"},"modified":"2020-11-04T18:21:43","modified_gmt":"2020-11-04T15:21:43","slug":"karak-gorevimizin-basindayiz","status":"publish","type":"post","link":"https:\/\/akdenizolaygazetesi.com\/?p=1126","title":{"rendered":"Karak: &#8220;G\u00f6revimizin ba\u015f\u0131nday\u0131z&#8221;"},"content":{"rendered":"<p>Mersin \u0130dmanyurdu Kul\u00fcp Ba\u015fkan\u0131 Mahmut Karak, y\u00f6neticili\u011fini yapmaktan onur duydu\u011fu kul\u00fcpteki g\u00f6revine devam edece\u011fini belirterek, &#8220;\u0130ki yaz\u0131 ile iki tehdit ile iki s\u00f6zle g\u00f6revimizi b\u0131rak\u0131p gidecek insanlar de\u011filiz. Ancak biz istersek gideriz&#8221; dedi.<\/p>\n<p>Karak, baz\u0131 y\u00f6neticilerle birlikte kul\u00fcp binas\u0131nda d\u00fczenledi\u011fi toplant\u0131da, sosyal medyada yer alan baz\u0131 iddialar ile 2. lige d\u00fc\u015fen tak\u0131mlar\u0131yla ilgili \u00f6n\u00fcm\u00fczdeki d\u00f6nem yapacaklar\u0131 konusunda a\u00e7\u0131klamalarda bulundu. Konu\u015fmas\u0131na 6-5 ma\u011flup olduklar\u0131 G\u00f6ztepe kar\u015f\u0131la\u015fmas\u0131n\u0131n de\u011ferlendirmesiyle ba\u015flayan Karak, kazanabilecekleri bir ma\u00e7\u0131 adeta gol d\u00fcellosu sonucu kaybederek tak\u0131m\u0131n bir alt lige d\u00fc\u015ft\u00fc\u011f\u00fcn\u00fc s\u00f6yledi.<br \/>\nMersin \u0130dmanyurdu sevdal\u0131s\u0131 olduklar\u0131n\u0131 ve kentin markas\u0131 olan bu tak\u0131m\u0131 en iyi yerlere ta\u015f\u0131mak i\u00e7in g\u00f6rev ald\u0131klar\u0131n\u0131 belirten Karak, \u00f6nceki d\u00f6nemlerde kul\u00fcb\u00fcn iyi y\u00f6netilmedi\u011fini, kendilerinin Mersin \u0130dmanyurdu&#8217;nu yeniden aya\u011fa kald\u0131rmak ad\u0131na g\u00f6rev ve sorumluluk \u00fcstlendiklerini kaydetti. Ne kadar iyi i\u015fler yapmak i\u00e7in \u00e7aba g\u00f6stermi\u015f olsalar da kar\u015f\u0131lar\u0131nda duranlar\u0131n yine Mersin&#8217;in i\u00e7inden ki\u015filer oldu\u011funu savunan Karak, &#8220;Bu \u00e7ok ac\u0131 bir durum. Ger\u00e7ekten g\u00fcce ihtiyac\u0131m\u0131z oldu\u011fu zaman yan\u0131m\u0131zda durmayan, g\u00fc\u00e7l\u00fc olmak istedi\u011fimiz zaman bizi terk eden ve bizi s\u0131rt\u0131m\u0131zdan vurmaya \u00e7al\u0131\u015fanlar, bir avu\u00e7 insandan ileriye gitmiyor. Bu konuda \u00e7ok konu\u015fmak istemiyordum ama o kadar hakaret boyutuna varan iddialar ortaya at\u0131ld\u0131 ki, buna mecbur kald\u0131k. Buras\u0131 Mersin \u0130dmanyurdu kul\u00fcb\u00fc, \u015fahsi bir durum varsa adresimiz belli. \u0130ki adres bir biriyle kar\u0131\u015ft\u0131r\u0131lmas\u0131n. \u0130nsanlar\u0131n olmad\u0131\u011f\u0131, konu\u015famad\u0131\u011f\u0131 yerde hakarette bulunmalar\u0131, o ki\u015filerin ancak kendi \u015feref ve \u015fahsiyetlerine yak\u0131\u015f\u0131r. Biz burada onurumuzla, \u015ferefimizle bir kul\u00fcb\u00fcn y\u00f6neticili\u011fini yapmaya \u00e7al\u0131\u015f\u0131yoruz. Biz buraya g\u00f6n\u00fclden isteyerek geldik ve bu zamana kadar y\u00fcr\u00fctt\u00fck, bundan sonra da y\u00fcr\u00fctece\u011fiz. \u00c7\u00fcnk\u00fc Mersin \u0130dmanyurdu&#8217;nun ka\u00e7maya, b\u0131rakmaya yak\u0131\u015fmayacak bir tarihi var&#8221; diye konu\u015ftu.<\/p>\n<p>&#8220;Ancak biz istersek gideriz&#8221;<br \/>\nMersin \u0130dmanyurdu&#8217;nun y\u00f6neticili\u011fini yapmaya devam edeceklerini, her \u015feye ra\u011fmen dimdik ayakta durduklar\u0131n\u0131 ve duracaklar\u0131n\u0131 vurgulayan Karak, &#8220;Ancak biz istedi\u011fimiz zaman gideriz. \u0130ki yaz\u0131 ile iki tehdit ile iki s\u00f6zle g\u00f6revimizi b\u0131rak\u0131p gidecek insanlar de\u011filiz. Her alanda yap\u0131lmas\u0131 gereken m\u00fccadeleyi vermeye de y\u00f6netim olarak haz\u0131r\u0131z. Bu tak\u0131ma g\u00f6n\u00fcl vermi\u015f insanlara sesleniyorum; Mersin \u0130dmanyurdu&#8217;nun size ihtiyac\u0131 var. Mersin \u0130dmanyurdu&#8217;nun ba\u015fkan\u0131na veya hocas\u0131na yap\u0131lan hakaret, bu tak\u0131ma zarar vermekten ba\u015fka hi\u00e7bir \u015feye yaramaz. Bizler gelip ge\u00e7iciyiz, zaman\u0131 geldi\u011finde bayra\u011f\u0131 devrede gideriz&#8221; ifadelerini kulland\u0131.<br \/>\nTak\u0131mdaki baz\u0131 futbolcular\u0131n taraftarlar\u0131n g\u00f6rd\u00fc\u011f\u00fc gibi olmad\u0131\u011f\u0131n\u0131, \u00e7ok sevilen Milan Mitrovic&#8217;in &#8216;Ben oynamak istemiyorum&#8217; diyerek idmana bile \u00e7\u0131kmad\u0131\u011f\u0131n\u0131 s\u00f6yleyen Karak, &#8220;Ne s\u0131k\u0131nt\u0131lar \u00e7ekti\u011fimizi biz biliyoruz. Bir oyuncuya &#8216;oynamak istemiyorum&#8217; dedikten sonra ne yapabilirsiniz? Bunu neden s\u00f6yl\u00fcyorum, \u015fimdi bizim di\u011fer futbolcularla devam etmemiz gerekiyor. 3-4 tane futbolcuyu alttan koyup son 2 ma\u00e7ta oynataca\u011f\u0131z. Belki de hi\u00e7 bir arada oynamayan futbolcular\u0131 oynataca\u011f\u0131z&#8221; \u015feklinde konu\u015ftu.<br \/>\nMersin \u0130dmanyurdu&#8217;nun kendilerinin namusu ve \u015ferefi oldu\u011funu, tek kuru\u015funa ve tek futbolcusuna kadar korumak ve kollamak zorunda olduklar\u0131n\u0131 dile getiren Karak, \u015f\u00f6yle devam etti:<br \/>\n&#8220;Namus diye atfetti\u011fimiz bu 92 y\u0131ll\u0131k \u00e7\u0131nar\u0131 ayakta tutmaya ve y\u00fcr\u00fctmeye her zaman var\u0131z ve var olaca\u011f\u0131z. Bize, sahip \u00e7\u0131kt\u0131\u011f\u0131m\u0131z bu namusu &#8216;kap\u0131 \u00f6n\u00fcne at\u0131yor&#8217; diyenlerin, bunu ispat etmelerini bekliyoruz. \u0130spat edemezlerse bu ki\u015fileri kamuoyun taktirine b\u0131rak\u0131yoruz. Biz 2 milyon insan\u0131n bize emanet etti\u011fi Mersin \u0130dmanyurdu&#8217;nun menfaatini korumakla m\u00fckellefiz. Biz bin 300 delegenin delegeli\u011fini ask\u0131ya ald\u0131k. Ben \u015fimdi \u015funu soruyorum; bin 300 delegenin delegeli\u011fini ask\u0131ya ald\u0131\u011f\u0131m\u0131zda Mersin&#8217;i aya\u011fa kald\u0131ranlar nerede? Bu bin 300 delegenin aidat\u0131 neden \u00f6denmiyor? Bin 300 delegenin her birinin vermedi\u011fi y\u0131ll\u0131k aidat\u0131 5 y\u0131l. 500 TL ile \u00e7arparsan\u0131z, ortaya \u00e7\u0131kacak olan para transfer tahtas\u0131n\u0131 a\u00e7acak paraya denk gelir. O bin 300 ki\u015fiden \u015fu ana kadar ka\u00e7 ki\u015fi ba\u015fvurdu aidat\u0131n\u0131 \u00f6demek i\u00e7in? Sadece 1 ki\u015fi. Bunlar\u0131n hi\u00e7biri \u015fimdi konu\u015fulmuyor. O g\u00fcn havay\u0131 buland\u0131rmaya \u00e7al\u0131\u015fanlar, bug\u00fcn de ayn\u0131s\u0131n\u0131 yap\u0131yorlar. Bu ki\u015filer \u015funu iyi bilsinler ki, bize de\u011fil Mersin \u0130dmanyurdu&#8217;na zarar veriyorlar, Mersin \u0130dmanyurdu&#8217;nun gelece\u011fine zarar veriyorlar.&#8221;<\/p>\n","protected":false},"excerpt":{"rendered":"<p>Mersin \u0130dmanyurdu Kul\u00fcp Ba\u015fkan\u0131 Mahmut Karak, y\u00f6neticili\u011fini yapmaktan onur duydu\u011fu kul\u00fcpteki g\u00f6revine devam edece\u011fini belirterek, &#8220;\u0130ki yaz\u0131 ile iki tehdit ile iki s\u00f6zle g\u00f6revimizi b\u0131rak\u0131p gidecek insanlar de\u011filiz. Ancak biz &hellip; <a href=\"https:\/\/akdenizolaygazetesi.com\/?p=1126\" class=\"more-link\">Devam\u0131n\u0131 Oku&#8230;<\/a><\/p>\n","protected":false},"author":1,"featured_media":0,"comment_status":"open","ping_status":"open","sticky":false,"template":"","format":"standard","meta":[],"categories":[],"tags":[],"_links":{"self":[{"href":"https:\/\/akdenizolaygazetesi.com\/index.php?rest_route=\/wp\/v2\/posts\/1126"}],"collection":[{"href":"https:\/\/akdenizolaygazetesi.com\/index.php?rest_route=\/wp\/v2\/posts"}],"about":[{"href":"https:\/\/akdenizolaygazetesi.com\/index.php?rest_route=\/wp\/v2\/types\/post"}],"author":[{"embeddable":true,"href":"https:\/\/akdenizolaygazetesi.com\/index.php?rest_route=\/wp\/v2\/users\/1"}],"replies":[{"embeddable":true,"href":"https:\/\/akdenizolaygazetesi.com\/index.php?rest_route=%2Fwp%2Fv2%2Fcomments&post=1126"}],"version-history":[{"count":0,"href":"https:\/\/akdenizolaygazetesi.com\/index.php?rest_route=\/wp\/v2\/posts\/1126\/revisions"}],"wp:attachment":[{"href":"https:\/\/akdenizolaygazetesi.com\/index.php?rest_route=%2Fwp%2Fv2%2Fmedia&parent=1126"}],"wp:term":[{"taxonomy":"category","embeddable":true,"href":"https:\/\/akdenizolaygazetesi.com\/index.php?rest_route=%2Fwp%2Fv2%2Fcategories&post=1126"},{"taxonomy":"post_tag","embeddable":true,"href":"https:\/\/akdenizolaygazetesi.com\/index.php?rest_route=%2Fwp%2Fv2%2Ftags&post=1126"}],"curies":[{"name":"wp","href":"https:\/\/api.w.org\/{rel}","templated":true}]}}