{"id":11261,"date":"2021-03-11T17:54:21","date_gmt":"2021-03-11T14:54:21","guid":{"rendered":"http:\/\/akdenizolaygazetesi.com\/?p=11261"},"modified":"2021-03-11T17:54:21","modified_gmt":"2021-03-11T14:54:21","slug":"secer-tarsusta-kentin-ekonomisine-yon-verenlerle-bulustu","status":"publish","type":"post","link":"https:\/\/akdenizolaygazetesi.com\/?p=11261","title":{"rendered":"SE\u00c7ER, TARSUS\u2019TA KENT\u0130N EKONOM\u0130S\u0130NE Y\u00d6N VERENLERLE BULU\u015eTU"},"content":{"rendered":"<p>Ba\u015fkan Se\u00e7er, Tarsus\u2019ta Borsa, Oda, Dernek, Kooperatif ve Birlik temsilcileri ile bulu\u015ftu. Kent dinamikleriyle bir araya gelip konu\u015fman\u0131n \u00f6nemine dikkat \u00e7eken Se\u00e7er, \u201cBug\u00fcn oldu\u011fu gibi kent ekonomisine y\u00f6n veren akt\u00f6rlerin de\u011ferlendirmeleri, konu\u015fmalar\u0131, bizlerle toplant\u0131lar\u0131 \u00f6nemli\u201d diye konu\u015ftu.<\/p>\n<p>Tarsus\u2019un b\u00f6lgenin en kadim kenti oldu\u011funu vurgulayan Se\u00e7er, \u201cB\u00fcy\u00fck\u015fehir Belediye Ba\u015fkan\u0131 olarak kendi g\u00f6rev alan\u0131mda Tarsus\u2019a her t\u00fcrl\u00fc katk\u0131y\u0131, deste\u011fi verme arzusunday\u0131m. Bunu yaparken elbette ki merkezi y\u00f6netimin de buradaki deste\u011fini g\u00f6z ard\u0131 etmemek laz\u0131m. Bir ba\u015f\u0131na belediye elbette ki \u015fehrin taleplerini kar\u015f\u0131layamaz\u201d dedi.<\/p>\n<p>Ba\u015fkan Se\u00e7er, toplant\u0131 \u00f6ncesinde esnaf\u0131 ve stant a\u00e7an kad\u0131n \u00fcreticileri de ziyaret ederek, \u201chay\u0131rl\u0131 i\u015fler\u201d dile\u011finde bulundu.<\/p>\n<p>MERS\u0130N(FOTO\u011eRAFLI-G\u00d6R\u00dcNT\u00dcL\u00dc)<\/p>\n<p>Mersin B\u00fcy\u00fck\u015fehir Belediye Ba\u015fkan\u0131 Vahap Se\u00e7er, Tarsus\u2019taki Borsa, Oda, Dernek, Kooperatif ve Birlik temsilcileri ile bulu\u015ftu. Tarsus Ticaret ve Sanayi Odas\u0131 Y\u00f6netim Kurulu Ba\u015fkan\u0131 H. Ruhi Ko\u00e7ak\u2019\u0131n ev sahipli\u011finde, Tarsus Kalk\u0131nma ve \u0130\u015fbirli\u011fi Konseyi (TAK\u0130K) \u00fcyesi kurulu\u015flar\u0131n ba\u015fkanlar\u0131 ile ger\u00e7ekle\u015fen bulu\u015fmada, Mersin i\u00e7in birliktelik vurgusu yap\u0131ld\u0131.<\/p>\n<p>B\u00fcy\u00fck\u015fehir\u2019in hizmetleri konu\u015fuldu<\/p>\n<p>Hizmetler noktas\u0131nda fikir al\u0131\u015fveri\u015finin yap\u0131ld\u0131\u011f\u0131 toplant\u0131da, Tarsus ba\u015fta olmak \u00fczere Mersin genelinde hayata ge\u00e7irilen sosyal projeler, MESK\u0130 \u00e7al\u0131\u015fmalar\u0131, \u00fcreticiye y\u00f6nelik destekler, ula\u015f\u0131m, bisiklet yolu, esnafa destek gibi konular de\u011ferlendirildi. Ayr\u0131ca, Tarsus i\u00e7in \u00f6nem ta\u015f\u0131yan otel, Yarenlik Alan\u0131, Tarsus Plaj\u0131 gibi konular da masaya yat\u0131r\u0131lan konular aras\u0131nda yer ald\u0131.<\/p>\n<p>\u201cDe\u011ferli konularda bir araya gelip konu\u015fmam\u0131z laz\u0131m\u201d<\/p>\n<p>Ba\u015fkan Se\u00e7er,  bu t\u00fcr bulu\u015fmalar\u0131 \u00f6n\u00fcm\u00fczdeki s\u00fcre\u00e7 i\u00e7erisinde de s\u00fcrd\u00fcrme arzusu i\u00e7erisinde olduklar\u0131n\u0131 s\u00f6yledi. Kendilerine yap\u0131lacak ziyaretlerden her zaman i\u00e7in memnuniyet duyacaklar\u0131n\u0131 vurgulayan Se\u00e7er, \u201cBen kenti, insanlardan ald\u0131\u011f\u0131m fikirlerle, g\u00f6r\u00fc\u015flerle, \u00f6nerilerle, ele\u015ftirilerle, tenkitlerle y\u00f6netiyorum ve b\u00f6yle y\u00f6netim anlay\u0131\u015f\u0131n\u0131n da daha do\u011fru bir y\u00f6netim anlay\u0131\u015f\u0131 oldu\u011funu d\u00fc\u015f\u00fcn\u00fcyorum. \u0130nsanlarla da g\u00f6n\u00fcl ba\u011f\u0131 kuruyorsun. Bu da benim a\u00e7\u0131mdan son derece \u00f6nemli. \u0130nsanlar\u0131n birinci a\u011f\u0131zdan sohbeti, konu\u015fmas\u0131 kamuoyuna farkl\u0131 bi\u00e7imde baz\u0131 olaylar\u0131n yans\u0131mas\u0131n\u0131 da engelliyor. Birinci a\u011f\u0131zdan \u2018Ben diyor Vahap Ba\u015fkan ile konu\u015ftum. Bu konuyu sordum bana b\u00f6yle anlatt\u0131.\u2019 Bu benim a\u00e7\u0131mdan da rahat oluyor. Direkt tabi ki belki her konuda bu imk\u00e2na sahip olmayabiliriz, zaman a\u00e7\u0131s\u0131ndan, ko\u015fullar a\u00e7\u0131s\u0131ndan ama en az\u0131ndan \u00f6nemli, de\u011ferli konularda bir araya gelip konu\u015fmam\u0131z laz\u0131m. Bug\u00fcn oldu\u011fu gibi. Kent ekonomisine y\u00f6n veren akt\u00f6rlerin de\u011ferlendirmeleri, konu\u015fmalar\u0131, bizlerle toplant\u0131lar\u0131 \u00f6nemli. Yine di\u011fer sivil toplum \u00f6rg\u00fctleri, sendikalar, onlarla da bir araya geldi\u011fimizde her STK\u2019n\u0131n kendi i\u015ftigal alan\u0131ndaki konular\u0131 bizatihi, birebir konu\u015fma, tart\u0131\u015fma, belediye olarak yetkimiz \u00e7er\u00e7evesinde \u00e7\u00f6z\u00fcm \u00fcretme \u015fans\u0131 buluyoruz&#8221; dedi.<\/p>\n<p>\u201cTarsus \u00e7ok \u00f6nemli bir yer\u201d<\/p>\n<p>Tarsus\u2019un \u00f6nemine de\u011finen Ba\u015fkan Se\u00e7er, \u201cTarsus benim hayat\u0131mda do\u011fal olarak \u00f6nemli bir yer. \u00c7\u00fcnk\u00fc do\u011fdu\u011fum bir yer, \u00e7\u00fcnk\u00fc doydu\u011fum bir yer, \u00e7\u00fcnk\u00fc ailemin oldu\u011fu bir yer. Bu benim a\u00e7\u0131mdan \u00f6yle ama Mersin&#8217;in hem lokasyonuna hem de sosyo-ekonomik yap\u0131s\u0131na bakt\u0131\u011f\u0131n\u0131z zaman da Tarsus \u00e7ok \u00f6nemli bir yer. Bir kere b\u00f6lgenin en kadim kenti.  \u00c7ok de\u011ferli bir tarihi birikimi var. Her \u015feye ra\u011fmen bu marka de\u011ferini tart\u0131\u015fmas\u0131z daha bin y\u0131llar s\u00fcrd\u00fcrecek. \u00c7\u00fcnk\u00fc bin y\u0131llard\u0131r geliyor. Oysaki b\u00f6lgemizdeki di\u011fer baz\u0131 yerle\u015fim birimlerine; hatta Mersin merkezin tarihine bakt\u0131\u011f\u0131n\u0131z zaman \u015furac\u0131kta 200 y\u0131ll\u0131k hen\u00fcz ge\u00e7mi\u015fi olan bir liman kenti iken, Tarsus\u2019un 8 bin y\u0131ll\u0131k kadim bir ge\u00e7mi\u015fi var. \u00c7ok \u00f6nemli topraklara sahibiz\u201d diye konu\u015ftu.<\/p>\n<p>\u201cKendi g\u00f6rev alan\u0131mda Tarsus\u2019a her t\u00fcrl\u00fc katk\u0131y\u0131 verme arzusunday\u0131m\u201d<\/p>\n<p>Ba\u015fkan Se\u00e7er, Tarsus\u2019un tarihi yap\u0131s\u0131 d\u0131\u015f\u0131nda farkl\u0131 alanlarda da \u00f6nem ta\u015f\u0131d\u0131\u011f\u0131n\u0131 vurgulayarak, B\u00fcy\u00fck\u015fehir Belediye Ba\u015fkan\u0131 olarak Tarsus\u2019a elinden gelen katk\u0131y\u0131 verme arzusunda oldu\u011funu s\u00f6yledi. Ba\u015fkan Se\u00e7er, konu\u015fmas\u0131n\u0131 \u015fu s\u00f6zlerle s\u00fcrd\u00fcrd\u00fc:<\/p>\n<p>\u201cYap\u0131lan Karma Organize Sanayi B\u00f6lgesi de\u011ferli bir \u00e7al\u0131\u015fmad\u0131r. O b\u00f6lgede Tar\u0131m \u00dcr\u00fcnleri \u0130\u015fleme Sanayi B\u00f6lgesi yine \u00f6nemli bir yat\u0131r\u0131m. Bunun gibi bir\u00e7ok sanayi yat\u0131r\u0131m\u0131n\u0131n ve uzun y\u0131llard\u0131r da bizim bir t\u00fcrl\u00fc \u00e7\u00f6zemedi\u011fimiz, a\u00e7\u0131\u011fa \u00e7\u0131karamad\u0131\u011f\u0131m\u0131z, elimizdeki de\u011fer olarak g\u00f6r\u00fcp o de\u011feri tan\u0131tamad\u0131\u011f\u0131m\u0131z turizm yat\u0131r\u0131mlar\u0131 \u00f6nemli. Uzun s\u00fcredir \u00f6zellikle Tarsus Plaj\u0131 olarak and\u0131\u011f\u0131m\u0131z, hepimizin bildi\u011fi sahil band\u0131ndaki projelerin ger\u00e7ekle\u015fmesi \u00f6nemli. Ben B\u00fcy\u00fck\u015fehir Belediye Ba\u015fkan\u0131 olarak kendi g\u00f6rev alan\u0131mda Tarsus\u2019a her t\u00fcrl\u00fc katk\u0131y\u0131, deste\u011fi verme arzusunday\u0131m. Bunu yaparken elbette ki merkezi y\u00f6netimin de buradaki deste\u011fini g\u00f6z ard\u0131 etmemek laz\u0131m. Bir ba\u015f\u0131na belediye elbette ki \u015fehrin taleplerini kar\u015f\u0131layamaz. Fakat merkezi y\u00f6netimin hem g\u00f6rev alan\u0131 gere\u011fi hem g\u00fcc\u00fc gere\u011fi burada \u00f6nemli projeksiyonlar yapmas\u0131 laz\u0131m. Zaten onlar da yap\u0131yor.\u201d<\/p>\n<p>Se\u00e7er, Uluslararas\u0131 Havaalan\u0131 Projesi\u2019nin de b\u00f6lge i\u00e7in \u00f6nemli bir proje oldu\u011funu s\u00f6zlerine ekleyerek, \u201cUmut ediyorum art\u0131k ger\u00e7ekle\u015fir. \u00c7\u00fcnk\u00fc Tarsus s\u0131n\u0131rlar\u0131 i\u00e7erisinde. Az \u00f6nce bahsetti\u011fim sahil projesi, turizm b\u00f6lgesi projesi; bunlar \u00f6nemli, de\u011ferli. Tarsus\u2019un ekonomisine, sosyal hayat\u0131na y\u00f6n verecek. \u00dcniversite uzun y\u0131llard\u0131r Tarsuslular\u2019\u0131n bekledi\u011fi bir \u00e7al\u0131\u015fmayd\u0131. Bir devlet \u00fcniversitesi kuruldu. \u015eu anda kendini yap\u0131land\u0131rma a\u015famas\u0131nda. Hem fiziki olarak bina yap\u0131m i\u015fleri devam ediyor hem \u00fcniversitenin \u00fclkeye tan\u0131t\u0131m\u0131, \u00f6\u011frencilerin buraya ra\u011fbet etmesi i\u00e7in baz\u0131 \u00e7al\u0131\u015fmalar yap\u0131l\u0131yor. Bu arada \u015funu da s\u00f6yleyeyim; ger\u00e7ekten \u00e7ok da de\u011ferli bir rekt\u00f6re sahibiz. Bu \u00f6nemli. O \u00f6nemli bir \u015fans. Ki\u015fisel g\u00f6r\u00fc\u015f\u00fcmd\u00fcr. Bunu sizlerle payla\u015fmak istedim\u201d ifadelerini kulland\u0131.<\/p>\n<p>Ba\u015fkan Se\u00e7er, toplant\u0131 \u00f6ncesinde Mersin Caddesi \u00fczerinde bulunan esnaf\u0131 da ziyaret ederek, \u201chay\u0131rl\u0131 i\u015fler\u201d dile\u011finde bulundu. Se\u00e7er, ayr\u0131ca eski otogar alan\u0131nda kad\u0131n \u00fcreticilerin el eme\u011fi,  g\u00f6z nuru \u00fcr\u00fcnlerini sergiledi\u011fi stantlar\u0131 da gezdi.<\/p>\n","protected":false},"excerpt":{"rendered":"<p>Ba\u015fkan Se\u00e7er, Tarsus\u2019ta Borsa, Oda, Dernek, Kooperatif ve Birlik temsilcileri ile bulu\u015ftu. Kent dinamikleriyle bir araya gelip konu\u015fman\u0131n \u00f6nemine dikkat \u00e7eken Se\u00e7er, \u201cBug\u00fcn oldu\u011fu gibi kent ekonomisine y\u00f6n veren akt\u00f6rlerin &hellip; <a href=\"https:\/\/akdenizolaygazetesi.com\/?p=11261\" class=\"more-link\">Devam\u0131n\u0131 Oku&#8230;<\/a><\/p>\n","protected":false},"author":2,"featured_media":11262,"comment_status":"open","ping_status":"open","sticky":false,"template":"","format":"standard","meta":[],"categories":[34,1,2,3,5],"tags":[],"_links":{"self":[{"href":"https:\/\/akdenizolaygazetesi.com\/index.php?rest_route=\/wp\/v2\/posts\/11261"}],"collection":[{"href":"https:\/\/akdenizolaygazetesi.com\/index.php?rest_route=\/wp\/v2\/posts"}],"about":[{"href":"https:\/\/akdenizolaygazetesi.com\/index.php?rest_route=\/wp\/v2\/types\/post"}],"author":[{"embeddable":true,"href":"https:\/\/akdenizolaygazetesi.com\/index.php?rest_route=\/wp\/v2\/users\/2"}],"replies":[{"embeddable":true,"href":"https:\/\/akdenizolaygazetesi.com\/index.php?rest_route=%2Fwp%2Fv2%2Fcomments&post=11261"}],"version-history":[{"count":1,"href":"https:\/\/akdenizolaygazetesi.com\/index.php?rest_route=\/wp\/v2\/posts\/11261\/revisions"}],"predecessor-version":[{"id":11263,"href":"https:\/\/akdenizolaygazetesi.com\/index.php?rest_route=\/wp\/v2\/posts\/11261\/revisions\/11263"}],"wp:featuredmedia":[{"embeddable":true,"href":"https:\/\/akdenizolaygazetesi.com\/index.php?rest_route=\/wp\/v2\/media\/11262"}],"wp:attachment":[{"href":"https:\/\/akdenizolaygazetesi.com\/index.php?rest_route=%2Fwp%2Fv2%2Fmedia&parent=11261"}],"wp:term":[{"taxonomy":"category","embeddable":true,"href":"https:\/\/akdenizolaygazetesi.com\/index.php?rest_route=%2Fwp%2Fv2%2Fcategories&post=11261"},{"taxonomy":"post_tag","embeddable":true,"href":"https:\/\/akdenizolaygazetesi.com\/index.php?rest_route=%2Fwp%2Fv2%2Ftags&post=11261"}],"curies":[{"name":"wp","href":"https:\/\/api.w.org\/{rel}","templated":true}]}}