{"id":11264,"date":"2021-03-11T17:56:12","date_gmt":"2021-03-11T14:56:12","guid":{"rendered":"http:\/\/akdenizolaygazetesi.com\/?p=11264"},"modified":"2021-03-11T17:56:12","modified_gmt":"2021-03-11T14:56:12","slug":"mersinden-kadin-kooperatifine-iki-odul-birden","status":"publish","type":"post","link":"https:\/\/akdenizolaygazetesi.com\/?p=11264","title":{"rendered":"MERS\u0130NDEN KADIN KOOPERAT\u0130F\u0130\u2019NE \u0130K\u0130 \u00d6D\u00dcL B\u0130RDEN"},"content":{"rendered":"<p>Mersin B\u00fcy\u00fck\u015fehir Belediyesi\u2019nin destekleriyle kurulan ve her ge\u00e7en g\u00fcn daha \u00e7ok kad\u0131na ula\u015fan Mersinden Kad\u0131n Kooperatifi, iki \u00f6d\u00fcl birden ald\u0131. Kooperatif, Kad\u0131n Dostu Markalar Platformu taraf\u0131ndan 8 Mart D\u00fcnya Kad\u0131nlar G\u00fcn\u00fc\u2019nde d\u00fczenlenen \u2018Kad\u0131n Dostu Markalar \u00d6zel \u00d6d\u00fclleri\u2019nde 2 alanda \u00f6d\u00fcle lay\u0131k g\u00f6r\u00fcld\u00fc. \u00d6d\u00fclleri Mersinden Kad\u0131n Kooperatifi Ba\u015fkan\u0131 Meral Se\u00e7er ald\u0131.<\/p>\n<p>MERS\u0130N(FOTO\u011eRAFLI)<\/p>\n<p>Mersin B\u00fcy\u00fck\u015fehir Belediyesi\u2019nin destekleriyle kurulan ve her ge\u00e7en g\u00fcn daha \u00e7ok kad\u0131na ula\u015farak kad\u0131nlar\u0131 \u00fcretime te\u015fvik eden Mersinden Kad\u0131n Kooperatifi, iki \u00f6d\u00fcl birden ald\u0131. K\u0131sa s\u00fcre \u00f6nce kurulmas\u0131na ra\u011fmen \u015fimdiden y\u00fczlerce kad\u0131n\u0131n hayat\u0131na dokunan ve Mersin\u2019de kad\u0131n\u0131n g\u00fcc\u00fcn\u00fc g\u00f6r\u00fcn\u00fcr k\u0131lan Kooperatif, Kad\u0131n Dostu Markalar Platformu taraf\u0131ndan 8 Mart D\u00fcnya Kad\u0131nlar G\u00fcn\u00fc\u2019nde d\u00fczenlenen \u2018Kad\u0131n Dostu Markalar \u00d6zel \u00d6d\u00fclleri\u2019nde 2 alanda \u00f6d\u00fcle lay\u0131k g\u00f6r\u00fcld\u00fc.<\/p>\n<p>Kad\u0131n ve toplumsal cinsiyet e\u015fitli\u011fi konular\u0131nda hayata ge\u00e7irdi\u011fi de\u011fer yaratan uygulamalar\u0131 ile Fark\u0131ndal\u0131k \u00d6d\u00fcl\u00fc alan Mersinden Kad\u0131n Kooperatifi, Atat\u00fcrk\u2019\u00fcn miras\u0131 olan Gazi \u00c7iftli\u011fi\u2019nin ruhuna uygun bir yap\u0131ya kavu\u015fturulmas\u0131 dolay\u0131s\u0131yla da T\u00fcketici \u00d6zel \u00d6d\u00fcl\u00fc\u2019n\u00fc elde etti. 50 markan\u0131n \u00f6d\u00fcle lay\u0131k g\u00f6r\u00fcld\u00fc\u011f\u00fc t\u00f6rende Mersinden Kad\u0131n Kooperatifi\u2019nin \u00f6d\u00fcllerini Kooperatif Ba\u015fkan\u0131 Meral Se\u00e7er ald\u0131. <\/p>\n<p>Meral Se\u00e7er: \u201cMersin\u2019de Atat\u00fcrk\u2019\u00fcn emaneti olan kooperatif ruhunu ya\u015fat\u0131yoruz\u201d<\/p>\n<p>Mersinden Kad\u0131n Kooperatifi Ba\u015fkan\u0131 Meral Se\u00e7er, t\u00f6rende yapt\u0131\u011f\u0131 konu\u015fmada, \u201cMersin\u2019de Atat\u00fcrk\u2019\u00fcn emaneti olan kooperatif ruhunu ya\u015fat\u0131yoruz. Kurulu\u015fumuzu tamamlayal\u0131 1 y\u0131l oldu. Yolculu\u011fumuz 10 ki\u015fi ile ba\u015flad\u0131. \u015eu anda 305 kad\u0131n ile \u00e7al\u0131\u015f\u0131yoruz. B\u00f6lgemizin \u00f6zel \u00fcr\u00fcnlerini, kad\u0131nlar\u0131m\u0131z\u0131n geleneksel y\u00f6ntemleri ile \u00fcretiyoruz. Kad\u0131nlar\u0131n sadece ekonomik de\u011fil, k\u00fclt\u00fcrel ve sosyal alanda da g\u00fc\u00e7l\u00fc olmas\u0131 ad\u0131na bir\u00e7ok projeye imza att\u0131k. Mersin B\u00fcy\u00fck\u015fehir Belediyesi\u2019nin deste\u011fi ile Gazi \u00c7iftli\u011fi\u2019nin ruhuna uygun faaliyetler g\u00f6stermeye ba\u015flad\u0131k. Bug\u00fcn de faaliyetlerimizi h\u0131zland\u0131rarak s\u00fcrd\u00fcr\u00fcyoruz. Bu ba\u011flamda kad\u0131nlar\u0131m\u0131za ve k\u0131z \u00e7ocuklar\u0131m\u0131za e\u011fitim veriliyor\u201d dedi.<\/p>\n<p>\u201cKad\u0131n dostu markalar\u0131n, kad\u0131nlara destek ve g\u00fc\u00e7 vermesi \u00e7ok k\u0131ymetli\u201d<\/p>\n<p>\u00d6d\u00fcl\u00fc t\u00fcm kad\u0131n ekip arkada\u015flar\u0131 ad\u0131na ald\u0131\u011f\u0131n\u0131 ifade eden Se\u00e7er, \u201cBu anlaml\u0131 g\u00fcnde ger\u00e7ekten kad\u0131n dostu markalar\u0131n, kad\u0131nlara destek ve g\u00fc\u00e7 vermesi \u00e7ok k\u0131ymetli. S\u00fcrd\u00fcr\u00fclebilirli\u011fin de \u00e7ok \u00f6nemli oldu\u011funu d\u00fc\u015f\u00fcn\u00fcyorum. Bu konuda da \u00e7ok \u00e7al\u0131\u015farak kocaman bir \u2018biz\u2019 olunaca\u011f\u0131n\u0131 d\u00fc\u015f\u00fcn\u00fcyorum. Sadece bug\u00fcn de\u011fil, her g\u00fcn\u00fcn kad\u0131nlar g\u00fcn\u00fc olmas\u0131 gerekti\u011fini d\u00fc\u015f\u00fcn\u00fcyorum\u201d ifadelerine yer verdi.<\/p>\n","protected":false},"excerpt":{"rendered":"<p>Mersin B\u00fcy\u00fck\u015fehir Belediyesi\u2019nin destekleriyle kurulan ve her ge\u00e7en g\u00fcn daha \u00e7ok kad\u0131na ula\u015fan Mersinden Kad\u0131n Kooperatifi, iki \u00f6d\u00fcl birden ald\u0131. Kooperatif, Kad\u0131n Dostu Markalar Platformu taraf\u0131ndan 8 Mart D\u00fcnya Kad\u0131nlar &hellip; <a href=\"https:\/\/akdenizolaygazetesi.com\/?p=11264\" class=\"more-link\">Devam\u0131n\u0131 Oku&#8230;<\/a><\/p>\n","protected":false},"author":2,"featured_media":11265,"comment_status":"open","ping_status":"open","sticky":false,"template":"","format":"standard","meta":[],"categories":[34,1,2,3,5],"tags":[],"_links":{"self":[{"href":"https:\/\/akdenizolaygazetesi.com\/index.php?rest_route=\/wp\/v2\/posts\/11264"}],"collection":[{"href":"https:\/\/akdenizolaygazetesi.com\/index.php?rest_route=\/wp\/v2\/posts"}],"about":[{"href":"https:\/\/akdenizolaygazetesi.com\/index.php?rest_route=\/wp\/v2\/types\/post"}],"author":[{"embeddable":true,"href":"https:\/\/akdenizolaygazetesi.com\/index.php?rest_route=\/wp\/v2\/users\/2"}],"replies":[{"embeddable":true,"href":"https:\/\/akdenizolaygazetesi.com\/index.php?rest_route=%2Fwp%2Fv2%2Fcomments&post=11264"}],"version-history":[{"count":1,"href":"https:\/\/akdenizolaygazetesi.com\/index.php?rest_route=\/wp\/v2\/posts\/11264\/revisions"}],"predecessor-version":[{"id":11266,"href":"https:\/\/akdenizolaygazetesi.com\/index.php?rest_route=\/wp\/v2\/posts\/11264\/revisions\/11266"}],"wp:featuredmedia":[{"embeddable":true,"href":"https:\/\/akdenizolaygazetesi.com\/index.php?rest_route=\/wp\/v2\/media\/11265"}],"wp:attachment":[{"href":"https:\/\/akdenizolaygazetesi.com\/index.php?rest_route=%2Fwp%2Fv2%2Fmedia&parent=11264"}],"wp:term":[{"taxonomy":"category","embeddable":true,"href":"https:\/\/akdenizolaygazetesi.com\/index.php?rest_route=%2Fwp%2Fv2%2Fcategories&post=11264"},{"taxonomy":"post_tag","embeddable":true,"href":"https:\/\/akdenizolaygazetesi.com\/index.php?rest_route=%2Fwp%2Fv2%2Ftags&post=11264"}],"curies":[{"name":"wp","href":"https:\/\/api.w.org\/{rel}","templated":true}]}}