{"id":11274,"date":"2021-03-12T12:40:50","date_gmt":"2021-03-12T09:40:50","guid":{"rendered":"http:\/\/akdenizolaygazetesi.com\/?p=11274"},"modified":"2021-03-12T12:40:50","modified_gmt":"2021-03-12T09:40:50","slug":"baskan-secerden-buyuksehir-gsk-sporcularina-moral-etkinligi","status":"publish","type":"post","link":"https:\/\/akdenizolaygazetesi.com\/?p=11274","title":{"rendered":"BA\u015eKAN SE\u00c7ER\u2019DEN B\u00dcY\u00dcK\u015eEH\u0130R GSK SPORCULARINA MORAL ETK\u0130NL\u0130\u011e\u0130"},"content":{"rendered":"<p>Ba\u015fkan Se\u00e7er, Mersin B\u00fcy\u00fck\u015fehir Belediyesi\u2019ni \u00fcst liglerde temsil eden Gen\u00e7lik ve Spor Kul\u00fcb\u00fc\u2019n\u00fcn profesyonel sporcular\u0131 ile kahvalt\u0131 etkinli\u011finde bir araya gelerek ba\u015far\u0131lar diledi. Etkinlikte minik Derin Su\u2019nun balon ve kolye iste\u011fi de Ba\u015fkan Se\u00e7er taraf\u0131ndan k\u0131sa s\u00fcrede yerine getirildi.<\/p>\n<p>MERS\u0130N(FOTO\u011eRAFLI-G\u00d6R\u00dcNT\u00dcL\u00dc)<\/p>\n<p>Sporun ve sporcunun desteklenmesi do\u011frultusunda \u00f6nemli \u00e7al\u0131\u015fmalara imza atan Mersin B\u00fcy\u00fck\u015fehir Belediye Ba\u015fkan\u0131 Vahap Se\u00e7er, B\u00fcy\u00fck\u015fehir Belediyesi Gen\u00e7lik ve Spor Kul\u00fcb\u00fc\u2019n\u00fcn (GSK) profesyonel sporcular\u0131 ile kahvalt\u0131 etkinli\u011finde bulu\u015ftu. K\u00fclt\u00fcr Park\u2019taki Y\u00f6reden Kafe\u2019de yap\u0131lan etkinlikte Ba\u015fkan Se\u00e7er, oynanacak m\u00fcsabakalar \u00f6ncesi sporculara moral verdi. <\/p>\n<p>Etkinlikte, \u00fcst liglerde m\u00fccadele veren GSK Kad\u0131n Basketbol, GSK Kad\u0131n Hentbol, GSK Kad\u0131n Voleybol ve GSK Erkek Basketbol tak\u0131mlar\u0131n\u0131n profesyonel oyuncular\u0131 yer ald\u0131. GSK Hentbol Tak\u0131m\u0131 Kaptan\u0131 Yaren \u0130pek, Ba\u015fkan Se\u00e7er\u2019i etkinlik alan\u0131nda kar\u015f\u0131layarak, sporcular ad\u0131na \u00fczerinde \u2018Mersin B\u00fcy\u00fck\u015fehir Belediyesi Gen\u00e7lik ve Spor Kul\u00fcb\u00fc\u2019 yaz\u0131l\u0131 atk\u0131y\u0131 takdim etti.<\/p>\n<p>D\u00fczenli olarak Covid-19 testi yap\u0131lan B\u00fcy\u00fck\u015fehir Belediyesi GSK tak\u0131mlar\u0131n\u0131n profesyonel sporcular\u0131 ile birlikte kahvalt\u0131 yapan Ba\u015fkan Se\u00e7er, t\u00fcm tak\u0131mlara \u00fcst lige \u00e7\u0131kmak i\u00e7in m\u00fccadele edecekleri kar\u015f\u0131la\u015fmalarda ba\u015far\u0131lar diledi. Se\u00e7er, kahvalt\u0131 s\u0131ras\u0131nda t\u00fcm sporcular ile tek tek sohbet ederek, sporun \u00f6nemine de\u011findi.<\/p>\n<p>Minik Derin Su istedi, Ba\u015fkan Se\u00e7er k\u0131sa s\u00fcrede yerine getirdi<\/p>\n<p>Etkinli\u011fin minik misafiri Derin Su ile Ba\u015fkan Se\u00e7er aras\u0131nda ge\u00e7en keyifli diyalog tatl\u0131 anlar\u0131n ya\u015fanmas\u0131na vesile oldu. Ba\u015fkan Se\u00e7er\u2019den balon ve kolye isteyen minik Derin Su\u2019nun iste\u011fi k\u0131sa s\u00fcrede yerine getirildi. Derin Su\u2019ya balonunu teslim eden Ba\u015fkan Se\u00e7er, kolyesini de kendisi takt\u0131. Ba\u015fkan Se\u00e7er, etkinlik sonunda B\u00fcy\u00fck\u015fehir Belediyesi GSK sporcular\u0131 ile hat\u0131ra foto\u011fraf\u0131 \u00e7ektirdi.<\/p>\n","protected":false},"excerpt":{"rendered":"<p>Ba\u015fkan Se\u00e7er, Mersin B\u00fcy\u00fck\u015fehir Belediyesi\u2019ni \u00fcst liglerde temsil eden Gen\u00e7lik ve Spor Kul\u00fcb\u00fc\u2019n\u00fcn profesyonel sporcular\u0131 ile kahvalt\u0131 etkinli\u011finde bir araya gelerek ba\u015far\u0131lar diledi. Etkinlikte minik Derin Su\u2019nun balon ve kolye &hellip; <a href=\"https:\/\/akdenizolaygazetesi.com\/?p=11274\" class=\"more-link\">Devam\u0131n\u0131 Oku&#8230;<\/a><\/p>\n","protected":false},"author":2,"featured_media":11275,"comment_status":"open","ping_status":"open","sticky":false,"template":"","format":"standard","meta":[],"categories":[34,1,2,3,5],"tags":[],"_links":{"self":[{"href":"https:\/\/akdenizolaygazetesi.com\/index.php?rest_route=\/wp\/v2\/posts\/11274"}],"collection":[{"href":"https:\/\/akdenizolaygazetesi.com\/index.php?rest_route=\/wp\/v2\/posts"}],"about":[{"href":"https:\/\/akdenizolaygazetesi.com\/index.php?rest_route=\/wp\/v2\/types\/post"}],"author":[{"embeddable":true,"href":"https:\/\/akdenizolaygazetesi.com\/index.php?rest_route=\/wp\/v2\/users\/2"}],"replies":[{"embeddable":true,"href":"https:\/\/akdenizolaygazetesi.com\/index.php?rest_route=%2Fwp%2Fv2%2Fcomments&post=11274"}],"version-history":[{"count":1,"href":"https:\/\/akdenizolaygazetesi.com\/index.php?rest_route=\/wp\/v2\/posts\/11274\/revisions"}],"predecessor-version":[{"id":11276,"href":"https:\/\/akdenizolaygazetesi.com\/index.php?rest_route=\/wp\/v2\/posts\/11274\/revisions\/11276"}],"wp:featuredmedia":[{"embeddable":true,"href":"https:\/\/akdenizolaygazetesi.com\/index.php?rest_route=\/wp\/v2\/media\/11275"}],"wp:attachment":[{"href":"https:\/\/akdenizolaygazetesi.com\/index.php?rest_route=%2Fwp%2Fv2%2Fmedia&parent=11274"}],"wp:term":[{"taxonomy":"category","embeddable":true,"href":"https:\/\/akdenizolaygazetesi.com\/index.php?rest_route=%2Fwp%2Fv2%2Fcategories&post=11274"},{"taxonomy":"post_tag","embeddable":true,"href":"https:\/\/akdenizolaygazetesi.com\/index.php?rest_route=%2Fwp%2Fv2%2Ftags&post=11274"}],"curies":[{"name":"wp","href":"https:\/\/api.w.org\/{rel}","templated":true}]}}