{"id":11281,"date":"2021-03-12T12:52:59","date_gmt":"2021-03-12T09:52:59","guid":{"rendered":"http:\/\/akdenizolaygazetesi.com\/?p=11281"},"modified":"2021-03-12T12:52:59","modified_gmt":"2021-03-12T09:52:59","slug":"ailelere-toplumsal-cinsiyet-egitim-calistayi","status":"publish","type":"post","link":"https:\/\/akdenizolaygazetesi.com\/?p=11281","title":{"rendered":"A\u0130LELERE TOPLUMSAL C\u0130NS\u0130YET E\u011e\u0130T\u0130M \u00c7ALI\u015eTAYI"},"content":{"rendered":"<p>\u201cEbeveyn Penceresinden Toplumsal Cinsiyet At\u00f6lyesi\u201d<\/p>\n<p>Akdeniz Belediyesi Kad\u0131n ve Aile Hizmetleri M\u00fcd\u00fcrl\u00fc\u011f\u00fc   ile T\u00fcrk Kad\u0131nlar Konseyi Mersin \u015eubesi i\u015fbirli\u011finde; \u201cEbeveyn Penceresinden Toplumsal Cinsiyet\u201d ba\u015fl\u0131\u011f\u0131 alt\u0131nda bir at\u00f6lye \u00e7al\u0131\u015fmas\u0131 ger\u00e7ekle\u015ftirdi.<\/p>\n<p>Akdeniz Belediyesi Uzman Psikologu G\u00fclnihal Bilim ve Sosyolog \u0130rem Onat\u2019\u0131n haz\u0131rlad\u0131\u011f\u0131 at\u00f6lye \u00e7al\u0131\u015fmas\u0131na kat\u0131lan 25 ki\u015fiye, ebeveynlere toplumsal cinsiyet e\u015fitli\u011fi kavram\u0131 \u00e7er\u00e7evesinde \u00e7ocuklar\u0131na y\u00f6nelik tutum ve davran\u0131\u015flar\u0131n\u0131 \u015fekillendirmeleri ve bu konuda fark\u0131ndal\u0131k sahibi olmalar\u0131 ile ilgili bilgiler verildi. At\u00f6lye \u00e7al\u0131\u015fmas\u0131 be\u015f oturumdan olu\u015ftu.<\/p>\n<p>\u0130lk oturumda \u201ctan\u0131\u015fma ve cinsiyet\u00e7i s\u00f6ylemler hakk\u0131nda fark\u0131ndal\u0131k\u201d, ikinci oturumda; \u201cbireyin kendini toplumsal kimliklerinden uzak tan\u0131mlamas\u0131\u201d, \u00fc\u00e7\u00fcnc\u00fc oturumda; \u201ctoplumsal cinsiyet kavramlar\u0131n\u0131n peki\u015ftirilmesi\u201d, d\u00f6rd\u00fcnc\u00fc oturumda, \u201ctoplumsal cinsiyet ve \u00e7ocuklu\u011fa d\u00f6n\u00fc\u015f\u201d, son oturumda ise \u201cebeveyn penceresinden toplumsal cinsiyet hakk\u0131nda rol yapma (role playing)\u201d \u00e7al\u0131\u015fmas\u0131 ger\u00e7ekle\u015ftirildi. Pandemi nedeniyle a\u00e7\u0131k alanda ger\u00e7ekle\u015fen at\u00f6lye \u00e7al\u0131\u015fmas\u0131, m\u00fcd\u00fcrl\u00fc\u011f\u00fcn hizmet binas\u0131 bah\u00e7esinde ger\u00e7ekle\u015ftirildi, akabinde kat\u0131l\u0131mc\u0131lara fular ve kahve da\u011f\u0131t\u0131ld\u0131.<\/p>\n<p>Ba\u015fkan G\u00fcltak; \u201cE\u015fitlik ailede ba\u015flar\u201d<\/p>\n<p>Akdeniz Belediye Ba\u015fkan\u0131 M. Mustafa G\u00fcltak; etkinlik hakk\u0131nda yapt\u0131\u011f\u0131 de\u011ferlendirmede, e\u015fitli\u011fin ailede ba\u015flad\u0131\u011f\u0131na i\u015faret etti. Ba\u015fkan G\u00fcltak; \u201cKad\u0131na y\u00f6nelik \u015fiddetin temelindeki fakt\u00f6rlerden biri olan toplumsal cinsiyete dayal\u0131 e\u015fitsizli\u011fe d\u00f6n\u00fck \u00f6nleyici \u00e7al\u0131\u015fmalar\u0131 \u00f6nemsiyoruz. Ailelerin, \u00e7ocuklar\u0131n\u0131 yeti\u015ftirirken toplumsal cinsiyet e\u015fitli\u011fi temelli tutum ve davran\u0131\u015flar sergilemeleri y\u00f6n\u00fcnde bilin\u00e7lendirme \u00e7er\u00e7evesinde bu tarz e\u011fitimlerin yayg\u0131nla\u015ft\u0131r\u0131lmas\u0131n\u0131 \u00e7ok \u00f6nemsiyoruz&#8221; dedi.<\/p>\n<p>\u201cAile i\u00e7indeki rol da\u011f\u0131l\u0131m\u0131, cinsiyete dayal\u0131 e\u015fitsizli\u011fi \u00fcretmemeli\u201d<\/p>\n<p>Ebeveyn etkisinin, \u00e7ocu\u011fun toplumsal cinsiyet geli\u015fimi ve cinsiyete d\u00f6n\u00fck davran\u0131\u015flar\u0131 \u00fczerinde son derece \u00f6nemli oldu\u011funa da dikkat \u00e7eken Ba\u015fkan G\u00fcltak, \u201cAile i\u00e7erisindeki rol da\u011f\u0131l\u0131m\u0131n\u0131n, toplumsal cinsiyete dayal\u0131 e\u015fitsizliklerin \u00fcretildi\u011fi bir alan olarak kar\u015f\u0131m\u0131za \u00e7\u0131kmamas\u0131 noktas\u0131nda, ebeveynlerin bu konuda bilin\u00e7lendirilmesi amac\u0131yla \u00e7al\u0131\u015fmalar\u0131m\u0131z devam edecek&#8221; ifadelerini kulland\u0131.<\/p>\n","protected":false},"excerpt":{"rendered":"<p>\u201cEbeveyn Penceresinden Toplumsal Cinsiyet At\u00f6lyesi\u201d Akdeniz Belediyesi Kad\u0131n ve Aile Hizmetleri M\u00fcd\u00fcrl\u00fc\u011f\u00fc ile T\u00fcrk Kad\u0131nlar Konseyi Mersin \u015eubesi i\u015fbirli\u011finde; \u201cEbeveyn Penceresinden Toplumsal Cinsiyet\u201d ba\u015fl\u0131\u011f\u0131 alt\u0131nda bir at\u00f6lye \u00e7al\u0131\u015fmas\u0131 ger\u00e7ekle\u015ftirdi. Akdeniz &hellip; <a href=\"https:\/\/akdenizolaygazetesi.com\/?p=11281\" class=\"more-link\">Devam\u0131n\u0131 Oku&#8230;<\/a><\/p>\n","protected":false},"author":2,"featured_media":11283,"comment_status":"open","ping_status":"open","sticky":false,"template":"","format":"standard","meta":[],"categories":[34,1,2,3,5],"tags":[],"_links":{"self":[{"href":"https:\/\/akdenizolaygazetesi.com\/index.php?rest_route=\/wp\/v2\/posts\/11281"}],"collection":[{"href":"https:\/\/akdenizolaygazetesi.com\/index.php?rest_route=\/wp\/v2\/posts"}],"about":[{"href":"https:\/\/akdenizolaygazetesi.com\/index.php?rest_route=\/wp\/v2\/types\/post"}],"author":[{"embeddable":true,"href":"https:\/\/akdenizolaygazetesi.com\/index.php?rest_route=\/wp\/v2\/users\/2"}],"replies":[{"embeddable":true,"href":"https:\/\/akdenizolaygazetesi.com\/index.php?rest_route=%2Fwp%2Fv2%2Fcomments&post=11281"}],"version-history":[{"count":1,"href":"https:\/\/akdenizolaygazetesi.com\/index.php?rest_route=\/wp\/v2\/posts\/11281\/revisions"}],"predecessor-version":[{"id":11284,"href":"https:\/\/akdenizolaygazetesi.com\/index.php?rest_route=\/wp\/v2\/posts\/11281\/revisions\/11284"}],"wp:featuredmedia":[{"embeddable":true,"href":"https:\/\/akdenizolaygazetesi.com\/index.php?rest_route=\/wp\/v2\/media\/11283"}],"wp:attachment":[{"href":"https:\/\/akdenizolaygazetesi.com\/index.php?rest_route=%2Fwp%2Fv2%2Fmedia&parent=11281"}],"wp:term":[{"taxonomy":"category","embeddable":true,"href":"https:\/\/akdenizolaygazetesi.com\/index.php?rest_route=%2Fwp%2Fv2%2Fcategories&post=11281"},{"taxonomy":"post_tag","embeddable":true,"href":"https:\/\/akdenizolaygazetesi.com\/index.php?rest_route=%2Fwp%2Fv2%2Ftags&post=11281"}],"curies":[{"name":"wp","href":"https:\/\/api.w.org\/{rel}","templated":true}]}}