{"id":11288,"date":"2021-03-12T14:15:46","date_gmt":"2021-03-12T11:15:46","guid":{"rendered":"http:\/\/akdenizolaygazetesi.com\/?p=11288"},"modified":"2021-03-12T14:15:46","modified_gmt":"2021-03-12T11:15:46","slug":"erdemlide-istiklal-marsinin-kabul-yil-donumu-kutlandi","status":"publish","type":"post","link":"https:\/\/akdenizolaygazetesi.com\/?p=11288","title":{"rendered":"ERDEML\u0130&#8217;DE \u0130ST\u0130KLAL MAR\u015eININ KABUL YIL D\u00d6N\u00dcM\u00dc KUTLANDI"},"content":{"rendered":"<p>\u0130stiklal Mar\u015f\u0131&#8217;n\u0131n kabul\u00fcn\u00fcn 100\u2019\u00fcnc\u00fc y\u0131l d\u00f6n\u00fcm\u00fc Mersin\u2019in Erdemli \u0130l\u00e7esi\u2019nde d\u00fczenlenen t\u00f6renle kutland\u0131.<\/p>\n<p>Erdemli Belediyesi Dr. Devlet Bah\u00e7eli Meydan\u0131nda d\u00fczenlenen t\u00f6rene, Erdemli Kaymakam\u0131 Avni Kula,  Erdemli Belediye Ba\u015fkan\u0131 M\u00fckerrem Tollu,  Cumhuriyet Ba\u015fsavc\u0131s\u0131 Ya\u015far \u00d6zkan,  Erdemli \u0130l\u00e7e Milli E\u011fitim M\u00fcd\u00fcr\u00fc Yusuf A\u00e7\u0131ky\u00f6r\u00fck,  Erdemli Erdemli M\u00fcft\u00fcs\u00fc Hayri Erenay, Erdemli \u0130l\u00e7e Jandarma Komutan Yrb. Erhan Erdo\u011fan,  Gazilerimiz,  Sivil toplum kurulu\u015flar\u0131 temsilcileri ve bas\u0131n mensuplar\u0131 kat\u0131ld\u0131.<\/p>\n<p>Mehmet Akif Ersoy\u2019un,  \u201cAllah bir daha bu millete \u0130stikl\u00e2l Mar\u015f\u0131 yazd\u0131rmas\u0131n\u201d s\u00f6zlerine dikkat \u00e7eken Erdemli Belediye Ba\u015fkan\u0131 M\u00fckerrem Tollu, \u201cEcdad\u0131m\u0131zdan ald\u0131\u011f\u0131m\u0131z,  ayn\u0131 \u015fuur,  ayn\u0131 kararl\u0131l\u0131kla y\u00fcr\u00fcyoruz. Allah milletimize bir daha \u0130stiklal Mar\u015f\u0131m\u0131z\u0131 yazd\u0131rmas\u0131n\u201d diye konu\u015ftu.<\/p>\n<p>T\u00f6ren, \u00f6\u011frencilerin \u015fiir okumas\u0131 ve konu\u015fmalar\u0131n ard\u0131ndan sona erdi.<\/p>\n","protected":false},"excerpt":{"rendered":"<p>\u0130stiklal Mar\u015f\u0131&#8217;n\u0131n kabul\u00fcn\u00fcn 100\u2019\u00fcnc\u00fc y\u0131l d\u00f6n\u00fcm\u00fc Mersin\u2019in Erdemli \u0130l\u00e7esi\u2019nde d\u00fczenlenen t\u00f6renle kutland\u0131. Erdemli Belediyesi Dr. Devlet Bah\u00e7eli Meydan\u0131nda d\u00fczenlenen t\u00f6rene, Erdemli Kaymakam\u0131 Avni Kula, Erdemli Belediye Ba\u015fkan\u0131 M\u00fckerrem Tollu, Cumhuriyet &hellip; <a href=\"https:\/\/akdenizolaygazetesi.com\/?p=11288\" class=\"more-link\">Devam\u0131n\u0131 Oku&#8230;<\/a><\/p>\n","protected":false},"author":2,"featured_media":11289,"comment_status":"open","ping_status":"open","sticky":false,"template":"","format":"standard","meta":[],"categories":[34,1,2,3,5],"tags":[],"_links":{"self":[{"href":"https:\/\/akdenizolaygazetesi.com\/index.php?rest_route=\/wp\/v2\/posts\/11288"}],"collection":[{"href":"https:\/\/akdenizolaygazetesi.com\/index.php?rest_route=\/wp\/v2\/posts"}],"about":[{"href":"https:\/\/akdenizolaygazetesi.com\/index.php?rest_route=\/wp\/v2\/types\/post"}],"author":[{"embeddable":true,"href":"https:\/\/akdenizolaygazetesi.com\/index.php?rest_route=\/wp\/v2\/users\/2"}],"replies":[{"embeddable":true,"href":"https:\/\/akdenizolaygazetesi.com\/index.php?rest_route=%2Fwp%2Fv2%2Fcomments&post=11288"}],"version-history":[{"count":1,"href":"https:\/\/akdenizolaygazetesi.com\/index.php?rest_route=\/wp\/v2\/posts\/11288\/revisions"}],"predecessor-version":[{"id":11290,"href":"https:\/\/akdenizolaygazetesi.com\/index.php?rest_route=\/wp\/v2\/posts\/11288\/revisions\/11290"}],"wp:featuredmedia":[{"embeddable":true,"href":"https:\/\/akdenizolaygazetesi.com\/index.php?rest_route=\/wp\/v2\/media\/11289"}],"wp:attachment":[{"href":"https:\/\/akdenizolaygazetesi.com\/index.php?rest_route=%2Fwp%2Fv2%2Fmedia&parent=11288"}],"wp:term":[{"taxonomy":"category","embeddable":true,"href":"https:\/\/akdenizolaygazetesi.com\/index.php?rest_route=%2Fwp%2Fv2%2Fcategories&post=11288"},{"taxonomy":"post_tag","embeddable":true,"href":"https:\/\/akdenizolaygazetesi.com\/index.php?rest_route=%2Fwp%2Fv2%2Ftags&post=11288"}],"curies":[{"name":"wp","href":"https:\/\/api.w.org\/{rel}","templated":true}]}}