{"id":1129,"date":"2020-11-04T18:21:43","date_gmt":"2020-11-04T15:21:43","guid":{"rendered":"http:\/\/mersinekonomipolitikagazetesi.com\/?p=1129"},"modified":"2020-11-04T18:21:43","modified_gmt":"2020-11-04T15:21:43","slug":"turkiyenin-meyve-deposu-mersinde-turfanda-meyve-hasadi-basladi","status":"publish","type":"post","link":"https:\/\/akdenizolaygazetesi.com\/?p=1129","title":{"rendered":"T\u00fcrkiye\u2019nin meyve deposu Mersin\u2019de turfanda meyve hasad\u0131 ba\u015flad\u0131"},"content":{"rendered":"<p>Turfanda meyvecilikte T\u00fcrkiye\u2019nin ba\u015fkenti ve meyve deposu Mersin\u2019de, turfanda \u015feftali, nektari, kay\u0131s\u0131, kiraz, Japon eri\u011fi ve serada \u00fcz\u00fcm hasad\u0131 ba\u015flad\u0131. \u00d6rt\u00fc alt\u0131 meyvecilikte T\u00fcrkiye\u2019nin y\u00fczde 69 meyve ihtiyac\u0131n\u0131 kar\u015f\u0131layan ve iyi tar\u0131m uygulamalar\u0131yla insanlara sa\u011fl\u0131kl\u0131 meyve yediren Mersin, bu \u00f6zelliklerini t\u00fcm d\u00fcnyaya duyurmay\u0131 hedefliyor.<\/p>\n<p>T\u00fcrkiye\u2019nin meyve ihtiyac\u0131n\u0131n y\u00fczde 15\u2019ini Mersin kar\u015f\u0131l\u0131yor<br \/>\nT\u00fcrkiye\u2019nin \u00f6nde gelen tar\u0131m kenti olan Mersin, a\u00e7\u0131k alanda ve \u00f6rt\u00fc alt\u0131nda (sera) yeti\u015ftirilen turfanda meyvecilikte de ilk s\u0131raya yerle\u015fti. 382 bin hektar tar\u0131m alan\u0131na sahip kentte, bu alan\u0131n 129 bin hektar\u0131nda meyve \u00fcretimi yap\u0131l\u0131yor. Bu rakam, b\u00f6lge tar\u0131m alanlar\u0131n\u0131n y\u00fczde 34\u2019\u00fcn\u00fc olu\u015ftururken, 18,9 milyon ton olan T\u00fcrkiye\u2019nin toplam meyve \u00fcretiminin 2,3 milyon tonunu \u00fcreten Mersin\u2019in, \u00fclkenin meyve ihtiyac\u0131n\u0131 kar\u015f\u0131lama oran\u0131 ise y\u00fczde 12 ile 15 aras\u0131nda bulunuyor. \u00dclkenin 422 bin tonluk \u00f6rt\u00fc alt\u0131 meyve \u00fcretiminin 291 bin tonu da Mersin\u2019de yeti\u015ftiriliyor.<br \/>\nTurfanda nektarin ve kirazda ilk hasat yap\u0131ld\u0131<br \/>\nAnamur muzu, Silifke \u00e7ile\u011fi, Tarsus beyaz\u0131 \u00fcz\u00fcm\u00fc, Tarsus sar\u0131ulak zeytini, Mut kay\u0131s\u0131s\u0131, Erdemli limonu gibi marka \u00fcr\u00fcnleriyle \u00f6n plana \u00e7\u0131kan, ayr\u0131ca narenciye, nar, \u015feftali ve tropikal meyveler ba\u015fta olmak \u00fczere 65 \u00e7e\u015fit meyve \u00fcretilen Mersin\u2019de, turfanda nektarin ve kirazda ilk hasat yap\u0131ld\u0131. Bu kapsamda, bir\u00e7ok meyvenin turfanda olarak \u00fcretilebildi\u011fi ve \u00fclkenin ilk hasad\u0131n\u0131n yap\u0131ld\u0131\u011f\u0131 Mersin\u2019in, marka olmu\u015f meyveleriyle T\u00fcrkiye\u2019nin meyve deposu oldu\u011funu t\u00fcm d\u00fcnyaya duyurmak i\u00e7in \u2018Mersin Meyve Hasat G\u00fcnleri\u2019 etkinli\u011fi d\u00fczenlendi.<br \/>\nMersin B\u00fcy\u00fck\u015fehir Belediyesi ve Ziraat M\u00fchendisleri Odas\u0131 Mersin \u015eubesi\u2019nin i\u015fbirli\u011finde d\u00fczenlenen etkinlik \u00e7er\u00e7evesinde, Mersin\u2019in Tarsus il\u00e7esine ba\u011fl\u0131 k\u0131rsal mahallelerde iki bah\u00e7eye bas\u0131n gezisi d\u00fczenlendi. Tarsus merkeze 20 kilometre uzakl\u0131ktaki C\u0131rb\u0131klar Mahallesi\u2019nde 600 dekarl\u0131k Ekincio\u011flu nektarin, \u015feftali ve erik bah\u00e7esinde ba\u015flayan hasat gezisi, yine merkeze 20 kilometre uzakl\u0131ktaki \u00c7ak\u0131ll\u0131 Mahallesi\u2019ndeki Karao\u011flu kiraz ve kay\u0131s\u0131 bah\u00e7eleri ile \u00fcz\u00fcm ba\u011flar\u0131nda sona erdi. Bas\u0131n mensuplar\u0131, turfanda meyvelerin toplanmas\u0131na, ay\u0131klanmas\u0131na ve kasalara yerle\u015ftirilmesine tan\u0131kl\u0131k ederken, dal\u0131ndan meyve toplayarak taze taze yemenin de zevkine vard\u0131.<br \/>\nKocamaz: \u201cB\u00f6lgemizde \u00fcr\u00fcn kalitesi her ge\u00e7en g\u00fcn art\u0131yor\u201d<br \/>\n\u00c7ar\u0131kl\u0131 Mahallesi\u2019ndeki bah\u00e7ede ger\u00e7ekle\u015ftirilen \u2018Mersin Meyve Hasat G\u00fcnleri\u2019 etkinli\u011fine Mersin B\u00fcy\u00fck\u015fehir Belediye Ba\u015fkan\u0131 Burhanettin Kocamaz, MHP Mersin Milletvekili Baki \u015eim\u015fek, Ziraat M\u00fchendisleri Odas\u0131 Genel Ba\u015fkan\u0131 \u00d6zden G\u00fcng\u00f6r, Tarsus Belediye Ba\u015fkan\u0131 \u015eevket Can, Ziraat M\u00fchendisleri Odas\u0131 Mersin \u015eube Ba\u015fkan\u0131 Mustafa Kemal Karao\u011flu ve \u00fcreticiler kat\u0131ld\u0131. Halk oyunlar\u0131 g\u00f6sterisiyle ba\u015flayan etkinlikte konu\u015fan Ba\u015fkan Kocamaz, tarihi 10 bin y\u0131l \u00f6ncesine dayanan bir kentin topraklar\u0131n\u0131n da bereketli oldu\u011funu belirterek, Mersin\u2019in da\u011f\u0131yla ovas\u0131yla ta\u015f ekilse ta\u015f\u0131n bitece\u011fi bir b\u00f6lge oldu\u011funu vurgulad\u0131. \u201cHer t\u00fcrl\u00fc g\u0131dan\u0131n yeti\u015fti\u011fi bu b\u00f6lgede bizim insan\u0131m\u0131z tar\u0131mla ilgili her konuda maharetli, \u00e7al\u0131\u015fkan\u201d diyen Kocamaz, \u00fcretim konusunda hi\u00e7bir problem olmad\u0131\u011f\u0131n\u0131 s\u00f6yledi. Son y\u0131llarda yeni modern sistemlerin de hayata ge\u00e7mesiyle b\u00f6lgedeki \u00fcr\u00fcn kalitesinin her ge\u00e7en g\u00fcn biraz daha artt\u0131\u011f\u0131na dikkat \u00e7eken Kocamaz, \u201c\u0130nsanlar\u0131m\u0131z art\u0131k daha sa\u011fl\u0131kl\u0131 \u00fcr\u00fcnlere kavu\u015fma imkan\u0131 buluyorlar. Dile\u011fimiz, i\u00e7inde bulundu\u011fumuz bu bah\u00e7e gibi modern bah\u00e7eler hale getirilmesi, \u00fcretilen \u00fcr\u00fcnlerin kalitesinin art\u0131r\u0131lmas\u0131\u201d dedi.<br \/>\n\u201c\u00dcreticinin, \u00fcretti\u011finin kar\u015f\u0131l\u0131\u011f\u0131n\u0131 alma konusunda \u00e7ok b\u00fcy\u00fck s\u0131k\u0131nt\u0131lar\u0131 var\u201d<br \/>\n\u00dcreticilerin sorunlar\u0131na da de\u011finen Kocamaz, ge\u00e7mi\u015fte ya\u015fad\u0131\u011f\u0131 an\u0131lardan \u00f6rnekler vererek, tar\u0131m\u0131n bug\u00fcn i\u00e7inde bulundu\u011fu durumu anlatt\u0131. \u00c7ocuklu\u011funda 20 d\u00f6n\u00fcm portakal bah\u00e7esi olan bir \u00fcreticinin, k\u00f6y\u00fcn en zengini oldu\u011funu vurgulayan Kocamaz, \u201cAma maalesef \u015fu anda 200 d\u00f6n\u00fcm narenciye bah\u00e7esi olan insanlar, gelip \u00e7ocuklar\u0131na bizden asgari \u00fccretle i\u015f istiyorlar. Nereden nereye gelmi\u015fiz. Ben de bu y\u00f6renin \u00e7ocu\u011fu olarak bah\u00e7elerde \u00e7ok \u00e7al\u0131\u015ft\u0131m, \u00e7ok \u00e7apa yapt\u0131m. Babam seyyar sat\u0131c\u0131yd\u0131. O d\u00f6nemlerde biz tablan\u0131n \u00fczerinde portakal\u0131 satarken \u20183 kilo 1 lira\u2019 diye avaz avaz ba\u011f\u0131r\u0131rd\u0131k. Ben o zaman 8-10 ya\u015flar\u0131ndayd\u0131m, \u015fu anda gelmi\u015fim 62 ya\u015f\u0131na ve portakal\u0131 \u00fcretici halen \u20183 kilo 1 lira\u2019ya satam\u0131yor. Bu, ger\u00e7ekten ac\u0131 bir durum. \u00dcretici, \u00fcretme konusunda hi\u00e7bir s\u0131k\u0131nt\u0131 olmadan her t\u00fcrl\u00fc fedakarl\u0131\u011f\u0131 g\u00f6steriyor ama \u00fcretilen \u00fcr\u00fcn\u00fcn kar\u015f\u0131l\u0131\u011f\u0131n\u0131 bulmas\u0131, d\u00f6kt\u00fc\u011f\u00fc al\u0131n terinin kar\u015f\u0131l\u0131\u011f\u0131n\u0131 alma konusunda \u00e7ok b\u00fcy\u00fck s\u0131k\u0131nt\u0131lar\u0131 var\u201d diye konu\u015ftu.<br \/>\n\u201cBu konuda ihracat \u015fart\u201d<br \/>\nG\u00fclnar\u2019\u0131n da\u011flar\u0131nda, y\u00fcksek kesimlerde yeti\u015ftirilen \u00e7ok kaliteli elmalar\u0131 da \u00fcreticinin 2014 y\u0131l\u0131nda 20 kuru\u015fa satt\u0131\u011f\u0131n\u0131 anlatan Kocamaz, 25 kilograml\u0131k bir kasa elma sat\u0131p arabas\u0131na 1 litre benzin alabilen \u00fcreticinin i\u00e7inde bulundu\u011fu bu durumun \u00e7ok \u00fcz\u00fcc\u00fc oldu\u011funu vurgulad\u0131. Sorunun \u00e7\u00f6z\u00fcm\u00fc i\u00e7in kooperatifle\u015fmeyi \u00f6neren Kocamaz, \u201cBu i\u015fi art\u0131k birli\u011fe, kooperatifle\u015fmeye d\u00f6n\u00fc\u015ft\u00fcrmek mecburiyetindeyiz. Herkes g\u00fc\u00e7lerini birle\u015ftirebilirse, kendi meselesine sahip \u00e7\u0131kabilirse ve payla\u015fmas\u0131n\u0131 \u00f6\u011frenebilirse \u00fcr\u00fcnlerin \u00e7ok daha de\u011ferli olabilece\u011fini ve emeklerin kar\u015f\u0131l\u0131\u011f\u0131n\u0131 bulabilece\u011fini d\u00fc\u015f\u00fcn\u00fcyoruz. Bu konuda ihracat \u015fart. Biz \u00fcr\u00fcnlerimizi ihra\u00e7 etmekte maalesef zorlan\u0131yoruz. B\u00f6lgemiz ate\u015f \u00e7emberi. En yak\u0131n\u0131m\u0131zdaki \u00fclkelere \u00fcr\u00fcnlerimizi satamazsak, d\u00fcnyan\u0131n \u00f6b\u00fcr ucundaki yerlere \u00fcr\u00fcnlerimizi satma \u015fans\u0131m\u0131z da olmuyor\u201d ifadelerini kulland\u0131.<br \/>\n\u00dcr\u00fcnlerin uzak mesafedeki \u00fclkelere kaliteleri bozulmadan ula\u015ft\u0131r\u0131labilmesi i\u00e7in devlet projesi olarak ele al\u0131nmas\u0131 gerekti\u011fine de i\u015faret eden Kocamaz, bu noktada Avrupa\u2019n\u0131n belirli b\u00f6lgelerine \u00fcr\u00fcnlerin depolanabilece\u011fi tesisler kurulmas\u0131n\u0131n zorunlu oldu\u011funu s\u00f6zlerine ekledi.<br \/>\n\u201cMersin, turfanda meyvecilikte T\u00fcrkiye\u2019nin ba\u015fkentidir\u201d<br \/>\nZiraat M\u00fchendisleri Odas\u0131 \u015eube Ba\u015fkan\u0131 Karao\u011flu ise T\u00fcrkiye ve Mersin\u2019in meyve \u00fcretim rakamlar\u0131n\u0131 verdi\u011fi konu\u015fmas\u0131nda, Mersin\u2019in tropikal, subtropikal, sert \u00e7ekirdekli ve yumu\u015fak \u00e7ekirdekli meyveler olmak \u00fczere \u00fcz\u00fcm, zeytin, \u00e7ilek, ke\u00e7iboynuzu ve yenid\u00fcnya gibi 65 \u00e7e\u015fit \u00fcr\u00fcn\u00fcn yeti\u015ftirildi\u011fi T\u00fcrkiye\u2019nin mikro klima iklimine sahip istisna bir kenti oldu\u011funun alt\u0131n\u0131 \u00e7izdi. Havalar\u0131n \u0131s\u0131nmas\u0131yla birlikte b\u00f6lgede turfanda meyve olarak kay\u0131s\u0131, \u015feftali, nektarin, Japon eri\u011fi, kiraz ve serada \u00fcz\u00fcm hasad\u0131na ba\u015flad\u0131klar\u0131n\u0131 bildiren Karao\u011flu, Mersin\u2019in marka olmu\u015f meyveleriyle \u00f6n plana \u00e7\u0131kt\u0131\u011f\u0131n\u0131 vurgulad\u0131. Karao\u011flu, \u201cMersin, \u00f6rt\u00fc alt\u0131 meyvecilikte T\u00fcrkiye\u2019nin y\u00fczde 69 meyve ihtiyac\u0131n\u0131 kar\u015f\u0131lamaktad\u0131r ve turfanda meyvecilikte T\u00fcrkiye\u2019nin ba\u015fkentidir. Mersin, limon, muz, \u00e7ilek, ke\u00e7iboynuzunda T\u00fcrkiye\u2019de liderdir. Kay\u0131s\u0131 \u00fcretiminde 107 tonla 2\u2019inci durumdad\u0131r. T\u00fcrkiye\u2019nin y\u00fczde 35\u2019lik \u00fcz\u00fcm ihtiyac\u0131n\u0131 kar\u015f\u0131lamaktad\u0131r. \u015eeftali, nektarin, nar, portakal ve mandarin \u00fcretiminde s\u00f6z sahibi olan Mersin, a\u00e7\u0131kta ve serada turfanda meyve \u00fcretiminde T\u00fcrkiye\u2019nin tek istisna b\u00f6lgesidir\u201d \u015feklinde konu\u015ftu.<br \/>\nKarao\u011flu, normalde bin rak\u0131m\u0131n \u00fczerindeki b\u00f6lgelerde yeti\u015fen kiraz\u0131 da sahilde 200 rak\u0131mda yeti\u015ftirmeyi ba\u015fard\u0131klar\u0131n\u0131 belirterek, birinci kiraz \u00e7e\u015fidini 18 Nisan\u2019da, ikinci kiraz \u00e7e\u015fidini de 5 May\u0131s\u2019ta hasat ettiklerini ifade etti.<br \/>\nKonu\u015fmalar\u0131n ard\u0131ndan, Ba\u015fkan Kocamaz ve protokol \u00fcyeleri hasat halay\u0131 \u00e7ekerek, ilk hasad\u0131 kutlad\u0131lar. Etkinlik, bah\u00e7e gezisiyle sona erdi.<\/p>\n","protected":false},"excerpt":{"rendered":"<p>Turfanda meyvecilikte T\u00fcrkiye\u2019nin ba\u015fkenti ve meyve deposu Mersin\u2019de, turfanda \u015feftali, nektari, kay\u0131s\u0131, kiraz, Japon eri\u011fi ve serada \u00fcz\u00fcm hasad\u0131 ba\u015flad\u0131. \u00d6rt\u00fc alt\u0131 meyvecilikte T\u00fcrkiye\u2019nin y\u00fczde 69 meyve ihtiyac\u0131n\u0131 kar\u015f\u0131layan ve &hellip; <a href=\"https:\/\/akdenizolaygazetesi.com\/?p=1129\" class=\"more-link\">Devam\u0131n\u0131 Oku&#8230;<\/a><\/p>\n","protected":false},"author":1,"featured_media":0,"comment_status":"open","ping_status":"open","sticky":false,"template":"","format":"standard","meta":[],"categories":[],"tags":[],"_links":{"self":[{"href":"https:\/\/akdenizolaygazetesi.com\/index.php?rest_route=\/wp\/v2\/posts\/1129"}],"collection":[{"href":"https:\/\/akdenizolaygazetesi.com\/index.php?rest_route=\/wp\/v2\/posts"}],"about":[{"href":"https:\/\/akdenizolaygazetesi.com\/index.php?rest_route=\/wp\/v2\/types\/post"}],"author":[{"embeddable":true,"href":"https:\/\/akdenizolaygazetesi.com\/index.php?rest_route=\/wp\/v2\/users\/1"}],"replies":[{"embeddable":true,"href":"https:\/\/akdenizolaygazetesi.com\/index.php?rest_route=%2Fwp%2Fv2%2Fcomments&post=1129"}],"version-history":[{"count":0,"href":"https:\/\/akdenizolaygazetesi.com\/index.php?rest_route=\/wp\/v2\/posts\/1129\/revisions"}],"wp:attachment":[{"href":"https:\/\/akdenizolaygazetesi.com\/index.php?rest_route=%2Fwp%2Fv2%2Fmedia&parent=1129"}],"wp:term":[{"taxonomy":"category","embeddable":true,"href":"https:\/\/akdenizolaygazetesi.com\/index.php?rest_route=%2Fwp%2Fv2%2Fcategories&post=1129"},{"taxonomy":"post_tag","embeddable":true,"href":"https:\/\/akdenizolaygazetesi.com\/index.php?rest_route=%2Fwp%2Fv2%2Ftags&post=1129"}],"curies":[{"name":"wp","href":"https:\/\/api.w.org\/{rel}","templated":true}]}}