{"id":11291,"date":"2021-03-12T15:50:37","date_gmt":"2021-03-12T12:50:37","guid":{"rendered":"http:\/\/akdenizolaygazetesi.com\/?p=11291"},"modified":"2021-03-12T15:50:37","modified_gmt":"2021-03-12T12:50:37","slug":"mimozalar-yenisehirde-toprakla-bulustu","status":"publish","type":"post","link":"https:\/\/akdenizolaygazetesi.com\/?p=11291","title":{"rendered":"M\u0130MOZALAR YEN\u0130\u015eEH\u0130R&#8217;DE TOPRAKLA BULU\u015eTU"},"content":{"rendered":"<p>Mimozalar Yeni\u015fehir\u2019de toprakla bulu\u015ftu<br \/>\nMersin Yeni\u015fehir Belediye ile T\u00fcrk \u00dcniversiteli Kad\u0131nlar Derne\u011fi (TUKD)Mersin \u015eubesi, 8 Mart D\u00fcnya<br \/>\nKad\u0131nlar G\u00fcn\u00fc\u2019ne \u00f6zel \u2018Mimoza Kad\u0131nlar Yeti\u015ftiriyoruz\u2019 etkinli\u011fi d\u00fczenledi. Etkinlikte kad\u0131n\u0131n g\u00fcc\u00fcn\u00fc<br \/>\ntemsil eden mimoza fidanlar\u0131n\u0131n dikimi yap\u0131larak, Mimoza Korulu\u011fu olu\u015fturuldu.<br \/>\nMersin Yeni\u015fehir Belediyesi ve T\u00fcrk \u00dcniversiteli Kad\u0131nlar Derne\u011fi Mersin \u015eubesi, 8 Mart D\u00fcnya<br \/>\nKad\u0131nlar G\u00fcn\u00fc\u2019ne \u00f6zel Mimoza fidan\u0131 dikimi yapt\u0131. Zorlu ko\u015fullar kar\u015f\u0131s\u0131nda g\u00fc\u00e7l\u00fc ve diren\u00e7li bir yap\u0131ya<br \/>\nsahip olan ve bu y\u00f6n\u00fcyle kad\u0131n\u0131 simgeleyen mimozalar Yeni\u015fehir\u2019de toprakla bulu\u015ftu. T\u00fcrkan Saylan<br \/>\nPark\u0131\u2019n\u0131n bat\u0131s\u0131ndaki alanda \u2018Mimoza Kad\u0131nlar\u0131 Yeti\u015ftiriyoruz\u2019 slogan\u0131 ile olu\u015fturulan korulukta kad\u0131n\u0131n<br \/>\ng\u00fcc\u00fcn\u00fc temsil eden 67 mimoza fidan\u0131 dikildi. Mimoza fidan dikim etkinli\u011fine Yeni\u015fehir Belediye<br \/>\nBa\u015fkan\u0131 Abdullah \u00d6zyi\u011fit, CHP Yeni\u015fehir \u0130l\u00e7e Ba\u015fkan\u0131 Tayar Tahiro\u011flu, CHP Mersin \u0130l Kad\u0131n Kollar\u0131<br \/>\nBa\u015fkan\u0131 G\u00fcl\u015fah Y\u0131ld\u0131r\u0131m Gen\u00e7, Mersin Kent Konseyi Ba\u015fkan\u0131 Faik Burakgazi, Yeni\u015fehir Kent Konseyi<br \/>\nBa\u015fkan\u0131 Dilek \u00c7ak\u0131r, TUKD \u015eube Ba\u015fkan\u0131 \u015eerife Ar\u0131c\u0131 Y\u0131ld\u0131z, \u00c7BK Mersin Yeni\u015fehir Belediyesi kad\u0131n<br \/>\nbasketbol oyuncular\u0131, siyasi partilerin kad\u0131n temsilcileri, kad\u0131n belediye meclis \u00fcyeleri, kad\u0131n<br \/>\nmuhtarlar ile oda ve sivil toplum kurulu\u015flar\u0131n\u0131n kad\u0131n temsilcileri kat\u0131ld\u0131. Etkinlikte \u00f6ld\u00fcr\u00fclen<br \/>\nkad\u0131nlar\u0131n an\u0131s\u0131na sayg\u0131 duru\u015funda bulunuldu.<br \/>\nYeni\u015fehir Belediye Ba\u015fkan\u0131 Abdullah \u00d6zyi\u011fit, T\u00fcrkan Saylan\u2019\u0131n ad\u0131n\u0131n verildi\u011fi park\u0131n hemen yan\u0131nda<br \/>\nb\u00f6yle bir etkinlik yapmalar\u0131n\u0131n ayr\u0131 bir anlam ta\u015f\u0131d\u0131\u011f\u0131n\u0131 ifade etti. \u00d6zyi\u011fit, \u201cT\u00fcrkan Saylan da t\u0131pk\u0131<br \/>\nmimoza \u00e7i\u00e7e\u011fi gibi direni\u015fin ve ba\u015fkald\u0131r\u0131n\u0131n g\u00fcc\u00fcn\u00fcn sembol\u00fc asl\u0131nda. Onu her birimiz hasta<br \/>\nyata\u011f\u0131nda olmas\u0131na ra\u011fmen diren\u00e7li g\u00fcnlerinde \u00e7ok iyi hat\u0131rl\u0131yoruz. O m\u00fccadeleyi de devam<br \/>\nettiriyoruz.\u201d dedi.<br \/>\n\u201cE\u011fer bir toplumda kad\u0131n belli bir yere gelmemi\u015fse o toplum hi\u00e7bir yere gelmemi\u015f say\u0131l\u0131r.\u201d<br \/>\nBa\u015fkan \u00d6zyi\u011fit, kad\u0131nlara y\u00f6nelik \u015fiddetin ve cinsiyet e\u015fitsizli\u011finin ortadan kalkmas\u0131n\u0131n e\u011fitimle<br \/>\nm\u00fcmk\u00fcn olabilece\u011fini ifade ederek, Yeni\u015fehir Belediyesi olarak bu konuda \u00e7al\u0131\u015fmalar y\u00fcr\u00fctt\u00fcklerini<br \/>\ns\u00f6yledi. E\u011fitim ya\u015f\u0131n\u0131 s\u0131f\u0131ra indirdiklerine dikkat \u00e7eken Ba\u015fkan \u00d6zyi\u011fit, \u201cE\u011fer bir toplumda kad\u0131n belli<br \/>\nbir yere gelmemi\u015fse o toplum hi\u00e7bir yere gelmemi\u015f say\u0131l\u0131r. Biz e\u011fitimde y\u0131llard\u0131r eksik kalan ve<br \/>\nkapa\u011f\u0131 hi\u00e7 a\u00e7\u0131lmayan bir konuyu Yeni\u015fehir Belediyesi olarak g\u00fcndeme getirdik. Yeni\u015fehir Belediyesi<br \/>\nAkademiyi kurduktan sonra 0-3 ya\u015f erken \u00e7ocukluk e\u011fitimini Marmara \u00dcniversitesi ile birlikte<br \/>\nhayata ge\u00e7irdik. B\u00fct\u00fcn \u00e7ocuklar\u0131m\u0131z\u0131n 6 ya\u015f\u0131na gelmeden 0-3 ya\u015f d\u00f6nemdeki zek\u00e2lar\u0131n\u0131n y\u00fczde<br \/>\n70\u2019nin olgunla\u015ft\u0131\u011f\u0131 ve geli\u015fti\u011fi d\u00f6neme m\u00fcdahale ederek T\u00fcrkiye\u2019de bir ilki ba\u015flatt\u0131k. Ve daha sonra<br \/>\nMilli E\u011fitim Bakanl\u0131\u011f\u0131n\u0131n 2023 hedefleri aras\u0131na erken \u00e7ocukluk e\u011fitimini almas\u0131 bizim i\u00e7in \u00e7ok<br \/>\nanlaml\u0131 ve ger\u00e7ekten de bu \u00e7al\u0131\u015fman\u0131n t\u00fcm T\u00fcrkiye\u2019ye mal olmas\u0131n\u0131 hedeflemi\u015ftik ve o hedefe<br \/>\nilerlemesi bizim i\u00e7in \u00e7ok k\u0131ymetli\u201d diye konu\u015ftu.<br \/>\n\u2018K\u0131z \u00e7ocuklar\u0131na e\u011fitim deste\u011fimiz s\u00fcrecek\u2019<br \/>\nDar gelirli vatanda\u015flar\u0131n ya\u015fad\u0131\u011f\u0131 mahallelerdeki \u00e7ocuklar\u0131n e\u011fitimine katk\u0131 sunmak i\u00e7in k\u00fclt\u00fcr<br \/>\nkomplekslerinin temellerini att\u0131klar\u0131n\u0131 ve bu kompleksleri yayg\u0131nla\u015ft\u0131racaklar\u0131n\u0131 kaydeden Ba\u015fkan<br \/>\n\u00d6zyi\u011fit, \u201c\u00d6zellikle k\u0131z \u00e7ocuklar\u0131m\u0131z\u0131n mak\u00fbs talihlerini yenmesi ancak iyi bir e\u011fitimle m\u00fcmk\u00fcn. Bu<br \/>\nkonuda onlara her t\u00fcrl\u00fc deste\u011fimiz olacak, bu mek\u00e2nlar\u0131 kuraca\u011f\u0131z, \u00e7ocuklar\u0131m\u0131z orada \u00e7al\u0131\u015fabilecek,<br \/>\norada e\u011fitim alabilecek, orada dan\u0131\u015fmanlar\u0131 olacak ve o dan\u0131\u015fmanlardan destek alabilecekler. E\u011fitim<br \/>\nko\u015fullar\u0131n\u0131n geri olmamas\u0131n\u0131 sa\u011flamak bizim g\u00f6revimiz. Oradan \u00e7ok say\u0131da T\u00fcrkan Saylanlar<br \/>\n\u00e7\u0131karaca\u011f\u0131m\u0131za ben inan\u0131yorum\u201d diye konu\u015ftu.<br \/>\nT\u00fcrk \u00dcniversiteli Kad\u0131nlar Derne\u011fi Mersin \u015eube Ba\u015fkan\u0131 \u015eerife Ar\u0131c\u0131 Y\u0131ld\u0131z da, \u00fcniversiteli k\u0131z<br \/>\n\u00e7ocuklar\u0131n\u0131n e\u011fitimi konusunda Yeni\u015fehir Belediyesi ile ortak \u00e7al\u0131\u015fmalar y\u00fcr\u00fctt\u00fcklerini dile getrdi.<br \/>\nY\u0131ld\u0131z, \u201cGe\u00e7en y\u0131l 8 Mart\u2019ta Yeni\u015fehir Belediyesi ile ba\u015flatt\u0131\u011f\u0131m\u0131z \u2018 Bir mimoza da sen yeti\u015ftir \u00e7a\u011fr\u0131s\u0131n\u0131n\u2019 d\u00f6n\u00fc\u015fleri ile bu 8 Mart\u2019ta burs etkinli\u011fini ba\u015flat\u0131yoruz. Bug\u00fcn bunun sembol\u00fc olarak<br \/>\nmimoza fidanlar\u0131n\u0131 toprakla bulu\u015fturaca\u011f\u0131z. Bu kampanyam\u0131za destek veren ve belediye<br \/>\ny\u00f6netiminde kad\u0131nlar\u0131n y\u00f6netim becerilerini de\u011ferlendiren Yeni\u015fehir Belediye Ba\u015fkan\u0131m\u0131z Abdullah<br \/>\n\u00d6zyi\u011fit ve y\u00f6netimi ile gurur duyuyoruz. Dikece\u011fimiz mimoza fidanlar\u0131 g\u00fc\u00e7l\u00fc karakteri, ya\u015fama<br \/>\ndirencini, dayan\u0131\u015fmay\u0131 sembolize ediyor. Bu fidanlar\u0131 kad\u0131n m\u00fccadelesi veren t\u00fcm kad\u0131nlar an\u0131s\u0131na<br \/>\ndikiyoruz\u201d dedi.<\/p>\n","protected":false},"excerpt":{"rendered":"<p>Mimozalar Yeni\u015fehir\u2019de toprakla bulu\u015ftu Mersin Yeni\u015fehir Belediye ile T\u00fcrk \u00dcniversiteli Kad\u0131nlar Derne\u011fi (TUKD)Mersin \u015eubesi, 8 Mart D\u00fcnya Kad\u0131nlar G\u00fcn\u00fc\u2019ne \u00f6zel \u2018Mimoza Kad\u0131nlar Yeti\u015ftiriyoruz\u2019 etkinli\u011fi d\u00fczenledi. Etkinlikte kad\u0131n\u0131n g\u00fcc\u00fcn\u00fc temsil eden &hellip; <a href=\"https:\/\/akdenizolaygazetesi.com\/?p=11291\" class=\"more-link\">Devam\u0131n\u0131 Oku&#8230;<\/a><\/p>\n","protected":false},"author":2,"featured_media":11292,"comment_status":"open","ping_status":"open","sticky":false,"template":"","format":"standard","meta":[],"categories":[34,1,2,3,5],"tags":[],"_links":{"self":[{"href":"https:\/\/akdenizolaygazetesi.com\/index.php?rest_route=\/wp\/v2\/posts\/11291"}],"collection":[{"href":"https:\/\/akdenizolaygazetesi.com\/index.php?rest_route=\/wp\/v2\/posts"}],"about":[{"href":"https:\/\/akdenizolaygazetesi.com\/index.php?rest_route=\/wp\/v2\/types\/post"}],"author":[{"embeddable":true,"href":"https:\/\/akdenizolaygazetesi.com\/index.php?rest_route=\/wp\/v2\/users\/2"}],"replies":[{"embeddable":true,"href":"https:\/\/akdenizolaygazetesi.com\/index.php?rest_route=%2Fwp%2Fv2%2Fcomments&post=11291"}],"version-history":[{"count":1,"href":"https:\/\/akdenizolaygazetesi.com\/index.php?rest_route=\/wp\/v2\/posts\/11291\/revisions"}],"predecessor-version":[{"id":11293,"href":"https:\/\/akdenizolaygazetesi.com\/index.php?rest_route=\/wp\/v2\/posts\/11291\/revisions\/11293"}],"wp:featuredmedia":[{"embeddable":true,"href":"https:\/\/akdenizolaygazetesi.com\/index.php?rest_route=\/wp\/v2\/media\/11292"}],"wp:attachment":[{"href":"https:\/\/akdenizolaygazetesi.com\/index.php?rest_route=%2Fwp%2Fv2%2Fmedia&parent=11291"}],"wp:term":[{"taxonomy":"category","embeddable":true,"href":"https:\/\/akdenizolaygazetesi.com\/index.php?rest_route=%2Fwp%2Fv2%2Fcategories&post=11291"},{"taxonomy":"post_tag","embeddable":true,"href":"https:\/\/akdenizolaygazetesi.com\/index.php?rest_route=%2Fwp%2Fv2%2Ftags&post=11291"}],"curies":[{"name":"wp","href":"https:\/\/api.w.org\/{rel}","templated":true}]}}