{"id":11302,"date":"2021-03-13T15:59:22","date_gmt":"2021-03-13T12:59:22","guid":{"rendered":"http:\/\/akdenizolaygazetesi.com\/?p=11302"},"modified":"2021-03-13T15:59:22","modified_gmt":"2021-03-13T12:59:22","slug":"esnaftan-baskan-secere-hizmet-tesekkuru","status":"publish","type":"post","link":"https:\/\/akdenizolaygazetesi.com\/?p=11302","title":{"rendered":"ESNAFTAN BA\u015eKAN SE\u00c7ER\u2019E \u2018H\u0130ZMET\u2019 TE\u015eEKK\u00dcR\u00dc"},"content":{"rendered":"<p>Ba\u015fkan Se\u00e7er, B\u00fcy\u00fck\u015fehir Belediyesi ekipleri taraf\u0131ndan Akdeniz \u0130l\u00e7esi Cengiz Topel Caddesi\u2019nde y\u00fcr\u00fct\u00fclen alt ve \u00fcst yap\u0131 \u00e7al\u0131\u015fmalar\u0131n\u0131 yerinde inceledi. \u00c7al\u0131\u015fma sahas\u0131nda b\u00f6lge sakinleri taraf\u0131ndan davul ve zurna ile kar\u015f\u0131lanan Ba\u015fkan Se\u00e7er, incelemelerinin ard\u0131ndan esnaf\u0131 ziyaret ederek \u201chay\u0131rl\u0131 i\u015fler\u201d dile\u011finde bulundu.<\/p>\n<p>MERS\u0130N(FOTO\u011eRAFLI-G\u00d6R\u00dcNT\u00dcL\u00dc)<\/p>\n<p>Mersin B\u00fcy\u00fck\u015fehir Belediyesi Yol Yap\u0131m Bak\u0131m ve Onar\u0131m Dairesi taraf\u0131ndan Akdeniz il\u00e7esi Cengiz Topel Caddesi\u2019nde ba\u015flat\u0131lan alt ve \u00fcst yap\u0131 \u00e7al\u0131\u015fmalar\u0131 s\u00fcratle devam ediyor. Mersin B\u00fcy\u00fck\u015fehir Belediye Ba\u015fkan\u0131 Vahap Se\u00e7er, ekipler taraf\u0131ndan y\u00fcr\u00fct\u00fclen \u00e7al\u0131\u015fma sahas\u0131n\u0131 ziyaret ederek, incelemelerde bulundu. Toplam 1300 metrelik bir alana sahip caddede \u00e7al\u0131\u015fmalar\u0131n 4 etap \u015feklinde y\u00fcr\u00fct\u00fclerek tamamlanmas\u0131 planlan\u0131yor.<\/p>\n<p>Ba\u015fkan Se\u00e7er, davul ve zurna ile kar\u015f\u0131land\u0131<\/p>\n<p>Mersin\u2019i modern bir yap\u0131 kavu\u015fturmak amac\u0131yla kent genelinde y\u00fcr\u00fct\u00fclen \u00e7al\u0131\u015fmalar halk\u0131n takdirini kazan\u0131yor. \u00c7al\u0131\u015fmalar\u0131n s\u00fcrd\u00fc\u011f\u00fc sahay\u0131 ziyaret eden Ba\u015fkan Se\u00e7er, b\u00f6lge sakinleri taraf\u0131ndan davul ve zurna ile kar\u015f\u0131land\u0131. Vatanda\u015flar, Ba\u015fkan Se\u00e7er\u2019e hizmetlerinden dolay\u0131 te\u015fekk\u00fcr etti.<\/p>\n<p>Esnaftan da Ba\u015fkan Se\u00e7er\u2019e te\u015fekk\u00fcr<\/p>\n<p>Ba\u015fkan Se\u00e7er, \u00e7al\u0131\u015fma sahas\u0131nda yapt\u0131\u011f\u0131 incelemelerin ard\u0131ndan b\u00f6lge esnaf\u0131n\u0131 da ziyaret etti. Se\u00e7er, pandemide ekonomik olarak zorlu g\u00fcnler ge\u00e7iren esnaf\u0131 selamlay\u0131p \u201chay\u0131rl\u0131 i\u015fler\u201d dile\u011finde bulundu. B\u00fcy\u00fck\u015fehir Belediyesi ekipleri taraf\u0131ndan Cengiz Topel Caddesi\u2019nde y\u00fcr\u00fct\u00fclen \u00e7al\u0131\u015fmaya ili\u015fkin bir esnaf, Ba\u015fkan Se\u00e7er\u2019e te\u015fekk\u00fcr ederek, \u201c30 y\u0131ld\u0131r kimse buraya el atmad\u0131, siz geldiniz oldu\u201d dedi.<\/p>\n","protected":false},"excerpt":{"rendered":"<p>Ba\u015fkan Se\u00e7er, B\u00fcy\u00fck\u015fehir Belediyesi ekipleri taraf\u0131ndan Akdeniz \u0130l\u00e7esi Cengiz Topel Caddesi\u2019nde y\u00fcr\u00fct\u00fclen alt ve \u00fcst yap\u0131 \u00e7al\u0131\u015fmalar\u0131n\u0131 yerinde inceledi. \u00c7al\u0131\u015fma sahas\u0131nda b\u00f6lge sakinleri taraf\u0131ndan davul ve zurna ile kar\u015f\u0131lanan Ba\u015fkan &hellip; <a href=\"https:\/\/akdenizolaygazetesi.com\/?p=11302\" class=\"more-link\">Devam\u0131n\u0131 Oku&#8230;<\/a><\/p>\n","protected":false},"author":2,"featured_media":11303,"comment_status":"open","ping_status":"open","sticky":false,"template":"","format":"standard","meta":[],"categories":[34,1,2,3,5],"tags":[],"_links":{"self":[{"href":"https:\/\/akdenizolaygazetesi.com\/index.php?rest_route=\/wp\/v2\/posts\/11302"}],"collection":[{"href":"https:\/\/akdenizolaygazetesi.com\/index.php?rest_route=\/wp\/v2\/posts"}],"about":[{"href":"https:\/\/akdenizolaygazetesi.com\/index.php?rest_route=\/wp\/v2\/types\/post"}],"author":[{"embeddable":true,"href":"https:\/\/akdenizolaygazetesi.com\/index.php?rest_route=\/wp\/v2\/users\/2"}],"replies":[{"embeddable":true,"href":"https:\/\/akdenizolaygazetesi.com\/index.php?rest_route=%2Fwp%2Fv2%2Fcomments&post=11302"}],"version-history":[{"count":1,"href":"https:\/\/akdenizolaygazetesi.com\/index.php?rest_route=\/wp\/v2\/posts\/11302\/revisions"}],"predecessor-version":[{"id":11304,"href":"https:\/\/akdenizolaygazetesi.com\/index.php?rest_route=\/wp\/v2\/posts\/11302\/revisions\/11304"}],"wp:featuredmedia":[{"embeddable":true,"href":"https:\/\/akdenizolaygazetesi.com\/index.php?rest_route=\/wp\/v2\/media\/11303"}],"wp:attachment":[{"href":"https:\/\/akdenizolaygazetesi.com\/index.php?rest_route=%2Fwp%2Fv2%2Fmedia&parent=11302"}],"wp:term":[{"taxonomy":"category","embeddable":true,"href":"https:\/\/akdenizolaygazetesi.com\/index.php?rest_route=%2Fwp%2Fv2%2Fcategories&post=11302"},{"taxonomy":"post_tag","embeddable":true,"href":"https:\/\/akdenizolaygazetesi.com\/index.php?rest_route=%2Fwp%2Fv2%2Ftags&post=11302"}],"curies":[{"name":"wp","href":"https:\/\/api.w.org\/{rel}","templated":true}]}}